{"id":342655,"date":"2025-08-25T11:09:11","date_gmt":"2025-08-25T11:09:11","guid":{"rendered":"https:\/\/www.europesays.com\/fr\/342655\/"},"modified":"2025-08-25T11:09:11","modified_gmt":"2025-08-25T11:09:11","slug":"cela-me-fait-de-la-peine-camille-lellouche-pas-vraiment-appreciee-par-cette-celebre-chanteuse-a-cause-dun-sketch","status":"publish","type":"post","link":"https:\/\/www.europesays.com\/fr\/342655\/","title":{"rendered":"\u00ab\u00a0Cela me fait de la peine\u00a0\u00bb\u00a0: Camille Lellouche pas vraiment appr\u00e9ci\u00e9e par cette c\u00e9l\u00e8bre chanteuse \u00e0 cause d&rsquo;un sketch"},"content":{"rendered":"<p class=\"ap-StoryElement ap-StoryElement--mb ap-StoryText\">R\u00e9v\u00e9l\u00e9e au grand public par sa participation \u00e0 The Voice en 2015, Camille Lellouche est une artiste multiple qui s&rsquo;illustre tant dans la musique que dans l&rsquo;humour et au cin\u00e9ma. Avant de faire entendre sa voix \u00e0 travers la chanson, elle avait d&rsquo;ailleurs d\u00e9j\u00e0 d\u00e9voil\u00e9 des capsules humoristiques sur sa cha\u00eene YouTube. En 2017, elle \u00e9tait une chroniqueuse r\u00e9guli\u00e8re de Quotidien, o\u00f9 elle incarnait la s\u00e9quence \u00ab\u00a0Face Cam\u00a0\u00bb.<\/p>\n<p class=\"ap-StoryElement ap-StoryElement--mb ap-StoryText\">\u00c0 cette p\u00e9riode, Camille Lellouche a incarn\u00e9 divers personnages publics sur le petit \u00e9cran, en adoptant leurs traits physiques et leurs mimiques pour les parodier. Politiciens, acteurs, musiciens et bien d&rsquo;autres personnalit\u00e9s ont fait l&rsquo;objet de ces sketchs. Et si ceux-ci ont g\u00e9n\u00e9ralement \u00e9t\u00e9 bien re\u00e7us par les principaux concern\u00e9s, ce n&rsquo;est pas le cas de tout le monde.<\/p>\n","protected":false},"excerpt":{"rendered":"R\u00e9v\u00e9l\u00e9e au grand public par sa participation \u00e0 The Voice en 2015, Camille Lellouche est une artiste multiple&hellip;\n","protected":false},"author":2,"featured_media":342656,"comment_status":"","ping_status":"","sticky":false,"template":"","format":"standard","meta":{"footnotes":""},"categories":[1355],"tags":[35953,58,59,1011,27,1361,873,13995,1404,47881],"class_list":{"0":"post-342655","1":"post","2":"type-post","3":"status-publish","4":"format-standard","5":"has-post-thumbnail","7":"category-musique","8":"tag-camille-lellouche","9":"tag-divertissement","10":"tag-entertainment","11":"tag-fr","12":"tag-france","13":"tag-music","14":"tag-musique","15":"tag-mylene-farmer","16":"tag-quotidien","17":"tag-sketch"},"share_on_mastodon":{"url":"https:\/\/pubeurope.com\/@fr\/115089097831252996","error":""},"_links":{"self":[{"href":"https:\/\/www.europesays.com\/fr\/wp-json\/wp\/v2\/posts\/342655","targetHints":{"allow":["GET"]}}],"collection":[{"href":"https:\/\/www.europesays.com\/fr\/wp-json\/wp\/v2\/posts"}],"about":[{"href":"https:\/\/www.europesays.com\/fr\/wp-json\/wp\/v2\/types\/post"}],"author":[{"embeddable":true,"href":"https:\/\/www.europesays.com\/fr\/wp-json\/wp\/v2\/users\/2"}],"replies":[{"embeddable":true,"href":"https:\/\/www.europesays.com\/fr\/wp-json\/wp\/v2\/comments?post=342655"}],"version-history":[{"count":0,"href":"https:\/\/www.europesays.com\/fr\/wp-json\/wp\/v2\/posts\/342655\/revisions"}],"wp:featuredmedia":[{"embeddable":true,"href":"https:\/\/www.europesays.com\/fr\/wp-json\/wp\/v2\/media\/342656"}],"wp:attachment":[{"href":"https:\/\/www.europesays.com\/fr\/wp-json\/wp\/v2\/media?parent=342655"}],"wp:term":[{"taxonomy":"category","embeddable":true,"href":"https:\/\/www.europesays.com\/fr\/wp-json\/wp\/v2\/categories?post=342655"},{"taxonomy":"post_tag","embeddable":true,"href":"https:\/\/www.europesays.com\/fr\/wp-json\/wp\/v2\/tags?post=342655"}],"curies":[{"name":"wp","href":"https:\/\/api.w.org\/{rel}","templated":true}]}}