{"id":342659,"date":"2025-08-25T11:11:09","date_gmt":"2025-08-25T11:11:09","guid":{"rendered":"https:\/\/www.europesays.com\/fr\/342659\/"},"modified":"2025-08-25T11:11:09","modified_gmt":"2025-08-25T11:11:09","slug":"des-experts-du-sommeil-donnent-leurs-meilleurs-conseils-pour-mieux-dormir-cette-nuit-et-toutes-les-suivantes","status":"publish","type":"post","link":"https:\/\/www.europesays.com\/fr\/342659\/","title":{"rendered":"Des experts du sommeil donnent leurs meilleurs conseils pour mieux dormir cette nuit (et toutes les suivantes)"},"content":{"rendered":"<p class=\"p1\">Nuits agit\u00e9es, temps d\u2019endormissement long\u2026 Certains peinent \u00e0 trouver le repos dans leur chambre \u00e0 coucher. De nombreux conseils circulent, mais qu\u2019en disent les sp\u00e9cialistes du sommeil ? <\/p>\n<p class=\"p1\">Dans les colonnes de <a href=\"https:\/\/www.mindbodygreen.com\/articles\/5-expert-backed-ways-to-sleep-deeper-tonight-and-every-night-1-we-could-all-use-a-go-to-cortisol-lowering-habit?srsltid=AfmBOooRCvbpzVOy_QG8Z36EyBgTaSh4yaIkwZZafwEESepzhBwvEniV\" target=\"_blank\" rel=\"noopener nofollow\">Mindbodygreen<\/a>, des experts et expertes ont donn\u00e9 leurs recommandations pour mieux dormir, notamment leurs habitudes avant de se coucher. <\/p>\n<p>Veiller \u00e0 r\u00e9duire son taux de cortisol<\/p>\n<p class=\"p1\">La dermatologue et psychiatre Amy Wechsler s\u2019int\u00e9resse \u00e0 son <a href=\"https:\/\/www.marieclaire.fr\/cortisol-comment-trouver-bon-equilibre,1486173.asp\" title=\"Taux de cortisol\u00a0: comment trouver le bon \u00e9quilibre\u00a0?\" class=\"internal\" rel=\"nofollow noopener\" target=\"_blank\">taux de cortisol<\/a>. Si celui-ci lui semble \u00e9lev\u00e9, c\u2019est-\u00e0-dire que son c\u0153ur s\u2019acc\u00e9l\u00e8re ou que son flot de pens\u00e9es est agit\u00e9, elle r\u00e9agit. <\/p>\n<p class=\"p1\">\u00ab\u00a0Je sais que nous gu\u00e9rissons pendant notre sommeil lorsque notre cortisol est \u00e0 son niveau le plus bas\u00a0\u00bb, dit-elle. Pour retrouver le calme, elle pratique\u00a0<strong>des exercices de respiration abdominale<\/strong>. <\/p>\n<p class=\"p1\">Cette m\u00e9thode n\u2019est pas la seule \u00e0 avoir fait ses preuves puisque <a href=\"https:\/\/www.marieclaire.fr\/meditation-pleine-conscience-differences,1487266.asp\" title=\"M\u00e9ditation et pleine conscience\u00a0: comment les diff\u00e9rencier\u00a0?\" class=\"internal\" rel=\"nofollow noopener\" target=\"_blank\">la m\u00e9ditation<\/a> ou la tenue d\u2019un journal, pour y coucher ses pens\u00e9es n\u00e9gatives, sont tout aussi efficaces. <\/p>\n<p>Lire aussi<\/p>\n<p>\t\t\t<a class=\"ContextualLinks-link\" href=\"https:\/\/www.marieclaire.fr\/sommeil-deregle-comment-retrouver-rythme-sain-conseils,1498004.asp\" rel=\"nofollow noopener\" target=\"_blank\">Votre sommeil est d\u00e9r\u00e9gl\u00e9\u00a0? Voici comment retrouver un rythme normal selon des m\u00e9decins<\/a>\t<\/p>\n<p>Instaurer une r\u00e9gularit\u00e9 <\/p>\n<p class=\"p1\">Se coucher chaque jour \u00e0 la m\u00eame heure, dans la mesure du possible, est aussi essentiel. En r\u00e9alit\u00e9, il existerait de v\u00e9ritables cr\u00e9neaux qui nous seraient b\u00e9n\u00e9fiques. L\u2019acupunctrice Snow Xia explique \u00e0 Mindbodygreen que <strong>se coucher avant 23 heures est id\u00e9al<\/strong>. <\/p>\n<p class=\"p1\">\u00ab\u00a0Selon l\u2019horloge biologique de la m\u00e9decine traditionnelle chinoise, certains des syst\u00e8mes organiques les plus importants effectuent leur d\u00e9toxication et leur r\u00e9g\u00e9n\u00e9ration habituelles entre 21 heures et 5 heures du matin. Il est donc pr\u00e9f\u00e9rable de ne pas manger apr\u00e8s 21 heures et de se coucher avant 23 heures\u00a0\u00bb, explique-t-elle. <\/p>\n<p>Scruter son sommeil <\/p>\n<p class=\"p1\">La technologie permet aujourd\u2019hui de <strong>collecter des donn\u00e9es sur le temps pass\u00e9 dans les diff\u00e9rentes phases du sommeil<\/strong>, le plus souvent via des montres connect\u00e9es. <\/p>\n<p class=\"p1\">La d\u00e9marche est int\u00e9ressante pour mieux \u00e9valuer la qualit\u00e9 de ses nuits et peut vous guider pour identifier le temps dont vous avez besoin dans chaque phase. Jill Carnahan, m\u00e9decin sp\u00e9cialis\u00e9e en m\u00e9decine fonctionnelle, l\u2019a adopt\u00e9e.\u00a0<\/p>\n<p class=\"p1\">Elle explique : \u00ab\u00a0Mon objectif est de m\u2019endormir en moins de 5 \u00e0 10 minutes et de passer 25 \u00e0 40% de la nuit en <a href=\"https:\/\/www.marieclaire.fr\/sommeil-profond-duree-ideale,1455732.asp\" title=\"Quelle est la dur\u00e9e de sommeil profond id\u00e9ale pour \u00eatre en forme au r\u00e9veil\u00a0?\" class=\"internal\" rel=\"nofollow noopener\" target=\"_blank\">sommeil profond<\/a> et 15 \u00e0 25% en sommeil paradoxal. Avec mon tracker, je sais que je dors souvent mieux avant 1 heure du matin et que mon sommeil paradoxal est le plus profond entre 3 et 6 heures du matin, donc si je me couche trop tard, cela r\u00e9duit mon sommeil profond, et si je me l\u00e8ve trop t\u00f4t, je perds du sommeil paradoxal\u00a0\u00bb.<\/p>\n<p>Essayer les compl\u00e9ments alimentaires <\/p>\n<p class=\"p1\">D\u2019apr\u00e8s certains experts, les comprim\u00e9s de <a href=\"https:\/\/www.marieclaire.fr\/profils-types-complement-magnesium-besoin,1495913.asp\" title=\"Les trois profils qui ont le plus besoin de faire une cure de magn\u00e9sium\" class=\"internal\" rel=\"nofollow noopener\" target=\"_blank\">magn\u00e9sium<\/a> pris avant l\u2019heure du coucher peuvent favoriser la relaxation et un endormissement plus rapide. La m\u00e9latonine aurait \u00e9galement fait ses preuves. <\/p>\n<p class=\"p1\">Avant d\u2019en consommer, prenez conseil aupr\u00e8s des professionnels de sant\u00e9.<\/p>\n<p>Lire aussi<\/p>\n<p>\t\t\t<a class=\"ContextualLinks-link\" href=\"https:\/\/www.marieclaire.fr\/erreurs-a-ne-pas-faire-apres-insomnie,1497481.asp\" rel=\"nofollow noopener\" target=\"_blank\">Toutes ces erreurs que vous faites s\u00fbrement apr\u00e8s une mauvaise nuit de sommeil<\/a>\t<\/p>\n","protected":false},"excerpt":{"rendered":"Nuits agit\u00e9es, temps d\u2019endormissement long\u2026 Certains peinent \u00e0 trouver le repos dans leur chambre \u00e0 coucher. De nombreux&hellip;\n","protected":false},"author":2,"featured_media":342660,"comment_status":"","ping_status":"","sticky":false,"template":"","format":"standard","meta":{"footnotes":""},"categories":[10],"tags":[1011,27,72,71],"class_list":{"0":"post-342659","1":"post","2":"type-post","3":"status-publish","4":"format-standard","5":"has-post-thumbnail","7":"category-sante","8":"tag-fr","9":"tag-france","10":"tag-health","11":"tag-sante"},"share_on_mastodon":{"url":"https:\/\/pubeurope.com\/@fr\/115089105486778020","error":""},"_links":{"self":[{"href":"https:\/\/www.europesays.com\/fr\/wp-json\/wp\/v2\/posts\/342659","targetHints":{"allow":["GET"]}}],"collection":[{"href":"https:\/\/www.europesays.com\/fr\/wp-json\/wp\/v2\/posts"}],"about":[{"href":"https:\/\/www.europesays.com\/fr\/wp-json\/wp\/v2\/types\/post"}],"author":[{"embeddable":true,"href":"https:\/\/www.europesays.com\/fr\/wp-json\/wp\/v2\/users\/2"}],"replies":[{"embeddable":true,"href":"https:\/\/www.europesays.com\/fr\/wp-json\/wp\/v2\/comments?post=342659"}],"version-history":[{"count":0,"href":"https:\/\/www.europesays.com\/fr\/wp-json\/wp\/v2\/posts\/342659\/revisions"}],"wp:featuredmedia":[{"embeddable":true,"href":"https:\/\/www.europesays.com\/fr\/wp-json\/wp\/v2\/media\/342660"}],"wp:attachment":[{"href":"https:\/\/www.europesays.com\/fr\/wp-json\/wp\/v2\/media?parent=342659"}],"wp:term":[{"taxonomy":"category","embeddable":true,"href":"https:\/\/www.europesays.com\/fr\/wp-json\/wp\/v2\/categories?post=342659"},{"taxonomy":"post_tag","embeddable":true,"href":"https:\/\/www.europesays.com\/fr\/wp-json\/wp\/v2\/tags?post=342659"}],"curies":[{"name":"wp","href":"https:\/\/api.w.org\/{rel}","templated":true}]}}