{"id":342661,"date":"2025-08-25T11:12:10","date_gmt":"2025-08-25T11:12:10","guid":{"rendered":"https:\/\/www.europesays.com\/fr\/342661\/"},"modified":"2025-08-25T11:12:10","modified_gmt":"2025-08-25T11:12:10","slug":"dani-ceballos-veut-venir-a-lom","status":"publish","type":"post","link":"https:\/\/www.europesays.com\/fr\/342661\/","title":{"rendered":"Dani Ceballos veut venir \u00e0 l\u2019OM"},"content":{"rendered":"<p>Triple vainqueur de la Ligue des Champions, <a href=\"https:\/\/www.footmercato.net\/joueur\/dani-ceballos\/\" rel=\"nofollow noopener\" target=\"_blank\">Dani Ceballos<\/a> est entr\u00e9 en jeu \u00e0 4 minutes de la fin en entrant en jeu avec le <a href=\"https:\/\/www.footmercato.net\/club\/real-madrid\/\" rel=\"nofollow noopener\" target=\"_blank\">Real Madrid<\/a> hier contre Oviedo (3-0). Le dernier match de l\u2019international espagnol au sein de la Casa Blanca ? Le joueur sous contrat jusqu\u2019en juin 2027 avec les Merengues s\u2019est fendu du message \u00ab\u00a0Last Dance\u00a0\u00bb (derni\u00e8re danse) sur ses r\u00e9seaux sociaux. <\/p>\n<p>            La suite apr\u00e8s cette publicit\u00e9<\/p>\n<p>De quoi entrevoir un d\u00e9part et sans doute du c\u00f4t\u00e9 de l\u2019Olympique de Marseille. Comme r\u00e9v\u00e9l\u00e9 plus t\u00f4t dans la matin\u00e9e, <a href=\"https:\/\/www.footmercato.net\/a94960460873105864-lom-tente-le-gros-coup-dani-ceballos\" rel=\"nofollow noopener\" target=\"_blank\">la possibilit\u00e9 est r\u00e9elle et des discussions sont en cours<\/a>. Selon nos informations, le milieu de terrain de 29 ans veut rejoindre le club phoc\u00e9en. Dani Ceballos \u00e0 l\u2019OM, voil\u00e0 de quoi r\u00e9galer les supporters marseillais qui r\u00eavent d\u2019une fin de mercato caliente. <\/p>\n<p>\n    Pub. le 25\/08\/2025 11:45<br \/>\n            &#8211; MAJ le 25\/08\/2025 13:07\n    <\/p>\n","protected":false},"excerpt":{"rendered":"Triple vainqueur de la Ligue des Champions, Dani Ceballos est entr\u00e9 en jeu \u00e0 4 minutes de la&hellip;\n","protected":false},"author":2,"featured_media":342662,"comment_status":"","ping_status":"","sticky":false,"template":"","format":"standard","meta":{"footnotes":""},"categories":[9],"tags":[1011,27,60],"class_list":{"0":"post-342661","1":"post","2":"type-post","3":"status-publish","4":"format-standard","5":"has-post-thumbnail","7":"category-sports","8":"tag-fr","9":"tag-france","10":"tag-sports"},"share_on_mastodon":{"url":"https:\/\/pubeurope.com\/@fr\/115089109433775964","error":""},"_links":{"self":[{"href":"https:\/\/www.europesays.com\/fr\/wp-json\/wp\/v2\/posts\/342661","targetHints":{"allow":["GET"]}}],"collection":[{"href":"https:\/\/www.europesays.com\/fr\/wp-json\/wp\/v2\/posts"}],"about":[{"href":"https:\/\/www.europesays.com\/fr\/wp-json\/wp\/v2\/types\/post"}],"author":[{"embeddable":true,"href":"https:\/\/www.europesays.com\/fr\/wp-json\/wp\/v2\/users\/2"}],"replies":[{"embeddable":true,"href":"https:\/\/www.europesays.com\/fr\/wp-json\/wp\/v2\/comments?post=342661"}],"version-history":[{"count":0,"href":"https:\/\/www.europesays.com\/fr\/wp-json\/wp\/v2\/posts\/342661\/revisions"}],"wp:featuredmedia":[{"embeddable":true,"href":"https:\/\/www.europesays.com\/fr\/wp-json\/wp\/v2\/media\/342662"}],"wp:attachment":[{"href":"https:\/\/www.europesays.com\/fr\/wp-json\/wp\/v2\/media?parent=342661"}],"wp:term":[{"taxonomy":"category","embeddable":true,"href":"https:\/\/www.europesays.com\/fr\/wp-json\/wp\/v2\/categories?post=342661"},{"taxonomy":"post_tag","embeddable":true,"href":"https:\/\/www.europesays.com\/fr\/wp-json\/wp\/v2\/tags?post=342661"}],"curies":[{"name":"wp","href":"https:\/\/api.w.org\/{rel}","templated":true}]}}