{"id":342663,"date":"2025-08-25T11:13:10","date_gmt":"2025-08-25T11:13:10","guid":{"rendered":"https:\/\/www.europesays.com\/fr\/342663\/"},"modified":"2025-08-25T11:13:10","modified_gmt":"2025-08-25T11:13:10","slug":"cest-ce-que-je-merite-nicolas-demorand-gene-malaise-pour-la-premiere-chronique-de-marie-sinfiltre","status":"publish","type":"post","link":"https:\/\/www.europesays.com\/fr\/342663\/","title":{"rendered":"\u00ab\u00a0C&rsquo;est ce que je m\u00e9rite\u2026\u00a0\u00bb : Nicolas Demorand g\u00ean\u00e9, malaise pour la premi\u00e8re chronique de Marie s&rsquo;infiltre"},"content":{"rendered":"<p>Un nouveau chapitre s\u2019ouvre pour la matinale de <a href=\"https:\/\/www.closermag.fr\/tag\/france-inter\" target=\"_blank\" rel=\"noopener\">France Inter<\/a>\u00a0!<br \/>\nCe lundi 25 ao\u00fbt, <a href=\"https:\/\/www.closermag.fr\/people\/nicolas-demorand-au-bout-du-rouleau-en-corse-ce-moment-bouleversant-vecu-avec-lea-salame-et-raphael-glucksmann-3566571\" target=\"_blank\" rel=\"noopener\"><br \/>\nNicolas Demorand<\/a> a <strong>accueilli pour la premi\u00e8re fois<br \/>\nl\u2019humoriste<\/strong> <a href=\"https:\/\/www.closermag.fr\/people\/marie-s-infiltre-l-humoriste-evoque-sa-video-sur-les-influenceurs-a-dubai-qui-a-fait-polemique-1293055#item=1\" target=\"_blank\" rel=\"noopener\"><br \/>\nMarie s\u2019infiltre<\/a>, de son vrai nom Marie Benoliel, recrut\u00e9e pour<br \/>\nla saison 2025-2026 en compensation du d\u00e9part de Lison Daniel, en<br \/>\nfin de saison derni\u00e8re.<\/p>\n<p>L\u2019humoriste de 33 ans a \u00e9t\u00e9 introduite \u00e0 l\u2019antenne \u00e0 8h58<br \/>\npr\u00e9cises, mais <strong>son entr\u00e9e en sc\u00e8ne ne s\u2019est pas pass\u00e9e<br \/>\ncomme pr\u00e9vu.<\/strong> Alors que Nicolas Demorand pensait que son<br \/>\nannonce serait suivie d\u2019un jingle, le studio de France Inter s\u2019est<br \/>\nretrouv\u00e9 plong\u00e9 dans <strong>un silence g\u00eanant.<\/strong> \u00ab\u00a0Il<br \/>\nest 8h58\u2026 Et non, <strong>il n\u2019y a pas de jingle pour<br \/>\nvous\u00a0!\u00a0\u00bb,<\/strong> a lanc\u00e9 l\u2019ex-duo de <a href=\"https:\/\/www.closermag.fr\/people\/lea-salame-sexy-en-corse-soutien-gorge-en-dentelle-apparent-elle-savoure-ses-derniers-jours-dete-avant-sa-rentree-agitee-3572724\" target=\"_blank\" rel=\"noopener\"><br \/>\nL\u00e9a Salam\u00e9<\/a>, terriblement g\u00ean\u00e9.<\/p>\n<p>\u00ab\u00a0Evidemment c\u2019est ce que je m\u00e9rite\u00a0\u00bb<\/p>\n<p>Bien qu\u2019un peu mal \u00e0 l\u2019aise, <strong>Marie s\u2019infiltre a tourn\u00e9<br \/>\nla situation \u00e0 l\u2019humour.<\/strong> \u00ab\u00a0Evidemment, \u00e9videmment c\u2019est<br \/>\nce que je m\u00e9rite\u00a0\u00bb, a-t-elle r\u00e9pliqu\u00e9 avant de se lancer tant<br \/>\nbien que mal dans sa premi\u00e8re chronique.<\/p>\n<p>Et quelle chronique\u00a0! Profitant de son temps de parole,<br \/>\nl\u2019humoriste connue pour ses vid\u00e9os satiriques sur les r\u00e9seaux<br \/>\nsociaux s\u2019est avou\u00e9e <strong>tr\u00e8s angoiss\u00e9e par son arriv\u00e9e sur les<br \/>\nondes de France Inter.<\/strong><\/p>\n<p>Une premi\u00e8re riche en \u00e9motion pour<br \/>\nMarie s\u2019infiltre<\/p>\n<p>\u00ab\u00a0Hier, en relisant pour la 70e fois ce joli texte<br \/>\nparfait, on m&rsquo;a fait une remarque dessus, un micro-d\u00e9tail, et<br \/>\n<strong>j&rsquo;ai commenc\u00e9 \u00e0 chialer,<\/strong> a-t-elle avou\u00e9.<br \/>\nComme un gros b\u00e9b\u00e9 Cadum avec morve au nez et roulage par<br \/>\nterre. \u2018C&rsquo;est pas dr\u00f4le, c&rsquo;est \u00e0 chier !\u2019 C&rsquo;est alors que j&rsquo;ai<br \/>\ncompris que, sous couvert de n&rsquo;en avoir rien \u00e0 foutre du regard des<br \/>\nautres, Madame culot qui fait des f*** \u00e0 tout le monde, en fait,<br \/>\n<strong>j&rsquo;\u00e9tais terrifi\u00e9e de d\u00e9plaire, de ne pas \u00eatre \u00e0 la<br \/>\nhauteur.\u00a0\u00bb<\/strong><\/p>\n<p>Elle a toutefois fini sur un message d\u2019espoir. \u00ab\u00a0On y est. Je<br \/>\nte parle donc \u00e0 toi. Et tu vois bien, j&rsquo;ai encore \u00e0 nouveau envie<br \/>\nde pleurer. Mais plus parce que j&rsquo;ai peur, parce que j&rsquo;ai envie de<br \/>\nte parler directement. Toi, qui as peut-\u00eatre la trouille aussi, et<br \/>\nqui cherches cette reconnaissance. Toi qui as peut-\u00eatre peur du<br \/>\nlundi matin, de la rentr\u00e9e, de ton boss, de la fin de l&rsquo;\u00e9t\u00e9, de<br \/>\ncette chronique que tu trouves \u00e0 chier\u2026 (\u2026) <strong>Viens, je<br \/>\nt&#8217;emm\u00e8ne les lundis matins sur mon v\u00e9lo pour te parler directement.<br \/>\nOn remplacera notre peur par l&rsquo;envie.\u00a0\u00bb<\/strong> Pour une<br \/>\npremi\u00e8re, \u00e7a, c\u2019est une premi\u00e8re !<\/p>\n","protected":false},"excerpt":{"rendered":"Un nouveau chapitre s\u2019ouvre pour la matinale de France Inter\u00a0! Ce lundi 25 ao\u00fbt, Nicolas Demorand a accueilli&hellip;\n","protected":false},"author":2,"featured_media":342664,"comment_status":"","ping_status":"","sticky":false,"template":"","format":"standard","meta":{"footnotes":""},"categories":[8],"tags":[548,58,59,1011,27,9102,3776],"class_list":{"0":"post-342663","1":"post","2":"type-post","3":"status-publish","4":"format-standard","5":"has-post-thumbnail","7":"category-divertissement","8":"tag-article-simple","9":"tag-divertissement","10":"tag-entertainment","11":"tag-fr","12":"tag-france","13":"tag-france-inter","14":"tag-nicolas-demorand"},"share_on_mastodon":{"url":"https:\/\/pubeurope.com\/@fr\/115089113333440133","error":""},"_links":{"self":[{"href":"https:\/\/www.europesays.com\/fr\/wp-json\/wp\/v2\/posts\/342663","targetHints":{"allow":["GET"]}}],"collection":[{"href":"https:\/\/www.europesays.com\/fr\/wp-json\/wp\/v2\/posts"}],"about":[{"href":"https:\/\/www.europesays.com\/fr\/wp-json\/wp\/v2\/types\/post"}],"author":[{"embeddable":true,"href":"https:\/\/www.europesays.com\/fr\/wp-json\/wp\/v2\/users\/2"}],"replies":[{"embeddable":true,"href":"https:\/\/www.europesays.com\/fr\/wp-json\/wp\/v2\/comments?post=342663"}],"version-history":[{"count":0,"href":"https:\/\/www.europesays.com\/fr\/wp-json\/wp\/v2\/posts\/342663\/revisions"}],"wp:featuredmedia":[{"embeddable":true,"href":"https:\/\/www.europesays.com\/fr\/wp-json\/wp\/v2\/media\/342664"}],"wp:attachment":[{"href":"https:\/\/www.europesays.com\/fr\/wp-json\/wp\/v2\/media?parent=342663"}],"wp:term":[{"taxonomy":"category","embeddable":true,"href":"https:\/\/www.europesays.com\/fr\/wp-json\/wp\/v2\/categories?post=342663"},{"taxonomy":"post_tag","embeddable":true,"href":"https:\/\/www.europesays.com\/fr\/wp-json\/wp\/v2\/tags?post=342663"}],"curies":[{"name":"wp","href":"https:\/\/api.w.org\/{rel}","templated":true}]}}