{"id":342666,"date":"2025-08-25T11:15:11","date_gmt":"2025-08-25T11:15:11","guid":{"rendered":"https:\/\/www.europesays.com\/fr\/342666\/"},"modified":"2025-08-25T11:15:11","modified_gmt":"2025-08-25T11:15:11","slug":"keurig-dr-pepper-va-racheter-jde-peets-lor-jacques-vabre-pour-157-milliards-deuros","status":"publish","type":"post","link":"https:\/\/www.europesays.com\/fr\/342666\/","title":{"rendered":"Keurig Dr Pepper va racheter JDE Peet&rsquo;s (L\u2019Or, Jacques Vabre) pour 15,7 milliards d&rsquo;euros"},"content":{"rendered":"<p>Le g\u00e9ant am\u00e9ricain des boissons non alcoolis\u00e9es souhaite combiner sa plateforme de caf\u00e9 en dosette d\u2019Am\u00e9rique du Nord avec le portefeuille mondial de marques de caf\u00e9 du groupe n\u00e9erlandais.<\/p>\n<p class=\"fig-paragraph\">Une acquisition majeure dans le secteur du caf\u00e9. Le g\u00e9ant am\u00e9ricain des boissons non alcoolis\u00e9es\u00a0<a href=\"https:\/\/www.lefigaro.fr\/flash-eco\/2015\/12\/07\/97002-20151207FILWWW00184-usa-rachat-du-fabricant-keurig-a-139-m.php\" data-fig-type=\"NewsFlash\" data-gtm-custom-categorie=\"navigation\" data-gtm-custom-action=\"crossclick\" data-gtm-custom-label=\"Contextuel\" data-gtm-event=\"customEventSPE\" data-fig-domain=\"LEFIGARO\" rel=\"nofollow noopener\" target=\"_blank\">Keurig Dr Pepper<\/a>\u00a0a annonc\u00e9 lundi \u00eatre en passe de racheter pour 15,7 milliards d&rsquo;euros le groupe agroalimentaire n\u00e9erlandais JDE Peet&rsquo;s, sp\u00e9cialis\u00e9 dans le caf\u00e9 et propri\u00e9taire en autres des marques L&rsquo;Or et Jacques Vabre.<\/p>\n<p class=\"fig-paragraph\">Cet accord \u00abpermettra de cr\u00e9er un champion mondial du caf\u00e9\u00bb gr\u00e2ce \u00e0 la combinaison de la principale plateforme de caf\u00e9 en dosette d&rsquo;Am\u00e9rique du Nord, avec le portefeuille mondial de marques de caf\u00e9 de JDE Peet&rsquo;s, selon un communiqu\u00e9 commun.<\/p>\n<p>                                    <a class=\"fig-a11y-skip a11y-hidden\" href=\"#fig-a11y-skip-main-inarticle\"><br \/>\n        Passer la publicit\u00e9<br \/>\n    <\/a><\/p>\n<p class=\"fig-paragraph\">Parmi les marques de JDE Peet\u2019s figurent notamment L\u2019Or, Senseo, Jacques Vabre, Maxwell House, ou encore Grand\u2019M\u00e8re. \u00abNous sommes ravis de nous associer \u00e0 Keurig pour dessiner l\u2019avenir du caf\u00e9 mondial en tirant parti de notre portefeuille combin\u00e9 des marques de caf\u00e9 les plus aim\u00e9es au monde\u00bb, s\u2019est f\u00e9licit\u00e9 le directeur g\u00e9n\u00e9ral de JDE Peet\u2019s, Rafa Oliveira, dans ce m\u00eame communiqu\u00e9.<\/p>\n<p>Scission en deux entit\u00e9s<\/p>\n<p class=\"fig-paragraph\">Keurig Dr Pepper (KDP) a \u00e9galement annonc\u00e9 que ce rachat, une fois qu\u2019il aura \u00e9t\u00e9 boucl\u00e9, donnerait lieu \u00e0 une scission du groupe en deux entit\u00e9s: d\u2019un c\u00f4t\u00e9 \u00abBeverage Co.\u00bb pour les boissons rafra\u00eechissantes, et de l\u2019autre \u00abGlobal Coffe Co.\u00bb, dans laquelle seraient inclues les marques de JDE Peet\u2019s. Le groupe am\u00e9ricain a pr\u00e9cis\u00e9 que son actuel directeur g\u00e9n\u00e9ral, Tim Cofer, devrait prendre \u00e0 terme la direction de la section Beverage Co., et que son directeur financier, Sudhanshu Priyadarshi, prendrait celle de la section caf\u00e9.<\/p>\n<p class=\"fig-paragraph\">A date du 22 ao\u00fbt en cl\u00f4ture, la capitalisation de JDE Peet\u2019s, cot\u00e9 \u00e0 Amsterdam, \u00e9quivalait \u00e0 13 milliards d\u2019euros, et celle de Keurig Dr Pepper \u00e0 48 milliards de dollars. Apr\u00e8s l\u2019annonce de ce rachat, le titre de JDE Peet\u2019s bondissait de 17,33% \u00e0 31,14 euros vers 9H30 GMT \u00e0 la Bourse d\u2019Amsterdam. \u00abSelon les termes de la transaction, KDP versera aux actionnaires de JDE Peet\u2019s 31,85 euros par action en esp\u00e8ces\u00bb, a d\u00e9taill\u00e9 le groupe am\u00e9ricain dans son annonce de rachat. KDP \u00e9tait n\u00e9 en 2018 de la fusion entre le fabricant am\u00e9ricain de cafeti\u00e8res et de dosettes Keurig Green Mountain et le producteur de boissons non alcoolis\u00e9es Dr Pepper Snappel (7UP, Snapple, Dr Pepper&#8230;).<\/p>\n","protected":false},"excerpt":{"rendered":"Le g\u00e9ant am\u00e9ricain des boissons non alcoolis\u00e9es souhaite combiner sa plateforme de caf\u00e9 en dosette d\u2019Am\u00e9rique du Nord&hellip;\n","protected":false},"author":2,"featured_media":342667,"comment_status":"","ping_status":"","sticky":false,"template":"","format":"standard","meta":{"footnotes":""},"categories":[6],"tags":[35,4586,33,34,1011,27],"class_list":{"0":"post-342666","1":"post","2":"type-post","3":"status-publish","4":"format-standard","5":"has-post-thumbnail","7":"category-economie","8":"tag-business","9":"tag-cafe","10":"tag-economie","11":"tag-economy","12":"tag-fr","13":"tag-france"},"share_on_mastodon":{"url":"https:\/\/pubeurope.com\/@fr\/115089121342139009","error":""},"_links":{"self":[{"href":"https:\/\/www.europesays.com\/fr\/wp-json\/wp\/v2\/posts\/342666","targetHints":{"allow":["GET"]}}],"collection":[{"href":"https:\/\/www.europesays.com\/fr\/wp-json\/wp\/v2\/posts"}],"about":[{"href":"https:\/\/www.europesays.com\/fr\/wp-json\/wp\/v2\/types\/post"}],"author":[{"embeddable":true,"href":"https:\/\/www.europesays.com\/fr\/wp-json\/wp\/v2\/users\/2"}],"replies":[{"embeddable":true,"href":"https:\/\/www.europesays.com\/fr\/wp-json\/wp\/v2\/comments?post=342666"}],"version-history":[{"count":0,"href":"https:\/\/www.europesays.com\/fr\/wp-json\/wp\/v2\/posts\/342666\/revisions"}],"wp:featuredmedia":[{"embeddable":true,"href":"https:\/\/www.europesays.com\/fr\/wp-json\/wp\/v2\/media\/342667"}],"wp:attachment":[{"href":"https:\/\/www.europesays.com\/fr\/wp-json\/wp\/v2\/media?parent=342666"}],"wp:term":[{"taxonomy":"category","embeddable":true,"href":"https:\/\/www.europesays.com\/fr\/wp-json\/wp\/v2\/categories?post=342666"},{"taxonomy":"post_tag","embeddable":true,"href":"https:\/\/www.europesays.com\/fr\/wp-json\/wp\/v2\/tags?post=342666"}],"curies":[{"name":"wp","href":"https:\/\/api.w.org\/{rel}","templated":true}]}}