{"id":342668,"date":"2025-08-25T11:16:13","date_gmt":"2025-08-25T11:16:13","guid":{"rendered":"https:\/\/www.europesays.com\/fr\/342668\/"},"modified":"2025-08-25T11:16:13","modified_gmt":"2025-08-25T11:16:13","slug":"laustralopitheque-lucy-est-exposee-en-europe-pour-la-premiere-fois","status":"publish","type":"post","link":"https:\/\/www.europesays.com\/fr\/342668\/","title":{"rendered":"L\u2019australopith\u00e8que Lucy est expos\u00e9e en Europe pour la premi\u00e8re fois"},"content":{"rendered":"<p>                          <img loading=\"lazy\" decoding=\"async\" src=\"https:\/\/www.europesays.com\/fr\/wp-content\/uploads\/2025\/08\/c9a0d0b_ftp-import-images-1-p7kvj9mv6fsj-5709011-01-06.jpg\" alt=\"Les restes fossilis\u00e9s vieux de 3,2\u00a0millions d\u2019ann\u00e9es de Lucy, l\u2019exemple le plus complet de l\u2019hominid\u00e9 Australopithecus afarensis, expos\u00e9s au Mus\u00e9e des sciences naturelles de Houston, le 28\u00a0ao\u00fbt 2007\u00a0\u00e0 Houston, au Texas.\"   width=\"664\" height=\"443\"\/>    Les restes fossilis\u00e9s vieux de 3,2\u00a0millions d\u2019ann\u00e9es de Lucy, l\u2019exemple le plus complet de l\u2019hominid\u00e9 Australopithecus afarensis, expos\u00e9s au Mus\u00e9e des sciences naturelles de Houston, le 28\u00a0ao\u00fbt 2007\u00a0\u00e0 Houston, au Texas.  DAVE EINSEL, DAVE EINSEL \/ AFP                            <\/p>\n<p class=\"article__paragraph  \">C\u2019est pr\u00e9cieusement emball\u00e9s que les ossements de la plus c\u00e9l\u00e8bre australopith\u00e8que, Lucy, d\u00e9couverts il y a un demi-si\u00e8cle en Ethiopie, sont parvenus jusqu\u2019\u00e0 la capitale tch\u00e8que, Prague, o\u00f9 ils sont expos\u00e9s \u00e0 partir de lundi 25\u00a0ao\u00fbt.<\/p>\n<p class=\"article__paragraph  \">Ces 52\u00a0fragments dentaires, de cr\u00e2ne, de bassin et de f\u00e9mur, vieux de 3,18\u00a0millions d\u2019ann\u00e9es, \u00ab\u00a0n\u2019ont voyag\u00e9 qu\u2019une seule fois, aux Etats-Unis\u00a0\u00bb, entre 2007 et 2013, a rappel\u00e9 le directeur de l\u2019institution, Michal Lukes, \u00e0 leur arriv\u00e9e sur le sol tch\u00e8que. Ils figurent parmi \u00ab\u00a0les pi\u00e8ces pal\u00e9oanthropologiques les plus pr\u00e9cieuses et les plus anciennes au monde\u00a0\u00bb, souligne-t-il, saluant ce rare pr\u00eat d\u2019une dur\u00e9e de soixante jours du Mus\u00e9e national d\u2019Ethiopie.<\/p>\n<p class=\"article__paragraph  \">Les visiteurs pourront aussi d\u00e9couvrir le squelette quasi complet de Selam, jeune australopith\u00e8que morte \u00e0 2\u00a0ans et 7\u00a0mois, qui aurait v\u00e9cu cent mille ann\u00e9es avant Lucy. D\u00e9couvert en\u00a02000, il n\u2019avait jamais quitt\u00e9 l\u2019Ethiopie. Pour Addis-Abeba, il s\u2019agit d\u2019une exposition \u00ab\u00a0historique\u00a0\u00bb qui offre \u00ab\u00a0une occasion unique de voir de pr\u00e8s ces fossiles humains\u00a0\u00bb.<\/p>\n<p class=\"article__paragraph  \">La pr\u00e9sence de Donald Johanson, qui faisait partie de l\u2019\u00e9quipe scientifique \u00e9galement compos\u00e9e de Maurice Taieb, Yves Coppens, Jon Kalb et Raymonde Bonnefille, est pr\u00e9vue \u00e0 l\u2019ouverture de l\u2019exposition, aux c\u00f4t\u00e9s du premier ministre tch\u00e8que, Petr Fiala, et de la ministre du tourisme \u00e9thiopienne, Selamawit Kassa.<\/p>\n<p>                                         Lire aussi (2024) |  Article r\u00e9serv\u00e9 \u00e0 nos abonn\u00e9s  <a href=\"https:\/\/www.lemonde.fr\/sciences\/article\/2024\/11\/11\/l-heritage-debattu-de-lucy-la-plus-celebre-des-australopitheques_6388673_1650684.html\" class=\"js-article-read-also catcher--favoris__link\" data-premium=\"1\" id=\"article-title-3396684\" rel=\"nofollow noopener\" target=\"_blank\">L\u2019h\u00e9ritage d\u00e9battu de Lucy, la plus c\u00e9l\u00e8bre des australopith\u00e8ques<\/a>    <\/p>\n<p>   Lire plus tard  <\/p>\n<p>                            Une r\u00e9volution de la recherche scientifique                      <\/p>\n<p class=\"article__paragraph  \">D\u2019abord appel\u00e9 A.L-288-1, cet hominid\u00e9 bip\u00e8de, d\u00e9couvert le 24\u00a0novembre\u00a01974\u00a0dans la r\u00e9gion de l\u2019Afar, nich\u00e9e dans le nord-est de l\u2019Ethiopie, a \u00e9t\u00e9 baptis\u00e9 ainsi en r\u00e9f\u00e9rence \u00e0 la chanson des Beatles <a href=\"https:\/\/www.youtube.com\/watch?v=naoknj1ebqI\" target=\"_blank\" rel=\"noopener nofollow\" title=\"Nouvelle fen\u00eatre\">Lucy in the Sky with Diamonds<\/a>, qu\u2019\u00e9coutaient les pal\u00e9ontologues pendant les fouilles. Morte possiblement entre l\u2019\u00e2ge de 11 et 13\u00a0ans (ce qui est consid\u00e9r\u00e9 comme un \u00e2ge adulte pour cette esp\u00e8ce), mesurant moins de 1,10\u00a0m de haut et pesant autour de 29\u00a0kilos, Lucy est habituellement conserv\u00e9e dans une pi\u00e8ce non ouverte au public au c\u0153ur de la capitale \u00e9thiopienne.<\/p>\n<p class=\"article__paragraph  \">Sa d\u00e9couverte \u00ab\u00a0a r\u00e9volutionn\u00e9\u00a0\u00bb la recherche scientifique et la compr\u00e9hension de nos anc\u00eatres \u00ab\u00a0d\u2019abord en raison de son \u00e9tat de conservation exceptionnel, et ensuite du fait de son \u00e2ge\u00a0\u00bb, explique Abebaw Ayalew Gella, directeur de l\u2019Autorit\u00e9 \u00e9thiopienne de protection du patrimoine. Tout comme Selam, le plus vieil enfant du monde, Lucy est \u00ab\u00a0une ambassadrice de l\u2019Ethiopie, berceau de l\u2019humanit\u00e9\u00a0\u00bb, s\u2019enthousiasme-t-il.<\/p>\n<p>                                         Lire aussi (2023) |  Article r\u00e9serv\u00e9 \u00e0 nos abonn\u00e9s  <a href=\"https:\/\/www.lemonde.fr\/sciences\/article\/2023\/06\/17\/donald-johanson-decouvreur-de-lucy-comprendre-l-evolution-est-important-car-elle-nous-lie-au-monde-naturel_6178088_1650684.html\" class=\"js-article-read-also catcher--favoris__link\" data-premium=\"1\" id=\"article-title-3327628\" rel=\"nofollow noopener\" target=\"_blank\">Donald Johanson, d\u00e9couvreur de Lucy\u00a0: \u00ab\u00a0Comprendre l\u2019\u00e9volution est important, car elle nous lie au monde naturel\u00a0\u00bb<\/a>    <\/p>\n<p>   Lire plus tard  <\/p>\n<p class=\"article__paragraph  \">Longtemps d\u00e9crite comme la grand-m\u00e8re de l\u2019humanit\u00e9, elle est aujourd\u2019hui plut\u00f4t consid\u00e9r\u00e9e comme une tante ou une cousine, car sa filiation directe avec l\u2019esp\u00e8ce humaine est contest\u00e9e. Selon une \u00e9tude publi\u00e9e en\u00a02016 dans la revue scientifique Nature, elle passait au moins un tiers de son temps dans les arbres, o\u00f9 elle dormait pour \u00e9chapper aux pr\u00e9dateurs, ce qui lui aurait \u00e9t\u00e9 fatal puisqu\u2019elle est \u00ab\u00a0probablement\u00a0\u00bb morte des suites d\u2019une chute.<\/p>\n<p class=\"article__paragraph  \">De nombreuses trouvailles ont depuis rebattu les cartes, en Ethiopie, en Afrique du Sud, au Kenya mais aussi au Tchad. Touma\u00ef, consid\u00e9r\u00e9 par certains pal\u00e9ontologues comme le premier repr\u00e9sentant de la lign\u00e9e humaine du haut de ses 7\u00a0millions d\u2019ann\u00e9es, ou encore Ardi, \u00e2g\u00e9 de 4,5\u00a0millions d\u2019ann\u00e9es, ont rejoint Lucy au panth\u00e9on pr\u00e9historique.<\/p>\n<p>                                         Lire l\u2019entretien (2024) |  Article r\u00e9serv\u00e9 \u00e0 nos abonn\u00e9s  <a href=\"https:\/\/www.lemonde.fr\/sciences\/article\/2024\/11\/11\/raymonde-bonnefille-geologue-la-decouverte-de-lucy-est-une-uvre-collective_6388465_1650684.html\" class=\"js-article-read-also catcher--favoris__link\" data-premium=\"1\" id=\"article-title-3395984\" rel=\"nofollow noopener\" target=\"_blank\">Raymonde Bonnefille, g\u00e9ologue\u00a0: \u00ab\u00a0La d\u00e9couverte de Lucy est une \u0153uvre collective\u00a0\u00bb<\/a>    <\/p>\n<p>   Lire plus tard  <\/p>\n<p class=\"author__detail\">  Le Monde avec AFP  <\/p>\n<p>                  <a href=\"https:\/\/www.lemonde.fr\/syndication\/\" class=\"reuse__content\" title=\"R\u00e9utiliser ce contenu\" target=\"_blank\" rel=\"nofollow noopener\">R\u00e9utiliser ce contenu<\/a>      <\/p>\n","protected":false},"excerpt":{"rendered":"Les restes fossilis\u00e9s vieux de 3,2\u00a0millions d\u2019ann\u00e9es de Lucy, l\u2019exemple le plus complet de l\u2019hominid\u00e9 Australopithecus afarensis, expos\u00e9s&hellip;\n","protected":false},"author":2,"featured_media":342669,"comment_status":"","ping_status":"","sticky":false,"template":"","format":"standard","meta":{"footnotes":""},"categories":[5],"tags":[11,1011,27,14,12,28],"class_list":{"0":"post-342668","1":"post","2":"type-post","3":"status-publish","4":"format-standard","5":"has-post-thumbnail","7":"category-international","8":"tag-actualites","9":"tag-fr","10":"tag-france","11":"tag-international","12":"tag-news","13":"tag-world"},"share_on_mastodon":{"url":"https:\/\/pubeurope.com\/@fr\/115089125580895571","error":""},"_links":{"self":[{"href":"https:\/\/www.europesays.com\/fr\/wp-json\/wp\/v2\/posts\/342668","targetHints":{"allow":["GET"]}}],"collection":[{"href":"https:\/\/www.europesays.com\/fr\/wp-json\/wp\/v2\/posts"}],"about":[{"href":"https:\/\/www.europesays.com\/fr\/wp-json\/wp\/v2\/types\/post"}],"author":[{"embeddable":true,"href":"https:\/\/www.europesays.com\/fr\/wp-json\/wp\/v2\/users\/2"}],"replies":[{"embeddable":true,"href":"https:\/\/www.europesays.com\/fr\/wp-json\/wp\/v2\/comments?post=342668"}],"version-history":[{"count":0,"href":"https:\/\/www.europesays.com\/fr\/wp-json\/wp\/v2\/posts\/342668\/revisions"}],"wp:featuredmedia":[{"embeddable":true,"href":"https:\/\/www.europesays.com\/fr\/wp-json\/wp\/v2\/media\/342669"}],"wp:attachment":[{"href":"https:\/\/www.europesays.com\/fr\/wp-json\/wp\/v2\/media?parent=342668"}],"wp:term":[{"taxonomy":"category","embeddable":true,"href":"https:\/\/www.europesays.com\/fr\/wp-json\/wp\/v2\/categories?post=342668"},{"taxonomy":"post_tag","embeddable":true,"href":"https:\/\/www.europesays.com\/fr\/wp-json\/wp\/v2\/tags?post=342668"}],"curies":[{"name":"wp","href":"https:\/\/api.w.org\/{rel}","templated":true}]}}