{"id":342670,"date":"2025-08-25T11:17:10","date_gmt":"2025-08-25T11:17:10","guid":{"rendered":"https:\/\/www.europesays.com\/fr\/342670\/"},"modified":"2025-08-25T11:17:10","modified_gmt":"2025-08-25T11:17:10","slug":"pour-le-depute-rn-julien-odoul-si-bayrou-ne-rompt-pas-avec-le-macronisme-il-sera-censure","status":"publish","type":"post","link":"https:\/\/www.europesays.com\/fr\/342670\/","title":{"rendered":"pour le d\u00e9put\u00e9 RN Julien Odoul, si Bayrou ne rompt pas avec le macronisme, \u00abil sera censur\u00e9\u00bb"},"content":{"rendered":"<p>Le RN souhaite proposer d\u2019autres pistes d\u2019\u00e9conomies que celles \u00e9mises par le gouvernement, en r\u00e9duisant notamment le co\u00fbt de l\u2019immigration et de l\u2019Union europ\u00e9enne.<\/p>\n<p class=\"fig-paragraph\">Quel que soit\u00a0<a href=\"http:\/\/www.lefigaro.fr\/social\/budget-rentree-politique-francois-bayrou-tiendra-une-conference-de-presse-lundi-20250823\" data-fig-type=\"NewsFlash\" data-gtm-custom-categorie=\"navigation\" data-gtm-custom-action=\"crossclick\" data-gtm-custom-label=\"Contextuel\" data-gtm-event=\"customEventSPE\" data-fig-domain=\"LEFIGARO\" target=\"_blank\" rel=\"noopener\">le discours que tiendra Fran\u00e7ois Bayrou<\/a>\u00a0cet apr\u00e8s-midi, peu de chance qu\u2019il soit applaudi par le Rassemblement national. Pour le d\u00e9put\u00e9 de l\u2019Yonne\u00a0<a href=\"https:\/\/www.lefigaro.fr\/tag\/julien-odoul\" target=\"_blank\" rel=\"sponsored noopener\" data-gtm-custom-categorie=\"navigation\" data-gtm-custom-action=\"crossclick\" data-gtm-custom-label=\"Contextuel\" data-gtm-event=\"customEventSPE\">Julien Odoul<\/a>, invit\u00e9 de France Info ce matin, le budget 2026 tel qu\u2019il a \u00e9t\u00e9 pr\u00e9sent\u00e9 en d\u00e9but d\u2019\u00e9t\u00e9 est \u00abintol\u00e9rable\u00bb. \u00abSi le premier ministre ne s\u2019oriente pas vers une rupture avec le macronisme, s\u2019il souhaite infliger une nouvelle punition aux Fran\u00e7ais, la chute est in\u00e9vitable\u00bb, estime-t-il. Sans virage \u00e0 180 degr\u00e9s, cela ne fait aucun doute pour l\u2019\u00e9lu, \u00abil sera censur\u00e9\u00bb.<\/p>\n<p class=\"fig-paragraph\">Si ses pr\u00e9dictions sont alarmantes pour le chef du gouvernement, le porte-parole du RN n\u2019annonce pas pour autant qu\u2019il d\u00e9posera une motion de censure\u00a0: \u00abNous ne sommes jamais dans la censure a priori. Nous verrons, au moment du d\u00e9bat budg\u00e9taire, quelles d\u00e9cisions sont prises.\u00bb Il d\u00e9plore \u00e0 ce titre l\u2019attitude de La France Insoumise, qui appelle d\u00e9j\u00e0 \u00e0 la censure, tout en \u00e9tant, selon lui, \u00abresponsable de l\u2019\u00e9lection d\u2019Emmanuel Macron\u00bb. \u00abM\u00e9lenchon a fait voter deux fois pour Macron, en 2017 et en 2022\u00bb, affirme-t-il, faisant r\u00e9f\u00e9rence aux fameux \u00abbarrages\u00bb \u00e9rig\u00e9s par la gauche contre Marine Le Pen.<\/p>\n<p>                                    <a class=\"fig-a11y-skip a11y-hidden\" href=\"#fig-a11y-skip-main-inarticle\"><br \/>\n        Passer la publicit\u00e9<br \/>\n    <\/a><\/p>\n<p>\u00abLe co\u00fbt de l\u2019immigration et de l\u2019UE\u00bb<\/p>\n<p class=\"fig-paragraph\">Sur le budget, Julien Odoul estime que \u00abl\u2019int\u00e9r\u00eat d\u00e9mocratique supr\u00eame de Fran\u00e7ois Bayrou est d\u2019aller dans le sens de ce que veulent les Fran\u00e7ais\u00bb. Il s\u2019agit pour lui de \u00abne pas payer trop d\u2019imp\u00f4ts\u00bb, et de ne pas se voir \u00abinfliger une punition parce que &#8211; soi-disant &#8211; on aurait un \u00e9tat endett\u00e9\u00bb. Le RN propose, quant \u00e0 lui une politique du \u00abmoratoire fiscal\u00bb et refuse \u00abl\u2019ann\u00e9e blanche\u00bb propos\u00e9e par le gouvernement (maintenir les prestations sociales de 2026 au niveau de 2025, sans tenir compte de l\u2019inflation, NDLR).<\/p>\n<p class=\"fig-paragraph\">Puisqu\u2019il faut bien consentir \u00e0 quelques \u00e9conomies, le RN a plusieurs pistes et souhaiterait s\u2019en prendre notamment au co\u00fbt de l\u2019immigration et de l\u2019Union europ\u00e9enne. \u00abOn pourrait r\u00e9cup\u00e9rer 18 milliards d\u2019euros par an en faisant en sorte que les prestations sociales non contributives soient vers\u00e9es uniquement aux citoyens fran\u00e7ais ou \u00e9trangers ayant contribu\u00e9 pendant 5 ans\u00bb, affirme Julien Odoul. Quant \u00e0 la contribution de la France au budget de l\u2019UE, qui s\u2019\u00e9l\u00e8ve en 2025 \u00e0 24 milliards d\u2019euros, \u00abelle doit \u00eatre \u00e0 z\u00e9ro\u00bb. Il aimerait \u00e9galement en finir avec \u00ables agences et comit\u00e9s Th\u00e9odule qui nous co\u00fbtent un pognon de dingue\u00bb ou encore avec les sommes vers\u00e9es aux anciens pr\u00e9sidents, soit une dizaine de millions d\u2019euros par an.<\/p>\n<p>\u00abM\u00e9fiance\u00bb vis-\u00e0-vis du mouvement du 10 septembre<\/p>\n<p class=\"fig-paragraph\">Fran\u00e7ois Bayrou a confi\u00e9\u00a0<a href=\"http:\/\/www.lefigaro.fr\/conjoncture\/budget-2026-bayrou-promet-de-supprimer-d-eventuels-avantages-indus-excessifs-inacceptables-des-responsables-politiques-20250822\" data-fig-type=\"NewsFlash\" data-gtm-custom-categorie=\"navigation\" data-gtm-custom-action=\"crossclick\" data-gtm-custom-label=\"Contextuel\" data-gtm-event=\"customEventSPE\" data-fig-domain=\"LEFIGARO\" target=\"_blank\" rel=\"noopener\">une mission \u00e0 un ancien d\u00e9put\u00e9<\/a>\u00a0pour passer au crible les avantages indus des responsables politiques, mais Julien Odoul n\u2019y voit qu\u2019une \u00abdiversion\u00bb. En parall\u00e8le, \u00abil y a des \u00e9l\u00e9phants dans le couloir sur la fraude sociale, sur le millefeuille territorial, sur le train de vie de l\u2019\u00c9tat&#8230;\u00bb Malgr\u00e9 son hostilit\u00e9 au projet du gouvernement, le RN ne compte pas s\u2019associer au\u00a0<a href=\"http:\/\/www.lefigaro.fr\/social\/budget-2026-fronde-generalisee-contre-le-plan-bayrou-20250722\" data-fig-type=\"NewsFlash\" data-gtm-custom-categorie=\"navigation\" data-gtm-custom-action=\"crossclick\" data-gtm-custom-label=\"Contextuel\" data-gtm-event=\"customEventSPE\" data-fig-domain=\"LEFIGARO\" target=\"_blank\" rel=\"noopener\">mouvement du 10 septembre<\/a>. \u00abD\u00e8s que LFI r\u00e9cup\u00e8re quelque chose, elle le pourrit, ces manifestations seront d\u00e9vast\u00e9es par les Black Block.\u00bb Le d\u00e9put\u00e9 de l\u2019Yonne appelle donc les Fran\u00e7ais \u00e0 la \u00abm\u00e9fiance\u00bb face \u00e0 une mobilisation qui promet d\u2019\u00eatre \u00abpourrie id\u00e9ologiquement\u00bb.<\/p>\n","protected":false},"excerpt":{"rendered":"Le RN souhaite proposer d\u2019autres pistes d\u2019\u00e9conomies que celles \u00e9mises par le gouvernement, en r\u00e9duisant notamment le co\u00fbt&hellip;\n","protected":false},"author":2,"featured_media":342671,"comment_status":"","ping_status":"","sticky":false,"template":"","format":"standard","meta":{"footnotes":""},"categories":[4],"tags":[11,1003,1011,27,47882,12,1078,25],"class_list":{"0":"post-342670","1":"post","2":"type-post","3":"status-publish","4":"format-standard","5":"has-post-thumbnail","7":"category-france","8":"tag-actualites","9":"tag-budget","10":"tag-fr","11":"tag-france","12":"tag-julien-odoul","13":"tag-news","14":"tag-rassemblement-national","15":"tag-republique-francaise"},"share_on_mastodon":{"url":"https:\/\/pubeurope.com\/@fr\/115089129205047370","error":""},"_links":{"self":[{"href":"https:\/\/www.europesays.com\/fr\/wp-json\/wp\/v2\/posts\/342670","targetHints":{"allow":["GET"]}}],"collection":[{"href":"https:\/\/www.europesays.com\/fr\/wp-json\/wp\/v2\/posts"}],"about":[{"href":"https:\/\/www.europesays.com\/fr\/wp-json\/wp\/v2\/types\/post"}],"author":[{"embeddable":true,"href":"https:\/\/www.europesays.com\/fr\/wp-json\/wp\/v2\/users\/2"}],"replies":[{"embeddable":true,"href":"https:\/\/www.europesays.com\/fr\/wp-json\/wp\/v2\/comments?post=342670"}],"version-history":[{"count":0,"href":"https:\/\/www.europesays.com\/fr\/wp-json\/wp\/v2\/posts\/342670\/revisions"}],"wp:featuredmedia":[{"embeddable":true,"href":"https:\/\/www.europesays.com\/fr\/wp-json\/wp\/v2\/media\/342671"}],"wp:attachment":[{"href":"https:\/\/www.europesays.com\/fr\/wp-json\/wp\/v2\/media?parent=342670"}],"wp:term":[{"taxonomy":"category","embeddable":true,"href":"https:\/\/www.europesays.com\/fr\/wp-json\/wp\/v2\/categories?post=342670"},{"taxonomy":"post_tag","embeddable":true,"href":"https:\/\/www.europesays.com\/fr\/wp-json\/wp\/v2\/tags?post=342670"}],"curies":[{"name":"wp","href":"https:\/\/api.w.org\/{rel}","templated":true}]}}