{"id":342674,"date":"2025-08-25T11:19:12","date_gmt":"2025-08-25T11:19:12","guid":{"rendered":"https:\/\/www.europesays.com\/fr\/342674\/"},"modified":"2025-08-25T11:19:12","modified_gmt":"2025-08-25T11:19:12","slug":"une-nocturne-inaugurale-ce-mercredi","status":"publish","type":"post","link":"https:\/\/www.europesays.com\/fr\/342674\/","title":{"rendered":"une nocturne inaugurale ce mercredi"},"content":{"rendered":"<p>La Ville de Firminy inaugure les travaux de la piscine Andr\u00e9-Wogenscky ce mercredi 27\u00a0ao\u00fbt de 18 \u00e0 22 heures. La soir\u00e9e est ouverte \u00e0 tous. La municipalit\u00e9 souhaite faire d\u00e9couvrir les lieux aux usagers et aux associations utilisatrices et faire profiter les habitants d\u2019un temps festif avant la rentr\u00e9e. Des visites pour d\u00e9couvrir les nouveaut\u00e9s et les travaux r\u00e9alis\u00e9s sont pr\u00e9vues ainsi que l\u2019utilisation des bassins. Diff\u00e9rents jeux aquatiques et ludiques seront organis\u00e9s (d\u00e9fis, piscine \u00e0 balles, toboggan,\u00a0etc.)<\/p>\n<p>Des lumi\u00e8res install\u00e9es dans le bassin offriront au public une ambiance tamis\u00e9e. Une ligne d\u2019eau sera r\u00e9serv\u00e9e aux nageurs.<\/p>\n<p>  Un million d\u2019euros de travaux<\/p>\n<p>L\u2019\u00e9tablissement a rouvert mardi 5\u00a0ao\u00fbt apr\u00e8s neuf mois de fermeture <a href=\"https:\/\/www.leprogres.fr\/societe\/2025\/07\/27\/apres-neuf-mois-de-travaux-la-piscine-wogenscky-rouvrira-le-5-aout\" target=\"_blank\" rel=\"nofollow noopener\">pour des travaux \u00e9valu\u00e9s \u00e0 1 million d\u2019euros<\/a>. Outre la reprise de l\u2019\u00e9tanch\u00e9it\u00e9 et le renfort structurel, de nombreuses am\u00e9liorations ont \u00e9t\u00e9 apport\u00e9es au site.<\/p>\n<p>Le toboggan a \u00e9t\u00e9 remis aux normes et s\u00e9curis\u00e9, toutes les peintures ont \u00e9t\u00e9 refaites aux couleurs du Corbusier, il y a eu des reprises de carrelage autour des bassins, les dalles du solarium ont \u00e9t\u00e9 chang\u00e9es. Les syst\u00e8mes de traitement de l\u2019eau et de l\u2019air ont \u00e9t\u00e9 revus, l\u2019isolation thermique a \u00e9t\u00e9 am\u00e9lior\u00e9e avec l\u2019installation de panneaux polyur\u00e9thanes, tous les \u00e9clairages ont \u00e9t\u00e9 remplac\u00e9s par des leds.<\/p>\n<p>\u00c0 sa r\u00e9ouverture, la piscine a \u00e9t\u00e9 pl\u00e9biscit\u00e9e par le public puis prise d\u2019assaut pendant la p\u00e9riode de canicule alors que la gratuit\u00e9 a \u00e9t\u00e9 instaur\u00e9e pour les Appelous du 11 au 14\u00a0ao\u00fbt.<\/p>\n<p class=\"note\">Soir\u00e9e inaugurale des travaux de la piscine, de 18 \u00e0 22 heures mercredi 27\u00a0ao\u00fbt. Gratuit.<\/p>\n","protected":false},"excerpt":{"rendered":"La Ville de Firminy inaugure les travaux de la piscine Andr\u00e9-Wogenscky ce mercredi 27\u00a0ao\u00fbt de 18 \u00e0 22&hellip;\n","protected":false},"author":2,"featured_media":342675,"comment_status":"","ping_status":"","sticky":false,"template":"","format":"standard","meta":{"footnotes":""},"categories":[9653],"tags":[1111,11,2430,1687,7539,1777,674,10282,10283,1011,27,12,25,4001,104],"class_list":{"0":"post-342674","1":"post","2":"type-post","3":"status-publish","4":"format-standard","5":"has-post-thumbnail","7":"category-saint-etienne","8":"tag-actu","9":"tag-actualites","10":"tag-auvergne-rhone-alpes","11":"tag-culture-loisirs","12":"tag-edition-loire-sud","13":"tag-eu","14":"tag-europe","15":"tag-firminy","16":"tag-firminy-ville","17":"tag-fr","18":"tag-france","19":"tag-news","20":"tag-republique-francaise","21":"tag-saint-etienne","22":"tag-societe"},"share_on_mastodon":{"url":"https:\/\/pubeurope.com\/@fr\/115089137109917225","error":""},"_links":{"self":[{"href":"https:\/\/www.europesays.com\/fr\/wp-json\/wp\/v2\/posts\/342674","targetHints":{"allow":["GET"]}}],"collection":[{"href":"https:\/\/www.europesays.com\/fr\/wp-json\/wp\/v2\/posts"}],"about":[{"href":"https:\/\/www.europesays.com\/fr\/wp-json\/wp\/v2\/types\/post"}],"author":[{"embeddable":true,"href":"https:\/\/www.europesays.com\/fr\/wp-json\/wp\/v2\/users\/2"}],"replies":[{"embeddable":true,"href":"https:\/\/www.europesays.com\/fr\/wp-json\/wp\/v2\/comments?post=342674"}],"version-history":[{"count":0,"href":"https:\/\/www.europesays.com\/fr\/wp-json\/wp\/v2\/posts\/342674\/revisions"}],"wp:featuredmedia":[{"embeddable":true,"href":"https:\/\/www.europesays.com\/fr\/wp-json\/wp\/v2\/media\/342675"}],"wp:attachment":[{"href":"https:\/\/www.europesays.com\/fr\/wp-json\/wp\/v2\/media?parent=342674"}],"wp:term":[{"taxonomy":"category","embeddable":true,"href":"https:\/\/www.europesays.com\/fr\/wp-json\/wp\/v2\/categories?post=342674"},{"taxonomy":"post_tag","embeddable":true,"href":"https:\/\/www.europesays.com\/fr\/wp-json\/wp\/v2\/tags?post=342674"}],"curies":[{"name":"wp","href":"https:\/\/api.w.org\/{rel}","templated":true}]}}