{"id":342678,"date":"2025-08-25T11:22:20","date_gmt":"2025-08-25T11:22:20","guid":{"rendered":"https:\/\/www.europesays.com\/fr\/342678\/"},"modified":"2025-08-25T11:22:20","modified_gmt":"2025-08-25T11:22:20","slug":"national-fc-sochaux-apres-le-depart-de-moltenis-un-ancien-defenseur-de-las-nancy-lorraine-mis-a-lessai","status":"publish","type":"post","link":"https:\/\/www.europesays.com\/fr\/342678\/","title":{"rendered":"National. FC Sochaux\u00a0: apr\u00e8s le d\u00e9part de Moltenis, un ancien d\u00e9fenseur de l\u2019AS Nancy Lorraine mis \u00e0 l\u2019essai\ufeff"},"content":{"rendered":"<p>Sochaux met \u00e0 l\u2019essai un joueur toute la semaine. Les quelques supporters pr\u00e9sents ce lundi ont constat\u00e9 la pr\u00e9sence d\u2019un nouveau visage. Celui de Prince Mendy, qui pourrait donc peut-\u00eatre rejoindre d\u00e9finitivement l\u2019effectif <a href=\"https:\/\/www.estrepublicain.fr\/sport\/2025\/08\/21\/fc-sochaux-boris-moltenis-sur-le-depart\" target=\"_blank\" rel=\"noopener\">apr\u00e8s le d\u00e9part de Boris Moltenis pour l\u2019Espagne,<\/a> il y a quelques jours. Habitu\u00e9 aux joutes du National, le solide d\u00e9fenseur central s\u00e9n\u00e9galais a notamment jou\u00e9 \u00e0 Quevilly Rouen M\u00e9tropole (2017-2020) ainsi qu\u2019\u00e0 l\u2019AS Nancy Lorraine (60 matchs entre\u00a02022 et\u00a02024). En novembre\u00a02023, le joueur d\u00e9sormais \u00e2g\u00e9 de 30 ans portait le brassard \u00e0 Picot lorsque Viltard avait envoy\u00e9 un bijou dans la lucarne de Sourzac dans le temps additionnel (1-1). Il avait ensuite, avec son \u00e9quipe, subi la loi d\u2019Hoggas et Zohi (4-1) en avril\u00a02024 \u00e0 Bonal.<\/p>\n<p>Libre depuis la fin de son contrat avec l\u2019ASNL, Prince Mendy s\u2019\u00e9tait ensuite engag\u00e9 avec le club d\u2019Al Fujairah SC, en D2 \u00e9miratie, l\u2019\u00e9t\u00e9 dernier.<\/p>\n","protected":false},"excerpt":{"rendered":"Sochaux met \u00e0 l\u2019essai un joueur toute la semaine. Les quelques supporters pr\u00e9sents ce lundi ont constat\u00e9 la&hellip;\n","protected":false},"author":2,"featured_media":342679,"comment_status":"","ping_status":"","sticky":false,"template":"","format":"standard","meta":{"footnotes":""},"categories":[9635],"tags":[1111,11,10332,1777,674,14186,63,1011,27,775,8027,18279,1702,12,25,517,14185],"class_list":{"0":"post-342678","1":"post","2":"type-post","3":"status-publish","4":"format-standard","5":"has-post-thumbnail","7":"category-nancy","8":"tag-actu","9":"tag-actualites","10":"tag-edition-belfort-hericourt-montbeliard","11":"tag-eu","12":"tag-europe","13":"tag-fc-sochaux-montbeliard","14":"tag-football","15":"tag-fr","16":"tag-france","17":"tag-grand-est","18":"tag-montbeliard","19":"tag-montbeliard-ville-25b","20":"tag-nancy","21":"tag-news","22":"tag-republique-francaise","23":"tag-sport","24":"tag-sport-franc-comtois"},"share_on_mastodon":{"url":"https:\/\/pubeurope.com\/@fr\/115089148635977999","error":""},"_links":{"self":[{"href":"https:\/\/www.europesays.com\/fr\/wp-json\/wp\/v2\/posts\/342678","targetHints":{"allow":["GET"]}}],"collection":[{"href":"https:\/\/www.europesays.com\/fr\/wp-json\/wp\/v2\/posts"}],"about":[{"href":"https:\/\/www.europesays.com\/fr\/wp-json\/wp\/v2\/types\/post"}],"author":[{"embeddable":true,"href":"https:\/\/www.europesays.com\/fr\/wp-json\/wp\/v2\/users\/2"}],"replies":[{"embeddable":true,"href":"https:\/\/www.europesays.com\/fr\/wp-json\/wp\/v2\/comments?post=342678"}],"version-history":[{"count":0,"href":"https:\/\/www.europesays.com\/fr\/wp-json\/wp\/v2\/posts\/342678\/revisions"}],"wp:featuredmedia":[{"embeddable":true,"href":"https:\/\/www.europesays.com\/fr\/wp-json\/wp\/v2\/media\/342679"}],"wp:attachment":[{"href":"https:\/\/www.europesays.com\/fr\/wp-json\/wp\/v2\/media?parent=342678"}],"wp:term":[{"taxonomy":"category","embeddable":true,"href":"https:\/\/www.europesays.com\/fr\/wp-json\/wp\/v2\/categories?post=342678"},{"taxonomy":"post_tag","embeddable":true,"href":"https:\/\/www.europesays.com\/fr\/wp-json\/wp\/v2\/tags?post=342678"}],"curies":[{"name":"wp","href":"https:\/\/api.w.org\/{rel}","templated":true}]}}