{"id":342680,"date":"2025-08-25T11:24:24","date_gmt":"2025-08-25T11:24:24","guid":{"rendered":"https:\/\/www.europesays.com\/fr\/342680\/"},"modified":"2025-08-25T11:24:24","modified_gmt":"2025-08-25T11:24:24","slug":"toulon-trois-individus-interpelles-en-flagrant-delit-apres-un-vol-a-larrache","status":"publish","type":"post","link":"https:\/\/www.europesays.com\/fr\/342680\/","title":{"rendered":"Toulon : trois individus interpell\u00e9s en flagrant d\u00e9lit apr\u00e8s un vol \u00e0 l\u2019arrach\u00e9"},"content":{"rendered":"<p>\u00c0 Toulon, la police interpelle trois personnes apr\u00e8s un vol \u00e0 l\u2019arrach\u00e9 commis en plein jour.<\/p>\n<p><img fetchpriority=\"high\" decoding=\"async\" width=\"1024\" height=\"768\" alt=\"Vol \u00e0 l\u2019arrach\u00e9 Toulon Cambriolage bar La Bagatelle Nice Vols accessoires auto effraction Meurtre Diego Bodin Six-Fours Hy\u00e8res s\u00e9curit\u00e9 Marseille voiture vol\u00e9e femme \u00e9gorg\u00e9e marseille saisie d'armes Toulon saint-rapha\u00ebl police nationale et municipale hy\u00e8res conducteur 12 mois saisie drogues consolat Marseille agression marseille Marseille rove prison La Crau carpentras bijoutier\" title=\"POLICE NATIONALE MENTON (2)\" src=\"https:\/\/www.europesays.com\/fr\/wp-content\/uploads\/2025\/08\/POLICE-NATIONALE-MENTON-2.webp.webp\" class=\"img-responsive wp-image-14749\"\/><\/p>\n<p>Vol \u00e0 l\u2019arrach\u00e9 Toulon \u2013 CREDIT : VarActu<\/p>\n<p data-start=\"85\" data-end=\"345\">Trois personnes ont \u00e9t\u00e9 arr\u00eat\u00e9es \u00e0 Toulon lors d\u2019une op\u00e9ration de la Police nationale, en flagrant d\u00e9lit de vol \u00e0 l\u2019arrach\u00e9. L\u2019interpellation a eu lieu le 22 ao\u00fbt, comme l\u2019a annonc\u00e9 le compte officiel @PoliceNat83 sur le r\u00e9seau social X (anciennement \u2026<\/p>\n<p>Lire la suite dans l\u2019article <a href=\"https:\/\/www.varactu.fr\/toulon-trois-individus-interpelles-en-flagrant-delit-apres-un-vol-a-larrache\/\" rel=\"nofollow noopener\" target=\"_blank\">Toulon : trois individus interpell\u00e9s en flagrant d\u00e9lit apr\u00e8s un vol \u00e0 l\u2019arrach\u00e9<\/a> qui est apparu en premier sur <a href=\"https:\/\/www.varactu.fr\" rel=\"nofollow noopener\" target=\"_blank\">Var Actu<\/a>.<\/p>\n","protected":false},"excerpt":{"rendered":"\u00c0 Toulon, la police interpelle trois personnes apr\u00e8s un vol \u00e0 l\u2019arrach\u00e9 commis en plein jour. Vol \u00e0&hellip;\n","protected":false},"author":2,"featured_media":342681,"comment_status":"","ping_status":"","sticky":false,"template":"","format":"standard","meta":{"footnotes":""},"categories":[9619],"tags":[1111,11,1777,674,1011,27,12,882,25,2310],"class_list":{"0":"post-342680","1":"post","2":"type-post","3":"status-publish","4":"format-standard","5":"has-post-thumbnail","7":"category-toulon","8":"tag-actu","9":"tag-actualites","10":"tag-eu","11":"tag-europe","12":"tag-fr","13":"tag-france","14":"tag-news","15":"tag-provence-alpes-cote-dazur","16":"tag-republique-francaise","17":"tag-toulon"},"share_on_mastodon":{"url":"https:\/\/pubeurope.com\/@fr\/115089156659541598","error":""},"_links":{"self":[{"href":"https:\/\/www.europesays.com\/fr\/wp-json\/wp\/v2\/posts\/342680","targetHints":{"allow":["GET"]}}],"collection":[{"href":"https:\/\/www.europesays.com\/fr\/wp-json\/wp\/v2\/posts"}],"about":[{"href":"https:\/\/www.europesays.com\/fr\/wp-json\/wp\/v2\/types\/post"}],"author":[{"embeddable":true,"href":"https:\/\/www.europesays.com\/fr\/wp-json\/wp\/v2\/users\/2"}],"replies":[{"embeddable":true,"href":"https:\/\/www.europesays.com\/fr\/wp-json\/wp\/v2\/comments?post=342680"}],"version-history":[{"count":0,"href":"https:\/\/www.europesays.com\/fr\/wp-json\/wp\/v2\/posts\/342680\/revisions"}],"wp:featuredmedia":[{"embeddable":true,"href":"https:\/\/www.europesays.com\/fr\/wp-json\/wp\/v2\/media\/342681"}],"wp:attachment":[{"href":"https:\/\/www.europesays.com\/fr\/wp-json\/wp\/v2\/media?parent=342680"}],"wp:term":[{"taxonomy":"category","embeddable":true,"href":"https:\/\/www.europesays.com\/fr\/wp-json\/wp\/v2\/categories?post=342680"},{"taxonomy":"post_tag","embeddable":true,"href":"https:\/\/www.europesays.com\/fr\/wp-json\/wp\/v2\/tags?post=342680"}],"curies":[{"name":"wp","href":"https:\/\/api.w.org\/{rel}","templated":true}]}}