{"id":342682,"date":"2025-08-25T11:25:10","date_gmt":"2025-08-25T11:25:10","guid":{"rendered":"https:\/\/www.europesays.com\/fr\/342682\/"},"modified":"2025-08-25T11:25:10","modified_gmt":"2025-08-25T11:25:10","slug":"deux-agressions-distinctes-trois-blesses-legerement-blesses-a-larme-blanche","status":"publish","type":"post","link":"https:\/\/www.europesays.com\/fr\/342682\/","title":{"rendered":"deux agressions distinctes, trois bless\u00e9s l\u00e9g\u00e8rement bless\u00e9s \u00e0 l&rsquo;arme blanche"},"content":{"rendered":"<p>            Par<br \/>\n        <strong><br \/>\n            <a href=\"https:\/\/actu.fr\/auteur\/jm-aubert\" title=\"Consulter tous les articles de Jean-Marc Aubert\" rel=\"nofollow noopener\" target=\"_blank\">Jean-Marc Aubert<\/a><br \/>\n        <\/strong><\/p>\n<p>        Publi\u00e9 le<\/p>\n<p>            25 ao\u00fbt 2025 \u00e0 13h03<br \/>\n        ; mis \u00e0 jour le 25 ao\u00fbt 2025 \u00e0 13h05    <\/p>\n<p>Deux <strong>rixes<\/strong> ont donn\u00e9 lieu \u00e0 l\u2019intervention des pompiers et de <strong>police secours<\/strong>, samedi soir, puis en milieu de nuit, \u00e0 <strong>Montpellier.<\/strong> Bilan : trois bless\u00e9s \u00e0 coups de couteau.<\/p>\n<p>\u00c9cusson : auteur et victime bless\u00e9s<\/p>\n<p class=\" wall-content\">La premi\u00e8re agression s\u2019est d\u00e9roul\u00e9e samedi 23 ao\u00fbt 2025, vers 22h dans la rue Dessale-Possel, dans le quartier de Rondelet, o\u00f9 pour des raisons qui font l\u2019objet d\u2019une enqu\u00eate du <strong>Service local de police judiciaire<\/strong> -Slpj- du commissariat central, les sapeurs-pompiers du <strong>Sdis 34<\/strong> ont pris en charge deux hommes pr\u00e9sentant des plaies \u00e0 l\u2019arme blanche aux jambes, dont une cuisse, aux bras et au visage, l\u2019auteur pr\u00e9sum\u00e9 et un complice, ainsi que la victime, deux Montpelli\u00e9rains \u00e2g\u00e9s de 26 ans et de 32 ans. Ils ont \u00e9t\u00e9 admis au <strong>CHU de Montpellier.<\/strong><\/p>\n<p>    <a href=\"https:\/\/www.google.com\/maps\/embed?pb=!1m18!1m12!1m3!1d3011.7905860563615!2d3.8741220220834505!3d43.60441193841299!2m3!1f0!2f0!3f0!3m2!1i1024!2i768!4f13.1!3m3!1m2!1s0x12b6afa5910c1ec5%3A0xcf332351e4a3264!2sRue%20Dessalle%20Possel%2C%2034000%20Montpellier!5e0!3m2!1sfr!2sfr!4v1756119125642!5m2!1sfr!2sfr\" title=\"Ouvrie le lien\" rel=\"nofollow noopener\" target=\"_blank\">Cliquez ici pour visualiser le contenu<\/a><\/p>\n<p class=\" wall-content\">La victime a expliqu\u00e9 \u00e0 police secours rapidement sur place que deux inconnus \u00e0 scooter se sont arr\u00eat\u00e9s \u00e0 sa hauteur pour lui porter des coups de couteau. Il s\u2019est d\u00e9fendu en utilisant \u00e9galement une arme blanche et en blessant l\u2019auteur, tandis que le comparse abandonnait sur place le deux-roues motoris\u00e9s et prenait la fuite. L\u2019engin a \u00e9t\u00e9 ramen\u00e9 \u00e0 l\u2019h\u00f4tel de police pour les besoins de l\u2019enqu\u00eate.<\/p>\n<p>Saint-Jean-de-V\u00e9das : violences lors d\u2019une soir\u00e9e<\/p>\n<p class=\" wall-content\">Dans la nuit de samedi 23 \u00e0 dimanche 24 ao\u00fbt 2025, \u00e0 2h45, les sapeurs-pompiers et police secours sont intervenue rue Berthelot, o\u00f9 un r\u00e9sidant \u00e2g\u00e9 de 37 ans \u00e9tait l\u00e9g\u00e8rement bless\u00e9 \u00e0 l\u2019arme blanche \u00e0 une \u00e9paule. Il a \u00e9t\u00e9 transport\u00e9 aux urgences de l\u2019h\u00f4pital Lapeyronie.<\/p>\n<p>Vid\u00e9os : en ce moment sur Actu<\/p>\n<p class=\" wall-content\">Il a racont\u00e9 aux policiers avoir re\u00e7u ce coup de lame lors d\u2019une soir\u00e9e qui a d\u00e9g\u00e9n\u00e9r\u00e9 chez des amis dans un appartement \u00e0 <strong>Saint-Jean-de-V\u00e9das<\/strong>. D\u2019ailleurs, les gendarmes de la compagnie de Castelnau-le-Lez \u00e9taient intervenus pour mettre fin \u00e0 cette rixe, pour un mobile inconnu, mais qui pourrait \u00eatre li\u00e9e \u00e0 des invit\u00e9s alcoolis\u00e9s.<\/p>\n<p>Votre r\u00e9gion, votre actu !<\/p>\n<p>Recevez chaque jour les infos qui comptent pour vous.<\/p>\n<p>\t<a href=\"https:\/\/actu.fr\/newsletter\" class=\"ac-btn ac-btn--corner ac-btn--medium ac-btn--blue800\" rel=\"nofollow noopener\" target=\"_blank\">S&rsquo;incrire<\/a><\/p>\n<p class=\" wall-content\">Le trentenaire avait demand\u00e9 aux gendarmes de ne pas pr\u00e9venir les services de secours et qu\u2019il quittait les lieux pour ne pas envenimer la situations, mais apr\u00e8s \u00eatre rentr\u00e9 chez lui, boulevard Berthelot, \u00e0 Montpellier, en raison de fortes douleurs au bras atteint par le coup de couteau, il avait d\u00e9cid\u00e9 d\u2019appeler les pompiers, lesquels ont alert\u00e9 police secours. Selon lui, il aurait formellement identifi\u00e9 son agresseur. Les investigations se poursuivent.<\/p>\n<p class=\" wall-content\">Personnalisez votre actualit\u00e9 en ajoutant vos villes et m\u00e9dias en favori avec <a href=\"https:\/\/moncompte.actu.fr\" title=\"D\u00e9couvez Mon Actu\" rel=\"nofollow noopener\" data-trk=\"{&quot;cta&quot;:{&quot;action&quot;:&quot;https:\\\/\\\/moncompte.actu.fr&quot;,&quot;category&quot;:&quot;mon compte&quot;,&quot;from&quot;:&quot;article footer&quot;,&quot;name&quot;:&quot;Mon actu&quot;,&quot;type&quot;:&quot;cta&quot;}}\" target=\"_blank\">Mon Actu<\/a>.<\/p>\n","protected":false},"excerpt":{"rendered":"Par Jean-Marc Aubert Publi\u00e9 le 25 ao\u00fbt 2025 \u00e0 13h03 ; mis \u00e0 jour le 25 ao\u00fbt 2025&hellip;\n","protected":false},"author":2,"featured_media":171016,"comment_status":"","ping_status":"","sticky":false,"template":"","format":"standard","meta":{"footnotes":""},"categories":[9599],"tags":[1111,11,1777,674,118,1011,27,303,2208,12,2680,1072,1311,25],"class_list":{"0":"post-342682","1":"post","2":"type-post","3":"status-publish","4":"format-standard","5":"has-post-thumbnail","7":"category-montpellier","8":"tag-actu","9":"tag-actualites","10":"tag-eu","11":"tag-europe","12":"tag-faits-divers","13":"tag-fr","14":"tag-france","15":"tag-justice","16":"tag-montpellier","17":"tag-news","18":"tag-occitanie","19":"tag-police","20":"tag-pompiers","21":"tag-republique-francaise"},"share_on_mastodon":{"url":"https:\/\/pubeurope.com\/@fr\/115089160535334873","error":""},"_links":{"self":[{"href":"https:\/\/www.europesays.com\/fr\/wp-json\/wp\/v2\/posts\/342682","targetHints":{"allow":["GET"]}}],"collection":[{"href":"https:\/\/www.europesays.com\/fr\/wp-json\/wp\/v2\/posts"}],"about":[{"href":"https:\/\/www.europesays.com\/fr\/wp-json\/wp\/v2\/types\/post"}],"author":[{"embeddable":true,"href":"https:\/\/www.europesays.com\/fr\/wp-json\/wp\/v2\/users\/2"}],"replies":[{"embeddable":true,"href":"https:\/\/www.europesays.com\/fr\/wp-json\/wp\/v2\/comments?post=342682"}],"version-history":[{"count":0,"href":"https:\/\/www.europesays.com\/fr\/wp-json\/wp\/v2\/posts\/342682\/revisions"}],"wp:featuredmedia":[{"embeddable":true,"href":"https:\/\/www.europesays.com\/fr\/wp-json\/wp\/v2\/media\/171016"}],"wp:attachment":[{"href":"https:\/\/www.europesays.com\/fr\/wp-json\/wp\/v2\/media?parent=342682"}],"wp:term":[{"taxonomy":"category","embeddable":true,"href":"https:\/\/www.europesays.com\/fr\/wp-json\/wp\/v2\/categories?post=342682"},{"taxonomy":"post_tag","embeddable":true,"href":"https:\/\/www.europesays.com\/fr\/wp-json\/wp\/v2\/tags?post=342682"}],"curies":[{"name":"wp","href":"https:\/\/api.w.org\/{rel}","templated":true}]}}