{"id":342683,"date":"2025-08-25T11:26:11","date_gmt":"2025-08-25T11:26:11","guid":{"rendered":"https:\/\/www.europesays.com\/fr\/342683\/"},"modified":"2025-08-25T11:26:11","modified_gmt":"2025-08-25T11:26:11","slug":"mercato-montpellier-devrait-remplacer-becir-omeragic","status":"publish","type":"post","link":"https:\/\/www.europesays.com\/fr\/342683\/","title":{"rendered":"[Mercato] Montpellier devrait remplacer Becir Omeragic"},"content":{"rendered":"<p>Depuis plusieurs jours, le nom de Becir Omeragic revient avec insistance dans les rumeurs de mercato. Le d\u00e9fenseur suisse, arriv\u00e9 au MHSC en 2023, faisait partie des principaux candidats \u00e0 un d\u00e9part cet \u00e9t\u00e9. Ce week-end, <a href=\"https:\/\/www.allezpaillade.com\/transferts\/becir-omeragic-en-route-vers-le-fc-bale\/\" title=\"le journaliste belge Sacha Tavioleri\" rel=\"nofollow noopener\" target=\"_blank\">le journaliste belge Sacha Tavioleri<\/a> a r\u00e9v\u00e9l\u00e9 que le FC B\u00e2le avait entam\u00e9 des discussions avec Montpellier pour rapatrier l\u2019international helv\u00e8te. Une piste cr\u00e9dible, qui confirme que l\u2019avenir d\u2019Omeragic est plus incertain que jamais.<\/p>\n<p>De son c\u00f4t\u00e9, Mohamed Toubache-Ter indiquait que le club b\u00e2lois n\u2019\u00e9tait pas le seul \u00e0 s\u2019int\u00e9resser au joueur. Le quotidien r\u00e9gional <a href=\"https:\/\/www.midilibre.fr\/2025\/08\/24\/mhsc-entame-de-match-jeu-savanier-ou-omeragic-les-points-chauds-dune-fin-dete-a-la-paillade-12891429.php\" title=\"Midi Libre\" rel=\"nofollow noopener\" target=\"_blank\">Midi Libre<\/a> est all\u00e9 dans le m\u00eame sens lundi matin, pr\u00e9cisant que le d\u00e9fenseur suscite de nombreuses convoitises. Omeragic, reconnu pour sa solidit\u00e9 d\u00e9fensive mais aussi pour son r\u00f4le moteur dans le vestiaire, ne devrait toutefois pas quitter l\u2019H\u00e9rault sans que le club ne trouve un rempla\u00e7ant digne de ce nom. C\u2019est ce qu\u2019indique, au conditionnel, le quotidien r\u00e9gional. La direction montpelli\u00e9raine, forc\u00e9ment consciente de l\u2019importance de ce dossier, s\u2019activerait donc pour anticiper un \u00e9ventuel d\u00e9part. En parall\u00e8le, le MHSC travaille \u00e9galement sur le recrutement d\u2019un ailier, preuve que le club veut se renforcer dans plusieurs secteurs de jeu.<\/p>\n<p>\u00c0 une semaine de la cl\u00f4ture du march\u00e9 des transferts, les supporters pailladins peuvent s\u2019attendre \u00e0 des jours mouvement\u00e9s. Entre d\u00e9parts possibles et arriv\u00e9es esp\u00e9r\u00e9es, la fin du mercato s\u2019annonce d\u00e9cisive pour la suite de la saison.<\/p>\n","protected":false},"excerpt":{"rendered":"Depuis plusieurs jours, le nom de Becir Omeragic revient avec insistance dans les rumeurs de mercato. Le d\u00e9fenseur&hellip;\n","protected":false},"author":2,"featured_media":342684,"comment_status":"","ping_status":"","sticky":false,"template":"","format":"standard","meta":{"footnotes":""},"categories":[9599],"tags":[328,1111,11,1777,674,1011,27,1434,2208,12,2680,25],"class_list":{"0":"post-342683","1":"post","2":"type-post","3":"status-publish","4":"format-standard","5":"has-post-thumbnail","7":"category-montpellier","8":"tag-a-la-une","9":"tag-actu","10":"tag-actualites","11":"tag-eu","12":"tag-europe","13":"tag-fr","14":"tag-france","15":"tag-mercato","16":"tag-montpellier","17":"tag-news","18":"tag-occitanie","19":"tag-republique-francaise"},"share_on_mastodon":{"url":"https:\/\/pubeurope.com\/@fr\/115089164536680804","error":""},"_links":{"self":[{"href":"https:\/\/www.europesays.com\/fr\/wp-json\/wp\/v2\/posts\/342683","targetHints":{"allow":["GET"]}}],"collection":[{"href":"https:\/\/www.europesays.com\/fr\/wp-json\/wp\/v2\/posts"}],"about":[{"href":"https:\/\/www.europesays.com\/fr\/wp-json\/wp\/v2\/types\/post"}],"author":[{"embeddable":true,"href":"https:\/\/www.europesays.com\/fr\/wp-json\/wp\/v2\/users\/2"}],"replies":[{"embeddable":true,"href":"https:\/\/www.europesays.com\/fr\/wp-json\/wp\/v2\/comments?post=342683"}],"version-history":[{"count":0,"href":"https:\/\/www.europesays.com\/fr\/wp-json\/wp\/v2\/posts\/342683\/revisions"}],"wp:featuredmedia":[{"embeddable":true,"href":"https:\/\/www.europesays.com\/fr\/wp-json\/wp\/v2\/media\/342684"}],"wp:attachment":[{"href":"https:\/\/www.europesays.com\/fr\/wp-json\/wp\/v2\/media?parent=342683"}],"wp:term":[{"taxonomy":"category","embeddable":true,"href":"https:\/\/www.europesays.com\/fr\/wp-json\/wp\/v2\/categories?post=342683"},{"taxonomy":"post_tag","embeddable":true,"href":"https:\/\/www.europesays.com\/fr\/wp-json\/wp\/v2\/tags?post=342683"}],"curies":[{"name":"wp","href":"https:\/\/api.w.org\/{rel}","templated":true}]}}