{"id":342689,"date":"2025-08-25T11:29:11","date_gmt":"2025-08-25T11:29:11","guid":{"rendered":"https:\/\/www.europesays.com\/fr\/342689\/"},"modified":"2025-08-25T11:29:11","modified_gmt":"2025-08-25T11:29:11","slug":"a-chaque-fois-les-nouveaux-patients-ne-sont-pas-acceptes","status":"publish","type":"post","link":"https:\/\/www.europesays.com\/fr\/342689\/","title":{"rendered":"\u00ab\u00a0\u00c0 chaque fois, les nouveaux patients ne sont pas accept\u00e9s\u00a0\u00bb"},"content":{"rendered":"<p>Aur\u00e9lien, s\u2019est install\u00e9 \u00e0 Grenoble en 2021 dans le cadre de ses \u00e9tudes. Comme de nombreux \u00e9tudiants, il a tr\u00e8s vite \u00e9t\u00e9 confront\u00e9 \u00e0 la p\u00e9nurie de m\u00e9decin en centre-ville. Lors de sa premi\u00e8re ann\u00e9e dans la capitale des Alpes, il tombe malade et tente de d\u00e9nicher un rendez-vous. \u00ab\u00a0Apr\u00e8s plusieurs coups de t\u00e9l\u00e9phone, j\u2019ai abandonn\u00e9\u2026 Je n\u2019ai eu que des r\u00e9ponses n\u00e9gatives. \u00c0 chaque fois, on me r\u00e9p\u00e9tait que les nouveaux patients n\u2019\u00e9taient pas accept\u00e9s. D\u00e9sesp\u00e9r\u00e9, je suis all\u00e9 sur Doctolib. L\u00e0 aussi, c\u2019\u00e9tait peine perdue. Lorsque je souhaitais consulter, il \u00e9tait impossible de contourner le message automatique me signalant que le m\u00e9decin ne prenait pas de nouveaux patients autres que les enfants de moins de&#8230;<\/p>\n","protected":false},"excerpt":{"rendered":"Aur\u00e9lien, s\u2019est install\u00e9 \u00e0 Grenoble en 2021 dans le cadre de ses \u00e9tudes. Comme de nombreux \u00e9tudiants, il&hellip;\n","protected":false},"author":2,"featured_media":342690,"comment_status":"","ping_status":"","sticky":false,"template":"","format":"standard","meta":{"footnotes":""},"categories":[9566],"tags":[1111,11,2430,112,113,114,1777,674,107,1011,27,2731,2732,108,12,25,71,106,104],"class_list":{"0":"post-342689","1":"post","2":"type-post","3":"status-publish","4":"format-standard","5":"has-post-thumbnail","7":"category-grenoble","8":"tag-actu","9":"tag-actualites","10":"tag-auvergne-rhone-alpes","11":"tag-edition-grenoble-agglomeration","12":"tag-edition-gresivaudan-oisans","13":"tag-edition-voiron-saint-marcellin","14":"tag-eu","15":"tag-europe","16":"tag-fil-info","17":"tag-fr","18":"tag-france","19":"tag-grenoble","20":"tag-grenoble-bassin","21":"tag-isere","22":"tag-news","23":"tag-republique-francaise","24":"tag-sante","25":"tag-selection-de-la-redaction-38","26":"tag-societe"},"share_on_mastodon":{"url":"https:\/\/pubeurope.com\/@fr\/115089176288743920","error":""},"_links":{"self":[{"href":"https:\/\/www.europesays.com\/fr\/wp-json\/wp\/v2\/posts\/342689","targetHints":{"allow":["GET"]}}],"collection":[{"href":"https:\/\/www.europesays.com\/fr\/wp-json\/wp\/v2\/posts"}],"about":[{"href":"https:\/\/www.europesays.com\/fr\/wp-json\/wp\/v2\/types\/post"}],"author":[{"embeddable":true,"href":"https:\/\/www.europesays.com\/fr\/wp-json\/wp\/v2\/users\/2"}],"replies":[{"embeddable":true,"href":"https:\/\/www.europesays.com\/fr\/wp-json\/wp\/v2\/comments?post=342689"}],"version-history":[{"count":0,"href":"https:\/\/www.europesays.com\/fr\/wp-json\/wp\/v2\/posts\/342689\/revisions"}],"wp:featuredmedia":[{"embeddable":true,"href":"https:\/\/www.europesays.com\/fr\/wp-json\/wp\/v2\/media\/342690"}],"wp:attachment":[{"href":"https:\/\/www.europesays.com\/fr\/wp-json\/wp\/v2\/media?parent=342689"}],"wp:term":[{"taxonomy":"category","embeddable":true,"href":"https:\/\/www.europesays.com\/fr\/wp-json\/wp\/v2\/categories?post=342689"},{"taxonomy":"post_tag","embeddable":true,"href":"https:\/\/www.europesays.com\/fr\/wp-json\/wp\/v2\/tags?post=342689"}],"curies":[{"name":"wp","href":"https:\/\/api.w.org\/{rel}","templated":true}]}}