{"id":342691,"date":"2025-08-25T11:30:12","date_gmt":"2025-08-25T11:30:12","guid":{"rendered":"https:\/\/www.europesays.com\/fr\/342691\/"},"modified":"2025-08-25T11:30:12","modified_gmt":"2025-08-25T11:30:12","slug":"un-homme-juge-pour-avoir-fauche-une-famille-apres-la-victoire-du-psg-en-ligue-des-champions","status":"publish","type":"post","link":"https:\/\/www.europesays.com\/fr\/342691\/","title":{"rendered":"Un homme jug\u00e9 pour avoir fauch\u00e9 une famille apr\u00e8s la victoire du PSG en Ligue des champions"},"content":{"rendered":"<p>Il avait fauch\u00e9 une famille \u00e0 <a href=\"https:\/\/www.20minutes.fr\/grenoble\/\" class=\"c-link c-link--is-underlined\" target=\"_blank\" rel=\"noopener\">Grenoble <\/a>(Is\u00e8re) apr\u00e8s la <a href=\"https:\/\/www.20minutes.fr\/sport\/football\/diaporama-4156258-psg-inter-chiffres-improbables-victoire-ecrasante-parisiens-finale-ligue-champions\" class=\"c-link c-link--is-underlined\" target=\"_blank\" rel=\"noopener\">victoire du PSG en finale de la Ligue des champions<\/a>, le 31\u00a0mai dernier. Selon <a href=\"https:\/\/france3-regions.franceinfo.fr\/auvergne-rhone-alpes\/isere\/grenoble\/famille-fauchee-a-grenoble-apres-la-victoire-du-psg-le-conducteur-juge-lundi-pour-blessures-involontaires-3205877.html\" target=\"_blank\" class=\"c-link c-link--is-underlined\" rel=\"noopener\">France 3 R\u00e9gions<\/a>, le conducteur sera jug\u00e9 ce lundi pour \u00ab\u00a0blessures involontaires\u00a0\u00bb.<\/p>\n<p>Ce soir-l\u00e0, les c\u00e9l\u00e9brations et la liesse avaient laiss\u00e9 place \u00e0 une sc\u00e8ne de cauchemar. Lors de ce drame, quatre membres d\u2019une famille avaient \u00e9t\u00e9 percut\u00e9s par la voiture d\u2019un jeune homme de 19 ans.<\/p>\n<p>Trois bless\u00e9s dont un grave lors de cet accident<\/p>\n<p>Jug\u00e9 ce lundi au tribunal correctionnel de Grenoble, il est reproch\u00e9 au jeune conducteur les d\u00e9lits suivants\u00a0: \u00ab\u00a0violation manifestement d\u00e9lib\u00e9r\u00e9e d\u2019une obligation de s\u00e9curit\u00e9 ou de prudence\u00a0\u00bb, \u00ab\u00a0destruction du bien d\u2019un charg\u00e9 de mission de service public\u00a0\u00bb, \u00ab\u00a0d\u00e9gradation ou d\u00e9t\u00e9rioration d\u2019un bien appartenant \u00e0 autrui\u00a0\u00bb, et \u00ab\u00a0circulation d\u2019un v\u00e9hicule non autoris\u00e9 sur une voie r\u00e9serv\u00e9e aux v\u00e9hicules de transport en commun\u00a0\u00bb.<\/p>\n<\/p>\n<p>Dans un premier temps, lors de cette soir\u00e9e, de nombreux tirs de mortiers avaient \u00e9t\u00e9 signal\u00e9s au centre-ville. Lors d\u2019un moment de tension, vers 23h40, un v\u00e9hicule BMW s\u00e9rie 1, qui roulait sur les rails du tramway, avait alors percut\u00e9 \u00e0 vive allure un groupe de pi\u00e9tons sur l\u2019avenue Alsace-Lorraine. Une femme de 46 ans, ses deux fils jumeaux de 17 ans et sa ni\u00e8ce de 18 ans avaient \u00e9t\u00e9 bless\u00e9s, dont deux gri\u00e8vement.<\/p>\n<p>Le conducteur avait pris la fuite avant de se rendre \u00e0 la police. Il avait indiqu\u00e9 aux enqu\u00eateurs avoir perdu le contr\u00f4le de sa voiture apr\u00e8s avoir \u00e9t\u00e9 pris pour cible par des tirs de mortiers.<\/p>\n","protected":false},"excerpt":{"rendered":"Il avait fauch\u00e9 une famille \u00e0 Grenoble (Is\u00e8re) apr\u00e8s la victoire du PSG en finale de la Ligue&hellip;\n","protected":false},"author":2,"featured_media":342692,"comment_status":"","ping_status":"","sticky":false,"template":"","format":"standard","meta":{"footnotes":""},"categories":[9566],"tags":[119,1111,47,11,2430,1777,674,118,1011,27,2731,108,303,447,12,2332,25,2431],"class_list":{"0":"post-342691","1":"post","2":"type-post","3":"status-publish","4":"format-standard","5":"has-post-thumbnail","7":"category-grenoble","8":"tag-accident","9":"tag-actu","10":"tag-actualite","11":"tag-actualites","12":"tag-auvergne-rhone-alpes","13":"tag-eu","14":"tag-europe","15":"tag-faits-divers","16":"tag-fr","17":"tag-france","18":"tag-grenoble","19":"tag-isere","20":"tag-justice","21":"tag-ligue-des-champions","22":"tag-news","23":"tag-paris-saint-germain-psg","24":"tag-republique-francaise","25":"tag-rhone-alpes"},"share_on_mastodon":{"url":"https:\/\/pubeurope.com\/@fr\/115089180153749318","error":""},"_links":{"self":[{"href":"https:\/\/www.europesays.com\/fr\/wp-json\/wp\/v2\/posts\/342691","targetHints":{"allow":["GET"]}}],"collection":[{"href":"https:\/\/www.europesays.com\/fr\/wp-json\/wp\/v2\/posts"}],"about":[{"href":"https:\/\/www.europesays.com\/fr\/wp-json\/wp\/v2\/types\/post"}],"author":[{"embeddable":true,"href":"https:\/\/www.europesays.com\/fr\/wp-json\/wp\/v2\/users\/2"}],"replies":[{"embeddable":true,"href":"https:\/\/www.europesays.com\/fr\/wp-json\/wp\/v2\/comments?post=342691"}],"version-history":[{"count":0,"href":"https:\/\/www.europesays.com\/fr\/wp-json\/wp\/v2\/posts\/342691\/revisions"}],"wp:featuredmedia":[{"embeddable":true,"href":"https:\/\/www.europesays.com\/fr\/wp-json\/wp\/v2\/media\/342692"}],"wp:attachment":[{"href":"https:\/\/www.europesays.com\/fr\/wp-json\/wp\/v2\/media?parent=342691"}],"wp:term":[{"taxonomy":"category","embeddable":true,"href":"https:\/\/www.europesays.com\/fr\/wp-json\/wp\/v2\/categories?post=342691"},{"taxonomy":"post_tag","embeddable":true,"href":"https:\/\/www.europesays.com\/fr\/wp-json\/wp\/v2\/tags?post=342691"}],"curies":[{"name":"wp","href":"https:\/\/api.w.org\/{rel}","templated":true}]}}