{"id":342693,"date":"2025-08-25T11:31:14","date_gmt":"2025-08-25T11:31:14","guid":{"rendered":"https:\/\/www.europesays.com\/fr\/342693\/"},"modified":"2025-08-25T11:31:14","modified_gmt":"2025-08-25T11:31:14","slug":"appeles-pour-un-incendie-dans-une-maison-les-pompiers-tombent-nez-a-nez-avec-des-serpents-venimeux-en-ille-et-vilaine","status":"publish","type":"post","link":"https:\/\/www.europesays.com\/fr\/342693\/","title":{"rendered":"Appel\u00e9s pour un incendie dans une maison, les pompiers tombent nez \u00e0 nez avec\u2026 des serpents venimeux en Ille-et-Vilaine"},"content":{"rendered":"<p>Ils ne s\u2019attendaient pas \u00e0 \u00e7a. Samedi 23 ao\u00fbt, des pompiers du service d\u00e9partemental d\u2018incendie et de secours d\u2019Ille-et-Vilaine (SDIS35) ont eu la surprise de tomber nez \u00e0 nez avec des serpents venimeux lors d\u2019une intervention a appris Le T\u00e9l\u00e9gramme confirmant une information de <a href=\"https:\/\/www.ouest-france.fr\/faits-divers\/incendie\/en-bretagne-les-pompiers-venus-pour-un-incendie-tombent-sur-des-serpents-venimeux-67ca4450-8021-11f0-a070-ec6a7f83d549#:~:text=Incendie-,En%20Bretagne%2C%20les%20pompiers%20venus%20pour%20un%20incendie%20tombent%20sur,venimeux%2C%20et%20m%C3%AAme%20un%20varan.\" target=\"_blank\" rel=\"nofollow noopener\">Ouest-France<\/a>.<\/p>\n<p><img decoding=\"async\" src=\"https:\/\/www.europesays.com\/fr\/wp-content\/uploads\/2025\/08\/68ac4446592d9903cb0f4962.1.jpeg\" width=\"480\" height=\"300\" class=\"web_golden_m\" loading=\"lazy\" alt=\"Plusieurs engins ont \u00e9t\u00e9 d\u00e9ploy\u00e9s sur place pour \u00e9teindre le feu.\"\/>Plusieurs engins ont \u00e9t\u00e9 d\u00e9ploy\u00e9s sur place pour \u00e9teindre le feu. (SDIS35)<\/p>\n<p>Les secours avaient \u00e9t\u00e9 d\u00e9clench\u00e9s vers 15 h pour un feu dans une b\u00e2tisse isol\u00e9e situ\u00e9e sur la commune de Soug\u00e9al, au nord du d\u00e9partement, \u00e0 la fronti\u00e8re avec la Manche. Des gros moyens ont \u00e9t\u00e9 d\u00e9ploy\u00e9s avec l\u2019envoi sur place d\u2019une quarantaine de sapeurs pompiers accompagn\u00e9s de 13 v\u00e9hicules.<\/p>\n<p>Des serpents venimeux<\/p>\n<p>Gr\u00e2ce \u00e0 l\u2019utilisation de trois lances \u00e0 eau, le feu a \u00e9t\u00e9 rapidement circonscrit. En rentrant dans la maison, les soldats du feu ont d\u00e9couvert une impressionnante collection d\u2019une trentaine de reptiles. Des pythons, des boas, des varans et m\u00eame quelques serpents venimeux. \u00ab Ceux-l\u00e0 ont \u00e9t\u00e9 laiss\u00e9s sur place dans l\u2019attente de l\u2019arriv\u00e9e du propri\u00e9taire des lieux \u00bb, a pr\u00e9cis\u00e9 le SDIS 35. Nous avons \u00e9vacu\u00e9 les autres \u00bb.<\/p>\n<p>L\u2019intervention des pompiers s\u2019est termin\u00e9e vers 17 h 15. Le propri\u00e9taire a pu r\u00e9cup\u00e9rer les derniers sp\u00e9cimens venimeux laiss\u00e9s sur place, mais certains reptiles ont malheureusement p\u00e9ri dans les flammes.<\/p>\n","protected":false},"excerpt":{"rendered":"Ils ne s\u2019attendaient pas \u00e0 \u00e7a. Samedi 23 ao\u00fbt, des pompiers du service d\u00e9partemental d\u2018incendie et de secours&hellip;\n","protected":false},"author":2,"featured_media":342694,"comment_status":"","ping_status":"","sticky":false,"template":"","format":"standard","meta":{"footnotes":""},"categories":[2821],"tags":[1111,11,829,765,1777,674,1011,27,848,12,584,25],"class_list":{"0":"post-342693","1":"post","2":"type-post","3":"status-publish","4":"format-standard","5":"has-post-thumbnail","7":"category-rennes","8":"tag-actu","9":"tag-actualites","10":"tag-bretagne","11":"tag-en-continu","12":"tag-eu","13":"tag-europe","14":"tag-fr","15":"tag-france","16":"tag-ille-et-vilaine","17":"tag-news","18":"tag-rennes","19":"tag-republique-francaise"},"share_on_mastodon":{"url":"https:\/\/pubeurope.com\/@fr\/115089184296696288","error":""},"_links":{"self":[{"href":"https:\/\/www.europesays.com\/fr\/wp-json\/wp\/v2\/posts\/342693","targetHints":{"allow":["GET"]}}],"collection":[{"href":"https:\/\/www.europesays.com\/fr\/wp-json\/wp\/v2\/posts"}],"about":[{"href":"https:\/\/www.europesays.com\/fr\/wp-json\/wp\/v2\/types\/post"}],"author":[{"embeddable":true,"href":"https:\/\/www.europesays.com\/fr\/wp-json\/wp\/v2\/users\/2"}],"replies":[{"embeddable":true,"href":"https:\/\/www.europesays.com\/fr\/wp-json\/wp\/v2\/comments?post=342693"}],"version-history":[{"count":0,"href":"https:\/\/www.europesays.com\/fr\/wp-json\/wp\/v2\/posts\/342693\/revisions"}],"wp:featuredmedia":[{"embeddable":true,"href":"https:\/\/www.europesays.com\/fr\/wp-json\/wp\/v2\/media\/342694"}],"wp:attachment":[{"href":"https:\/\/www.europesays.com\/fr\/wp-json\/wp\/v2\/media?parent=342693"}],"wp:term":[{"taxonomy":"category","embeddable":true,"href":"https:\/\/www.europesays.com\/fr\/wp-json\/wp\/v2\/categories?post=342693"},{"taxonomy":"post_tag","embeddable":true,"href":"https:\/\/www.europesays.com\/fr\/wp-json\/wp\/v2\/tags?post=342693"}],"curies":[{"name":"wp","href":"https:\/\/api.w.org\/{rel}","templated":true}]}}