{"id":342695,"date":"2025-08-25T11:32:28","date_gmt":"2025-08-25T11:32:28","guid":{"rendered":"https:\/\/www.europesays.com\/fr\/342695\/"},"modified":"2025-08-25T11:32:28","modified_gmt":"2025-08-25T11:32:28","slug":"angers-tient-le-successeur-desteban-lepaul-pour-0e","status":"publish","type":"post","link":"https:\/\/www.europesays.com\/fr\/342695\/","title":{"rendered":"Angers tient le successeur d\u2019Esteban Lepaul pour 0\u20ac"},"content":{"rendered":"<p><strong>Int\u00e9ress\u00e9 par le profil d&rsquo;Esteban Lepaul, le Stade Rennais a appris une bonne nouvelle. Angers vient de recruter un nouvel avant-centre.<\/strong><\/p>\n<p>Humili\u00e9 dimanche \u00e0 Lorient (0-4, 2e journ\u00e9e de Ligue 1), <a href=\"https:\/\/wesportfr.com\/stade-rennais-2-cartons-rouges-a-lorient-pour-camara-et-wooh-en-11-minutes\/\" rel=\"nofollow noopener\" target=\"_blank\">la faute \u00e0 2 cartons rouges pris en seulement 11 minutes<\/a>, le <strong>Stade Rennais\u00a0<\/strong>s&rsquo;est fix\u00e9 une priorit\u00e9 en ces derniers jours du mercato estival. <strong>Le club breton n&rsquo;a toujours pas trouv\u00e9 le successeur d&rsquo;Arnaud Kalimuendo<\/strong>, rappelons-le vendu \u00e0 la formation anglaise de Nottingham Forest pour un montant de 30 M\u20ac.<\/p>\n<p>Rennes plomb\u00e9 par l&rsquo;\u00e9chec Harder<\/p>\n<p>Les Rouge et Noir faisaient de Conrad Harder leur priorit\u00e9. Mais <a href=\"https:\/\/wesportfr.com\/mercato-rennes-les-2-raisons-qui-compliquent-le-deal-conrad-harder\/\" rel=\"nofollow noopener\" target=\"_blank\">2 raisons bloquent aujourd&rsquo;hui un transfert de l&rsquo;attaquant danois du Sporting Portugal<\/a> : <strong>Rennes n&rsquo;est pas unanime sur son profil<\/strong> et <strong>la concurrence du Milan AC<\/strong> emp\u00eachent le SRFC de boucler l&rsquo;affaire. Si le dossier Conrad Harder ressemble aujourd&rsquo;hui \u00e0 un \u00e9chec, Rennes a d&rsquo;autres alternatives en t\u00eate mais doit passer \u00e0 la vitesse sup\u00e9rieure avant la cl\u00f4ture du mercato estival.<\/p>\n<p><strong>\u00c0 lire aussi \u2013 <\/strong><a href=\"https:\/\/wesportfr.com\/mercato-rennes-pourquoi-jeremy-jacquet-ne-doit-pas-partir\/\" rel=\"nofollow noopener\" target=\"_blank\">Mercato Rennes : Pourquoi J\u00e9r\u00e9my Jacquet ne doit pas partir<\/a><\/p>\n<p>3 noms reviennent avec insistance : <strong>Brian Brobbey<\/strong> (Ajax Amsterdam), <strong>Lucas Stassin<\/strong> (AS Saint-Etienne) et peut-\u00eatre et surtout <strong>Esteban Lepaul <\/strong>(Angers). Selon Ouest-France, les discussions pourraient reprendre avec le SCO apr\u00e8s l&rsquo;\u00e9chec Conrad Harder. Le club du Maine-et-Loire r\u00e9clame un montant sup\u00e9rieur \u00e0 20 M\u20ac, tandis que <strong>le Stade Rennais n&rsquo;a pas l&rsquo;intention de d\u00e9penser plus de 15 M\u20ac<\/strong>.<\/p>\n<p>Angers recrute un attaquant de Lens<\/p>\n<p>Si les n\u00e9gociations entre les deux parties s&rsquo;annoncent difficiles, une bonne nouvelle est tomb\u00e9e pour les dirigeants rennais. Ce lundi, <strong>le SCO a officialis\u00e9 le recrutement d&rsquo;un nouvel attaquant<\/strong>, susceptible de remplacer num\u00e9riquement Esteban Lepaul (25 ans, 2028). Le club entra\u00een\u00e9 par Alexandre Dujeux, battu avec les honneurs par le PSG vendredi dernier (0-1), annonce <strong>la venue de R\u00e9my Labeau-Lascary en provenance du Racing Club de Lens<\/strong>.<\/p>\n<blockquote class=\"twitter-tweet\">\n<p dir=\"ltr\" lang=\"fr\">Angers SCO est heureux d&rsquo;annoncer la signature de R\u00e9my Labeau Lascary \u270d\ufe0f<\/p>\n<p>L&rsquo;attaquant de 22 ans est pr\u00eat\u00e9 pour cette saison par le RC Lens.<\/p>\n<p>Bienvenue R\u00e9my \ud83d\udda4\ud83e\udd0d<\/p>\n<p>\u2014 Angers SCO (@AngersSCO) <a href=\"https:\/\/twitter.com\/AngersSCO\/status\/1959881507100573953?ref_src=twsrc%5Etfw\" rel=\"nofollow noopener\" target=\"_blank\">August 25, 2025<\/a><\/p>\n<\/blockquote>\n<p>Sous contrat jusqu&rsquo;en juin 2028 avec les Sang et Or, l&rsquo;avant-centre de 22 ans s&rsquo;engage avec les Angevins <strong>sous la forme d&rsquo;un pr\u00eat d&rsquo;une saison sans option d&rsquo;achat<\/strong>. De retour \u00e0 la comp\u00e9tition apr\u00e8s une rupture des ligaments crois\u00e9s du genou, le Guadeloup\u00e9en ne figurait pas sur la feuille de match \u00e0 l&rsquo;occasion des deux premi\u00e8res journ\u00e9es de <a href=\"https:\/\/wesportfr.com\/football\/ligue-1\/\" rel=\"nofollow noopener\" target=\"_blank\">Ligue 1<\/a> contre l&rsquo;Olympique Lyonnais (0-1) et Le Havre (2-1).<\/p>\n<p><strong>\u00c0 lire aussi \u2013 <\/strong><a href=\"https:\/\/wesportfr.com\/mercato-rennes-pourquoi-la-rumeur-de-lucas-stassin-au-srfc-na-aucune-chance-daboutir\/\" rel=\"nofollow noopener\" target=\"_blank\">Mercato Rennes : Pourquoi la rumeur de Lucas Stassin au SRFC n\u2019a aucune chance d\u2019aboutir<\/a><\/p>\n<p>La venue \u00e0 Raymond Kopa de R\u00e9my Labeau-Lascary, dont la derni\u00e8re apparition remonte au 14 d\u00e9cembre 2024 contre l&rsquo;AJ Auxerre (2-2), est d\u00e9sormais susceptible de <strong>favoriser un d\u00e9part en Bretagne d&rsquo;Esteban Lepaul<\/strong>, exemplaire sur le terrain malgr\u00e9 les rumeurs le concernant en t\u00e9moigne son but marqu\u00e9 face au Paris FC en ouverture de la saison 2025-2026 (1-0). \u00c0 condition que les deux clubs s&rsquo;entendent sur le montant du deal\u2026<\/p>\n<p>                    <script async src=\"https:\/\/platform.twitter.com\/widgets.js\" charset=\"utf-8\"><\/script><\/p>\n","protected":false},"excerpt":{"rendered":"Int\u00e9ress\u00e9 par le profil d&rsquo;Esteban Lepaul, le Stade Rennais a appris une bonne nouvelle. Angers vient de recruter&hellip;\n","protected":false},"author":2,"featured_media":342696,"comment_status":"","ping_status":"","sticky":false,"template":"","format":"standard","meta":{"footnotes":""},"categories":[2821],"tags":[1111,11,829,1777,674,1011,27,12,584,25],"class_list":{"0":"post-342695","1":"post","2":"type-post","3":"status-publish","4":"format-standard","5":"has-post-thumbnail","7":"category-rennes","8":"tag-actu","9":"tag-actualites","10":"tag-bretagne","11":"tag-eu","12":"tag-europe","13":"tag-fr","14":"tag-france","15":"tag-news","16":"tag-rennes","17":"tag-republique-francaise"},"share_on_mastodon":{"url":"https:\/\/pubeurope.com\/@fr\/115089188170122311","error":""},"_links":{"self":[{"href":"https:\/\/www.europesays.com\/fr\/wp-json\/wp\/v2\/posts\/342695","targetHints":{"allow":["GET"]}}],"collection":[{"href":"https:\/\/www.europesays.com\/fr\/wp-json\/wp\/v2\/posts"}],"about":[{"href":"https:\/\/www.europesays.com\/fr\/wp-json\/wp\/v2\/types\/post"}],"author":[{"embeddable":true,"href":"https:\/\/www.europesays.com\/fr\/wp-json\/wp\/v2\/users\/2"}],"replies":[{"embeddable":true,"href":"https:\/\/www.europesays.com\/fr\/wp-json\/wp\/v2\/comments?post=342695"}],"version-history":[{"count":0,"href":"https:\/\/www.europesays.com\/fr\/wp-json\/wp\/v2\/posts\/342695\/revisions"}],"wp:featuredmedia":[{"embeddable":true,"href":"https:\/\/www.europesays.com\/fr\/wp-json\/wp\/v2\/media\/342696"}],"wp:attachment":[{"href":"https:\/\/www.europesays.com\/fr\/wp-json\/wp\/v2\/media?parent=342695"}],"wp:term":[{"taxonomy":"category","embeddable":true,"href":"https:\/\/www.europesays.com\/fr\/wp-json\/wp\/v2\/categories?post=342695"},{"taxonomy":"post_tag","embeddable":true,"href":"https:\/\/www.europesays.com\/fr\/wp-json\/wp\/v2\/tags?post=342695"}],"curies":[{"name":"wp","href":"https:\/\/api.w.org\/{rel}","templated":true}]}}