{"id":342697,"date":"2025-08-25T11:33:19","date_gmt":"2025-08-25T11:33:19","guid":{"rendered":"https:\/\/www.europesays.com\/fr\/342697\/"},"modified":"2025-08-25T11:33:19","modified_gmt":"2025-08-25T11:33:19","slug":"foire-europeenne-de-strasbourg-ne-manquez-pas-lespace-made-in-alsace","status":"publish","type":"post","link":"https:\/\/www.europesays.com\/fr\/342697\/","title":{"rendered":"Foire Europ\u00e9enne de Strasbourg, ne manquez pas l\u2019espace Made in Alsace"},"content":{"rendered":"<p>La Foire Europ\u00e9enne de Strasbourg, c\u2019est la sortie de la rentr\u00e9e et c\u2019est ce moment fort qui relie l\u2019Alsace \u00e0 l\u2019Europe. Au c\u0153ur de celle-ci, un espace vous attend plus que d\u2019autres, l\u2019espace qui prolonge les salons Made in Alsace.<\/p>\n<p><img fetchpriority=\"high\" decoding=\"async\" width=\"1024\" height=\"538\" src=\"https:\/\/www.europesays.com\/fr\/wp-content\/uploads\/2025\/08\/FOire-EUROPEENe-2025-leplan-madeinalsace-1024x538.jpg\" alt=\"\" class=\"wp-image-257038\"  \/><\/p>\n<p><strong>Du 5 au 14 septembre 2025 dans la Nef du Parc Expo de Strasbourg, \u00e0 hauteur du Hall 2<\/strong><\/p>\n<p>Vous retrouverez une s\u00e9lection d\u2019exposants exceptionnels, d\u00e9couvrirez des artisans, des cr\u00e9ateurs, des incontournables des salons Made in Alsace, tous les jours de la Foire Europ\u00e9enne de Strasbourg, du 5 au 14 septembre 2025 dans la Nef du Parc Expo de Strasbourg.<\/p>\n<p><strong>Des exposants \u00ab\u00a0Made in Alsace\u00a0\u00bb<\/strong><\/p>\n<p>Les exposants annonc\u00e9s sont les suivants\u00a0:<\/p>\n<p><strong>Bernard Hergott<\/strong><\/p>\n<p>Cr\u00e9ation textile<\/p>\n<p><strong>Eb\u00e9nisterie Ehrart &amp; Fils<\/strong><\/p>\n<p>Menuiserie, \u00e9b\u00e9nisterie, agencement<\/p>\n<p><strong>Le Petit Elsass<\/strong><\/p>\n<p>(Pr\u00e9sent du 5 au 9 septembre)<\/p>\n<p>Confitures<\/p>\n<p><strong>Greenside<\/strong><\/p>\n<p>(Pr\u00e9sent du 10 au 15 septembre)<\/p>\n<p>Conception de tableaux et murs v\u00e9g\u00e9taux naturels stabilis\u00e9s<\/p>\n<p><strong>Tatindeline<\/strong><\/p>\n<p>(Pr\u00e9sent du 5 au 9 septembre)<\/p>\n<p>Barres de c\u00e9r\u00e9ales healthy<\/p>\n<p><strong>Malgachoux<\/strong><\/p>\n<p>(Pr\u00e9sent du 10 au 15 septembre)<\/p>\n<p>Achards malgaches avec produits locaux<\/p>\n<p><strong>Grand Est R\u00e9novation<\/strong><\/p>\n<p>R\u00e9novation de b\u00e2timents<\/p>\n<p><strong>Str\u00fck Atypik<\/strong><\/p>\n<p>Collectif d\u2019artistes : design<\/p>\n<p><strong>Les Secrets du Chocolat<\/strong><\/p>\n<p>Mus\u00e9e du chocolat<\/p>\n<p><strong>Shaman Cr\u00e9ations<\/strong><\/p>\n<p><img loading=\"lazy\" decoding=\"async\" width=\"1024\" height=\"683\" data-id=\"257039\" src=\"https:\/\/www.europesays.com\/fr\/wp-content\/uploads\/2025\/08\/499937257_688840973997895_7064994965607479646_n-1024x683.jpg\" alt=\"\" class=\"wp-image-257039\"  \/><\/p>\n<p><img loading=\"lazy\" decoding=\"async\" width=\"532\" height=\"800\" data-id=\"257041\" src=\"https:\/\/www.europesays.com\/fr\/wp-content\/uploads\/2025\/08\/498248188_1168447978650946_3974644834458445963_n-532x800.jpg\" alt=\"\" class=\"wp-image-257041\"  \/><\/p>\n<p><img loading=\"lazy\" decoding=\"async\" width=\"601\" height=\"800\" data-id=\"257040\" src=\"https:\/\/www.europesays.com\/fr\/wp-content\/uploads\/2025\/08\/504236055_18070275536001414_1563392644287743480_n-601x800.jpg\" alt=\"\" class=\"wp-image-257040\"  \/><\/p>\n<p>Bijoux<\/p>\n<p><strong>Le Domaine des Pr\u00e9s<\/strong><\/p>\n<p>(Pr\u00e9sent du 5 au 9 septembre)<\/p>\n<p>Patissserie Bredele<\/p>\n<p><strong>How Pass<\/strong><\/p>\n<p>(Pr\u00e9sent du 10 au 15 septembre)<\/p>\n<p>Pass bien-\u00eatre<\/p>\n<p><strong>Linck-Gillain<\/strong><\/p>\n<p>Garde-corps, escaliers, fours \u00e0 tartes flamb\u00e9es, braseros, alambics<\/p>\n<p><strong>Philom\u00e8ne &amp; Z\u00e9bulon<\/strong><\/p>\n<p>Nappes, serviettes, torchons<\/p>\n<p><strong>Bisch de Bruche<\/strong><\/p>\n<p>Pains d\u2019\u00e9pices, nougats, nougatine<\/p>\n<p><strong>S\u2019amer Drinks<\/strong><\/p>\n<p>Amer bi\u00e8re et liqueurs<\/p>\n<p><strong>Au Palais des Abeilles<\/strong><\/p>\n<p>Miel et produits d\u00e9riv\u00e9s de la ruche<\/p>\n<p><strong>Suzanne et Moi<\/strong><\/p>\n<p>Cr\u00e9ations en kelsch<\/p>\n<p><strong>Les Petits Bonheurs de Margot<\/strong><\/p>\n<p>Savonnerie cosm\u00e9tique bio<\/p>\n<p><strong>La Bougie d\u2019Ottrott<\/strong><\/p>\n<p>Bougies parfum\u00e9es<\/p>\n<p><strong>Les Zinzins du Bois<\/strong><\/p>\n<p>Objets d\u00e9co en bois<\/p>\n<p><strong>Les Demoiselles d\u2019Orucy<\/strong><\/p>\n<p>Figurines et bijoux<\/p>\n<p><strong>Flammekuch Koumpanie<\/strong><\/p>\n<p>Dalle \u00e0 tarte flamb\u00e9e pour four traditionnel<\/p>\n<p><strong>Marketa Macudova<\/strong><\/p>\n<p>Pain d\u2019\u00e9pices d\u00e9coratif<\/p>\n<p><strong>Les Th\u00e9s Douceurs<\/strong><\/p>\n<p>Th\u00e9s et infusions bio<\/p>\n<p><strong>Office de Tourisme des Vosges du Nord<\/strong><\/p>\n<p>(Pr\u00e9sent du 5 au 9 septembre)<\/p>\n<p>Offices de Tourisme et Parc Naturel R\u00e9gional<\/p>\n<p><strong>Philom\u00e8ne &amp; Z\u00e9bulon<\/strong><\/p>\n<p>(Pr\u00e9sent du 10 au 14 septembre)<\/p>\n<p>\u00a0Personnalisation de tote bags et objets d\u00e9co en bois<\/p>\n<p><strong>Yves Rudy Torr\u00e9facteur<\/strong><\/p>\n<p>Torr\u00e9facteur<\/p>\n<p><strong>Tradi Solaire<\/strong><\/p>\n<p>Installation photovolta\u00efque<\/p>\n<p><strong>Destin\u2019Est<\/strong><\/p>\n<p>Agence matrimoniale<\/p>\n<p><strong>A d\u00e9couvrir \u00e0 la Foire Europ\u00e9enne de Strasbourg.<\/strong><\/p>\n<p>On vous laisse naturellement les d\u00e9couvrir \u2026 Il y a l\u00e0 des habitu\u00e9s et de belles nouveaut\u00e9s. Vous prolongerez cette d\u00e9couverte avec la partie \u00ab\u00a0Des Livres et\u2026\u00a0\u00bb o\u00f9 vous pourrez rencontrer des auteurs, illustrateurs, \u00e9diteurs dans la galerie du Hall Rhin (c\u00f4t\u00e9 PMC).<\/p>\n<p>L\u2019\u00e9quipe des salons Made in Alsace a mis les petits plats dans les grands cette ann\u00e9e et pour vous faciliter la vie, vous transmet ci-dessous l\u2019ensemble des bonnes informations pour se rendre \u00e0 la foire \u2026<\/p>\n<p>Tout savoir sur la Foire Europ\u00e9enne de Strasbourg et y aller<\/p>\n<p><strong>Foire Europ\u00e9enne 2025 : Plan et infos pratiques<\/strong><\/p>\n<p>\u00a0Du 5 au 14 septembre 2025, venez fl\u00e2ner, \u00e9changer, d\u00e9couvrir\u2026 et soutenir les talents de chez nous !<br \/>Le p\u00f4le Made in Alsace vous donne rendez-vous dans la Nef, juste en face du Hall 2 !<br \/>Une trentaine d\u2019exposants vous y attendent pour vous faire d\u00e9couvrir toute la richesse des savoir-faire alsaciens : artisanat, produits locaux, cr\u00e9ations originales\u2026<\/p>\n<p><img loading=\"lazy\" decoding=\"async\" width=\"1024\" height=\"538\" src=\"https:\/\/www.europesays.com\/fr\/wp-content\/uploads\/2025\/08\/FOire-EUROPEENe-2025-leplan-madeinalsace-1-1024x538.jpg\" alt=\"\" class=\"wp-image-257042\"  \/><\/p>\n<p>Et pour les amoureux de culture et de belles pages, retrouvez le salon \u00ab\u00a0Des Livres et\u2026\u00a0\u00bb dans la galerie du Hall Rhin, au Palais de la Musique et des Congr\u00e8s. Une vingtaine d\u2019exposants autour du livre, des m\u00e9tiers d\u2019art et de l\u2019\u00e9dition locale vous y accueillent dans une ambiance conviviale.<\/p>\n<p><strong>\u00a0Tout ce qu\u2019il faut savoir pour profiter pleinement de votre visite\u00a0<\/strong><\/p>\n<p>Dates : du 5 au 14 septembre 2025<br \/>Horaires : 10h \u00e0 20h (fermeture des stands \u00e0 20h)<br \/>Nocturne : le samedi 13 septembre jusqu\u2019\u00e0 22h<\/p>\n<p>Parkings visiteurs (payant)<\/p>\n<ul class=\"wp-block-list\">\n<li>Parking Parc des Expositions, rue Fritz Kieffer<\/li>\n<li>Parking Relais-Tram Rives de L\u2019Aar (avec acc\u00e8s tram)<\/li>\n<\/ul>\n<p><strong>\u00a0TARIFS ENTREE<\/strong><\/p>\n<p>Billetterie :\u00a0<a href=\"https:\/\/ticketevent.fr\/fes25\/public-1\" rel=\"nofollow noopener\" target=\"_blank\">Billetterie Foire Europ\u00e9enne<\/a><\/p>\n<p>\u00a05\u20ac le billet \u2013 valable en illimit\u00e9 pendant les 10 jours !<br \/>\u00a0Gratuit pour :<\/p>\n<ul class=\"wp-block-list\">\n<li>Les moins de 12 ans<\/li>\n<li>Les personnes en situation de handicap<\/li>\n<li>Les seniors avec carte \u00c9vasion<\/li>\n<li>\u00a0Entr\u00e9e gratuite tous les jours pour tous \u00e0 partir de 18h<br \/>Et le dimanche 14 septembre, entr\u00e9e gratuite d\u00e8s 16h<br \/>Journ\u00e9e DUO le mardi 9 septembre : 1 billet achet\u00e9 = 1 billet offert<\/li>\n<\/ul>\n<p>On vous attend nombreux sur le p\u00f4le Made in Alsace (dans la Nef) et au salon Des Livres et\u2026 (galerie Hall Rhin) ! Vous n\u2019avez plus d\u2019excuses.<\/p>\n<p>AJOUTER L&rsquo;ARTICLE EN FAVORIS \t\t\t\t<\/p>\n","protected":false},"excerpt":{"rendered":"La Foire Europ\u00e9enne de Strasbourg, c\u2019est la sortie de la rentr\u00e9e et c\u2019est ce moment fort qui relie&hellip;\n","protected":false},"author":2,"featured_media":342698,"comment_status":"","ping_status":"","sticky":false,"template":"","format":"standard","meta":{"footnotes":""},"categories":[2820],"tags":[1111,11,1777,674,1011,27,775,12,25,640],"class_list":{"0":"post-342697","1":"post","2":"type-post","3":"status-publish","4":"format-standard","5":"has-post-thumbnail","7":"category-strasbourg","8":"tag-actu","9":"tag-actualites","10":"tag-eu","11":"tag-europe","12":"tag-fr","13":"tag-france","14":"tag-grand-est","15":"tag-news","16":"tag-republique-francaise","17":"tag-strasbourg"},"share_on_mastodon":{"url":"https:\/\/pubeurope.com\/@fr\/115089192158383678","error":""},"_links":{"self":[{"href":"https:\/\/www.europesays.com\/fr\/wp-json\/wp\/v2\/posts\/342697","targetHints":{"allow":["GET"]}}],"collection":[{"href":"https:\/\/www.europesays.com\/fr\/wp-json\/wp\/v2\/posts"}],"about":[{"href":"https:\/\/www.europesays.com\/fr\/wp-json\/wp\/v2\/types\/post"}],"author":[{"embeddable":true,"href":"https:\/\/www.europesays.com\/fr\/wp-json\/wp\/v2\/users\/2"}],"replies":[{"embeddable":true,"href":"https:\/\/www.europesays.com\/fr\/wp-json\/wp\/v2\/comments?post=342697"}],"version-history":[{"count":0,"href":"https:\/\/www.europesays.com\/fr\/wp-json\/wp\/v2\/posts\/342697\/revisions"}],"wp:featuredmedia":[{"embeddable":true,"href":"https:\/\/www.europesays.com\/fr\/wp-json\/wp\/v2\/media\/342698"}],"wp:attachment":[{"href":"https:\/\/www.europesays.com\/fr\/wp-json\/wp\/v2\/media?parent=342697"}],"wp:term":[{"taxonomy":"category","embeddable":true,"href":"https:\/\/www.europesays.com\/fr\/wp-json\/wp\/v2\/categories?post=342697"},{"taxonomy":"post_tag","embeddable":true,"href":"https:\/\/www.europesays.com\/fr\/wp-json\/wp\/v2\/tags?post=342697"}],"curies":[{"name":"wp","href":"https:\/\/api.w.org\/{rel}","templated":true}]}}