{"id":342699,"date":"2025-08-25T11:34:34","date_gmt":"2025-08-25T11:34:34","guid":{"rendered":"https:\/\/www.europesays.com\/fr\/342699\/"},"modified":"2025-08-25T11:34:34","modified_gmt":"2025-08-25T11:34:34","slug":"brondby-sincline-en-championnat-avant-de-defier-strasbourg-alsasports","status":"publish","type":"post","link":"https:\/\/www.europesays.com\/fr\/342699\/","title":{"rendered":"Brondby s&rsquo;incline en championnat avant de d\u00e9fier Strasbourg \u2014 Alsa&rsquo;Sports"},"content":{"rendered":"<p><strong>Brondby s\u2019est inclin\u00e9 \u00e0 Sonderjyske lors de la J6 de Superliga (2-0) avant de rejouer contre Strasbourg en barrage retour de Ligue Conf\u00e9rence jeudi. <\/strong><\/p>\n<p>Les matches entre deux tours europ\u00e9ens servent parfois de transition pour se mettre dans les meilleures conditions. Si le Racing a gagn\u00e9 p\u00e9niblement contre Nantes (1-0) et s\u2019offre au moins le sourire d\u2019une victoire, son adversaire danois ne peut pas en dire autant. Brondby, \u00e0 la lutte comme chaque saison pour le titre en Superliga, s\u2019est inclin\u00e9 2-0 sur le terrain de Sonderjyske hier apr\u00e8s-midi lors de la sixi\u00e8me journ\u00e9e de championnat.  <\/p>\n<p>Avec un onze quelque peu remani\u00e9 avant de d\u00e9fier Strasbourg en barrage retour de Ligue Conf\u00e9rence jeudi soir \u00e0 domicile. Cinq changements ont \u00e9t\u00e9 effectu\u00e9s par rapport \u00e0 la composition d\u2019\u00e9quipe align\u00e9e \u00e0 la Meinau jeudi dernier. <\/p>\n<p class=\"has-text-align-center\"><strong>Gregoritsch<\/strong> (entr\u00e9 contre le RCSA) \u2013 <strong>Bundgaard<\/strong> \u2013 <strong>Bischoff<\/strong> (suspendu contre le RCSA)<\/p>\n<p class=\"has-text-align-center\"><strong>Villadsen<\/strong> (entr\u00e9 contre le RCSA) \u2013 <strong>Tahirovic<\/strong> \u2013 <strong>Spierings<\/strong> (entr\u00e9 contre le RCSA) \u2013 <strong>Kohlert<\/strong> <\/p>\n<p class=\"has-text-align-center\"><strong>Alves<\/strong> (sur le banc contre le RCSA) <strong>\u2013 Lauritsen<\/strong> \u2013 <strong>Klaiber<\/strong><\/p>\n<p class=\"has-text-align-center\"><strong>Pentz<\/strong><\/p>\n<p>Les hommes de Frederik Birk ont glan\u00e9 12 points en 6 matches (4 victoires et 2 d\u00e9faites) et compl\u00e8tent le podium de Superliga derri\u00e8re le FC Copenhague et Midtjylland. <\/p>\n","protected":false},"excerpt":{"rendered":"Brondby s\u2019est inclin\u00e9 \u00e0 Sonderjyske lors de la J6 de Superliga (2-0) avant de rejouer contre Strasbourg en&hellip;\n","protected":false},"author":2,"featured_media":342700,"comment_status":"","ping_status":"","sticky":false,"template":"","format":"standard","meta":{"footnotes":""},"categories":[2820],"tags":[1111,11,1777,674,63,1011,27,775,12,25,640],"class_list":{"0":"post-342699","1":"post","2":"type-post","3":"status-publish","4":"format-standard","5":"has-post-thumbnail","7":"category-strasbourg","8":"tag-actu","9":"tag-actualites","10":"tag-eu","11":"tag-europe","12":"tag-football","13":"tag-fr","14":"tag-france","15":"tag-grand-est","16":"tag-news","17":"tag-republique-francaise","18":"tag-strasbourg"},"share_on_mastodon":{"url":"https:\/\/pubeurope.com\/@fr\/115089195848984099","error":""},"_links":{"self":[{"href":"https:\/\/www.europesays.com\/fr\/wp-json\/wp\/v2\/posts\/342699","targetHints":{"allow":["GET"]}}],"collection":[{"href":"https:\/\/www.europesays.com\/fr\/wp-json\/wp\/v2\/posts"}],"about":[{"href":"https:\/\/www.europesays.com\/fr\/wp-json\/wp\/v2\/types\/post"}],"author":[{"embeddable":true,"href":"https:\/\/www.europesays.com\/fr\/wp-json\/wp\/v2\/users\/2"}],"replies":[{"embeddable":true,"href":"https:\/\/www.europesays.com\/fr\/wp-json\/wp\/v2\/comments?post=342699"}],"version-history":[{"count":0,"href":"https:\/\/www.europesays.com\/fr\/wp-json\/wp\/v2\/posts\/342699\/revisions"}],"wp:featuredmedia":[{"embeddable":true,"href":"https:\/\/www.europesays.com\/fr\/wp-json\/wp\/v2\/media\/342700"}],"wp:attachment":[{"href":"https:\/\/www.europesays.com\/fr\/wp-json\/wp\/v2\/media?parent=342699"}],"wp:term":[{"taxonomy":"category","embeddable":true,"href":"https:\/\/www.europesays.com\/fr\/wp-json\/wp\/v2\/categories?post=342699"},{"taxonomy":"post_tag","embeddable":true,"href":"https:\/\/www.europesays.com\/fr\/wp-json\/wp\/v2\/tags?post=342699"}],"curies":[{"name":"wp","href":"https:\/\/api.w.org\/{rel}","templated":true}]}}