{"id":342701,"date":"2025-08-25T11:36:21","date_gmt":"2025-08-25T11:36:21","guid":{"rendered":"https:\/\/www.europesays.com\/fr\/342701\/"},"modified":"2025-08-25T11:36:21","modified_gmt":"2025-08-25T11:36:21","slug":"la-ville-de-nice-investit-dans-des-pieges-anti-rats","status":"publish","type":"post","link":"https:\/\/www.europesays.com\/fr\/342701\/","title":{"rendered":"la ville de Nice investit dans des pi\u00e8ges anti-rats"},"content":{"rendered":"<p>\u00ab\u00a0C&rsquo;est vraiment d\u00e9go\u00fbtant\u00a0\u00bb: la ville de Nice investit dans des pi\u00e8ges anti-ratsSur le m\u00eame sujet<a href=\"https:\/\/www.bfmtv.com\/people\/musique\/video-free-palestine-le-groupe-kneecap-reaffirme-son-soutien-aux-palestiniens-a-rock-en-seine_VN-202508250367.html\" title=\"&quot;Free Palestine&quot;: le groupe Kneecap r\u00e9affirme son soutien aux Palestiniens \u00e0 Rock en Seine\" rel=\"nofollow noopener\" target=\"_blank\"><img width=\"16\" height=\"9\" class=\"lozad\"  alt=\"&quot;Free Palestine&quot;: le groupe Kneecap r\u00e9affirme son soutien aux Palestiniens \u00e0 Rock en Seine\"\/>1:12&Prime;Free Palestine\u00a0\u00bb: le groupe Kneecap r\u00e9affirme son soutien aux Palestiniens \u00e0 Rock en Seine<\/a><a href=\"https:\/\/www.bfmtv.com\/societe\/video-c-est-vraiment-degoutant-la-ville-de-nice-investit-dans-des-pieges-anti-rats_VN-202508250363.html\" title=\"&quot;C&#039;est vraiment d\u00e9go\u00fbtant&quot;: la ville de Nice investit dans des pi\u00e8ges anti-rats\" rel=\"nofollow noopener\" target=\"_blank\"><img width=\"16\" height=\"9\" class=\"lozad\"  alt=\"&quot;C'est vraiment d\u00e9go\u00fbtant&quot;: la ville de Nice investit dans des pi\u00e8ges anti-rats\"\/>en lecture\u00a0\u00bbC&rsquo;est vraiment d\u00e9go\u00fbtant\u00a0\u00bb: la ville de Nice investit dans des pi\u00e8ges anti-rats<\/a><a href=\"https:\/\/www.bfmtv.com\/societe\/video-a-denain-nord-les-ecoliers-vont-faire-leur-deuxieme-rentree-en-uniforme_VN-202508250360.html\" title=\"\u00c0 Denain (Nord), les \u00e9coliers vont faire leur deuxi\u00e8me rentr\u00e9e en uniforme\" rel=\"nofollow noopener\" target=\"_blank\"><img width=\"16\" height=\"9\" class=\"lozad\"  alt=\"\u00c0 Denain (Nord), les \u00e9coliers vont faire leur deuxi\u00e8me rentr\u00e9e en uniforme\"\/>2:46\u00c0 Denain (Nord), les \u00e9coliers vont faire leur deuxi\u00e8me rentr\u00e9e en uniforme<\/a><a href=\"https:\/\/www.bfmtv.com\/societe\/education\/video-alors-que-la-rentree-scolaire-approche-des-postes-de-professeurs-sont-toujours-vacants_VN-202508250351.html\" title=\"Alors que la rentr\u00e9e scolaire approche, des postes de professeurs sont toujours vacants\" rel=\"nofollow noopener\" target=\"_blank\"><img width=\"16\" height=\"9\" class=\"lozad\"  alt=\"Alors que la rentr\u00e9e scolaire approche, des postes de professeurs sont toujours vacants\"\/>3:09Alors que la rentr\u00e9e scolaire approche, des postes de professeurs sont toujours vacants<\/a><a href=\"https:\/\/www.bfmtv.com\/societe\/manifestations\/video-10-septembre-on-appelle-a-la-greve-generale-affirme-fabien-villedieu-sud-rail_VN-202508250304.html\" title=\"10 septembre: &quot;On appelle \u00e0 la gr\u00e8ve g\u00e9n\u00e9rale&quot;, affirme Fabien Villedieu (Sud Rail)\" rel=\"nofollow noopener\" target=\"_blank\"><img width=\"16\" height=\"9\" class=\"lozad\"  alt=\"10 septembre: &quot;On appelle \u00e0 la gr\u00e8ve g\u00e9n\u00e9rale&quot;, affirme Fabien Villedieu (Sud Rail)\"\/>0:5910 septembre: \u00ab\u00a0On appelle \u00e0 la gr\u00e8ve g\u00e9n\u00e9rale\u00a0\u00bb, affirme Fabien Villedieu (Sud Rail)<\/a><a href=\"https:\/\/www.bfmtv.com\/lyon\/videos\/video-l-histoire-du-jour-ce-lundi-prenez-des-photos-a-villeurbanne_VN-202508250278.html\" title=\"L&#039;histoire du jour ce lundi : prenez des photos \u00e0 Villeurbanne !\" rel=\"nofollow noopener\" target=\"_blank\"><img width=\"16\" height=\"9\" class=\"lozad\"  alt=\"L'histoire du jour ce lundi : prenez des photos \u00e0 Villeurbanne !\"\/>1:32L&rsquo;histoire du jour ce lundi : prenez des photos \u00e0 Villeurbanne !<\/a><a href=\"https:\/\/www.bfmtv.com\/societe\/video-les-eclaireurs-ce-que-l-on-sait-de-la-lettre-adressee-par-l-ambassadeur-americain-en-france-a-emmanuel-macron-sur-l-absence-d-action-suffisante-du-president-contre-l-antisemitisme_VN-202508250260.html\" title=\"LES \u00c9CLAIREURS - Ce que l&#039;on sait de la lettre adress\u00e9e par l&#039;ambassadeur am\u00e9ricain en France \u00e0 Emmanuel Macron sur &quot;l&#039;absence d&#039;action suffisante&quot; du pr\u00e9sident contre l&#039;antis\u00e9mitisme\" rel=\"nofollow noopener\" target=\"_blank\"><img width=\"16\" height=\"9\" class=\"lozad\"  alt=\"LES \u00c9CLAIREURS - Ce que l'on sait de la lettre adress\u00e9e par l'ambassadeur am\u00e9ricain en France \u00e0 Emmanuel Macron sur &quot;l'absence d'action suffisante&quot; du pr\u00e9sident contre l'antis\u00e9mitisme\"\/>2:28LES \u00c9CLAIREURS &#8211; Ce que l&rsquo;on sait de la lettre adress\u00e9e par l&rsquo;ambassadeur am\u00e9ricain en France \u00e0 Emmanuel Macron sur \u00ab\u00a0l&rsquo;absence d&rsquo;action suffisante\u00a0\u00bb du pr\u00e9sident contre l&rsquo;antis\u00e9mitisme<\/a><a href=\"https:\/\/www.bfmtv.com\/economie\/replay-emissions\/les-experts\/video-les-experts-budget-2026-vers-une-censure-a-la-rentree-25-08_VN-202508250261.html\" title=\"Les Experts : Budget 2026, vers une censure \u00e0 la rentr\u00e9e ? - 25\/08\" rel=\"nofollow noopener\" target=\"_blank\"><img width=\"16\" height=\"9\" class=\"lozad\"  alt=\"Les Experts : Budget 2026, vers une censure \u00e0 la rentr\u00e9e ? - 25\/08\"\/>24:58Les Experts : Budget 2026, vers une censure \u00e0 la rentr\u00e9e ? &#8211; 25\/08<\/a><a href=\"https:\/\/www.bfmtv.com\/lyon\/videos\/video-lyon-toujours-plus-chere-pour-les-etudiants_VN-202508250254.html\" title=\"Lyon toujours plus ch\u00e8re pour les \u00e9tudiants\" rel=\"nofollow noopener\" target=\"_blank\"><img width=\"16\" height=\"9\" class=\"lozad\"  alt=\"Lyon toujours plus ch\u00e8re pour les \u00e9tudiants\"\/>1:46Lyon toujours plus ch\u00e8re pour les \u00e9tudiants<\/a><a href=\"https:\/\/www.bfmtv.com\/societe\/video-antisemitisme-j-ai-le-sentiment-de-vivre-constamment-avec-une-boule-au-ventre-une-incertitude-sur-l-avenir-pour-nos-enfants-affirme-delphine-horvilleur-rabbin-et-philosophe_VN-202508250235.html\" title=\"Antis\u00e9mitisme: &quot;J&#039;ai le sentiment de vivre constamment avec une boule au ventre, une incertitude sur l&#039;avenir (...) pour nos enfants&quot;, affirme Delphine Horvilleur, rabbin et philosophe\" rel=\"nofollow noopener\" target=\"_blank\"><img width=\"16\" height=\"9\" class=\"lozad\"  alt=\"Antis\u00e9mitisme: &quot;J'ai le sentiment de vivre constamment avec une boule au ventre, une incertitude sur l'avenir (...) pour nos enfants&quot;, affirme Delphine Horvilleur, rabbin et philosophe\"\/>3:50Antis\u00e9mitisme: \u00ab\u00a0J&rsquo;ai le sentiment de vivre constamment avec une boule au ventre, une incertitude sur l&rsquo;avenir (&#8230;) pour nos enfants\u00a0\u00bb, affirme Delphine Horvilleur, rabbin et philosophe<\/a><a href=\"https:\/\/www.bfmtv.com\/societe\/insolite\/video-finistere-les-images-impressionnantes-du-crash-d-un-helicoptere-dans-l-eau_VN-202508250231.html\" title=\"Finist\u00e8re: les images impressionnantes du crash d&#039;un h\u00e9licopt\u00e8re dans l&#039;eau \" rel=\"nofollow noopener\" target=\"_blank\"><img width=\"16\" height=\"9\" class=\"lozad\"  alt=\"Finist\u00e8re: les images impressionnantes du crash d'un h\u00e9licopt\u00e8re dans l'eau \"\/>1:19Finist\u00e8re: les images impressionnantes du crash d&rsquo;un h\u00e9licopt\u00e8re dans l&rsquo;eau<\/a><a href=\"https:\/\/www.bfmtv.com\/economie\/replay-emissions\/le-grand-entretien\/video-le-grand-entretien-budget-2026-vers-une-censure-a-la-rentree-25-08_VN-202508250146.html\" title=\"Le Grand entretien : Budget 2026, vers une censure \u00e0 la rentr\u00e9e ? - 25\/08\" rel=\"nofollow noopener\" target=\"_blank\"><img width=\"16\" height=\"9\" class=\"lozad\"  alt=\"Le Grand entretien : Budget 2026, vers une censure \u00e0 la rentr\u00e9e ? - 25\/08\"\/>9:16Le Grand entretien : Budget 2026, vers une censure \u00e0 la rentr\u00e9e ? &#8211; 25\/08<\/a><a href=\"https:\/\/www.bfmtv.com\/societe\/video-beaucoup-de-chaos-apres-l-incendie-dans-l-aude-les-sinistres-temoignent_VN-202508250135.html\" title=\"&quot;Beaucoup de chaos&quot;: apr\u00e8s l&#039;incendie dans l&#039;Aude, les sinistr\u00e9s t\u00e9moignent\" rel=\"nofollow noopener\" target=\"_blank\"><img width=\"16\" height=\"9\" class=\"lozad\"  alt=\"&quot;Beaucoup de chaos&quot;: apr\u00e8s l'incendie dans l'Aude, les sinistr\u00e9s t\u00e9moignent\"\/>2:29&Prime;Beaucoup de chaos\u00a0\u00bb: apr\u00e8s l&rsquo;incendie dans l&rsquo;Aude, les sinistr\u00e9s t\u00e9moignent<\/a><a href=\"https:\/\/www.bfmtv.com\/economie\/replay-emissions\/l-edito-de-raphael-legendre\/video-l-edito-de-raphael-legendre-rentree-politique-ou-est-ce-que-ca-bloque-25-08_VN-202508250115.html\" title=\"L&#039;Edito de Rapha\u00ebl Legendre : Rentr\u00e9e politique, o\u00f9 est-ce que \u00e7a bloque ? - 25\/08\" rel=\"nofollow noopener\" target=\"_blank\"><img width=\"16\" height=\"9\" class=\"lozad\"  alt=\"L'Edito de Rapha\u00ebl Legendre : Rentr\u00e9e politique, o\u00f9 est-ce que \u00e7a bloque ? - 25\/08\"\/>4:07L&rsquo;Edito de Rapha\u00ebl Legendre : Rentr\u00e9e politique, o\u00f9 est-ce que \u00e7a bloque ? &#8211; 25\/08<\/a><a class=\"jumpToVideo\" target=\"_blank\"><img class=\"thumbnailPreview\"\/><\/a><\/p>\n","protected":false},"excerpt":{"rendered":"\u00ab\u00a0C&rsquo;est vraiment d\u00e9go\u00fbtant\u00a0\u00bb: la ville de Nice investit dans des pi\u00e8ges anti-ratsSur le m\u00eame sujet1:12&Prime;Free Palestine\u00a0\u00bb: le groupe&hellip;\n","protected":false},"author":2,"featured_media":342702,"comment_status":"","ping_status":"","sticky":false,"template":"","format":"standard","meta":{"footnotes":""},"categories":[2819],"tags":[1111,11,1777,674,1011,27,12,2401,882,25],"class_list":{"0":"post-342701","1":"post","2":"type-post","3":"status-publish","4":"format-standard","5":"has-post-thumbnail","7":"category-nice","8":"tag-actu","9":"tag-actualites","10":"tag-eu","11":"tag-europe","12":"tag-fr","13":"tag-france","14":"tag-news","15":"tag-nice","16":"tag-provence-alpes-cote-dazur","17":"tag-republique-francaise"},"share_on_mastodon":{"url":"https:\/\/pubeurope.com\/@fr\/115089203749580508","error":""},"_links":{"self":[{"href":"https:\/\/www.europesays.com\/fr\/wp-json\/wp\/v2\/posts\/342701","targetHints":{"allow":["GET"]}}],"collection":[{"href":"https:\/\/www.europesays.com\/fr\/wp-json\/wp\/v2\/posts"}],"about":[{"href":"https:\/\/www.europesays.com\/fr\/wp-json\/wp\/v2\/types\/post"}],"author":[{"embeddable":true,"href":"https:\/\/www.europesays.com\/fr\/wp-json\/wp\/v2\/users\/2"}],"replies":[{"embeddable":true,"href":"https:\/\/www.europesays.com\/fr\/wp-json\/wp\/v2\/comments?post=342701"}],"version-history":[{"count":0,"href":"https:\/\/www.europesays.com\/fr\/wp-json\/wp\/v2\/posts\/342701\/revisions"}],"wp:featuredmedia":[{"embeddable":true,"href":"https:\/\/www.europesays.com\/fr\/wp-json\/wp\/v2\/media\/342702"}],"wp:attachment":[{"href":"https:\/\/www.europesays.com\/fr\/wp-json\/wp\/v2\/media?parent=342701"}],"wp:term":[{"taxonomy":"category","embeddable":true,"href":"https:\/\/www.europesays.com\/fr\/wp-json\/wp\/v2\/categories?post=342701"},{"taxonomy":"post_tag","embeddable":true,"href":"https:\/\/www.europesays.com\/fr\/wp-json\/wp\/v2\/tags?post=342701"}],"curies":[{"name":"wp","href":"https:\/\/api.w.org\/{rel}","templated":true}]}}