{"id":342703,"date":"2025-08-25T11:37:13","date_gmt":"2025-08-25T11:37:13","guid":{"rendered":"https:\/\/www.europesays.com\/fr\/342703\/"},"modified":"2025-08-25T11:37:13","modified_gmt":"2025-08-25T11:37:13","slug":"45-pneus-creves-en-une-nuit-lauteur-des-faits-avait-ete-condamne-pour-meurtre","status":"publish","type":"post","link":"https:\/\/www.europesays.com\/fr\/342703\/","title":{"rendered":"45 pneus crev\u00e9s en une nuit, l\u2019auteur des faits avait \u00e9t\u00e9 condamn\u00e9 pour meurtre"},"content":{"rendered":"<p>Un homme d\u00e9j\u00e0 connu de la justice a \u00e9t\u00e9 arr\u00eat\u00e9 en flagrant d\u00e9lit par la BAC nantaise, vendredi soir. Le suspect s\u2019en serait pris \u00e0 17 v\u00e9hicules et \u00e9voque, en audition, avoir eu un \u00abdiff\u00e9rend avec un riverain\u00bb.<\/p>\n<p class=\"fig-paragraph\">Au moins 17 voitures d\u00e9grad\u00e9es. Un homme de 37 ans a \u00e9t\u00e9 d\u00e9f\u00e9r\u00e9 dimanche devant le parquet du tribunal judiciaire\u00a0<a href=\"https:\/\/www.lefigaro.fr\/nantes\" target=\"_blank\" data-fig-type=\"Section\" rel=\"noopener nofollow\" data-gtm-custom-categorie=\"navigation\" data-gtm-custom-action=\"crossclick\" data-gtm-custom-label=\"Contextuel\" data-gtm-event=\"customEventSPE\" data-fig-domain=\"LEFIGARO\">de Nantes<\/a>\u00a0(Loire-Atlantique). Il passe en comparution imm\u00e9diate ce lundi 25 ao\u00fbt, trois jours apr\u00e8s son interpellation en flagrant d\u00e9lit de vandalisme. Aper\u00e7u par un t\u00e9moin, le suspect venait\u00a0<a href=\"http:\/\/www.lefigaro.fr\/faits-divers\/un-mysterieux-collectif-degonfle-les-pneus-des-grosses-voitures-la-nuit-dans-les-grandes-villes-20220804\" target=\"_blank\" data-fig-type=\"NewsFlash\" rel=\"noopener nofollow\" data-gtm-custom-categorie=\"navigation\" data-gtm-custom-action=\"crossclick\" data-gtm-custom-label=\"Contextuel\" data-gtm-event=\"customEventSPE\" data-fig-domain=\"LEFIGARO\">de crever les pneus<\/a>\u00a0de plusieurs v\u00e9hicules, dans le quartier de Bas Chantenay, dans le centre-ouest de la cit\u00e9 des ducs. Arr\u00eat\u00e9 en possession d\u2019un couteau par la brigade anticriminalit\u00e9 (BAC), l\u2019individu \u00e9tait d\u00e9j\u00e0 connu de la justice. Il avait par le pass\u00e9 \u00e9t\u00e9 condamn\u00e9 \u00e0 15 ans de prison pour meurtre.<\/p>\n<p class=\"fig-paragraph\">Sans domicile fixe et \u00e9galement connu de la police pour de pr\u00e9c\u00e9dentes d\u00e9gradations, d\u2019apr\u00e8s nos confr\u00e8res de\u00a0<a href=\"https:\/\/www.ouest-france.fr\/societe\/faits-divers\/un-homme-creve-45-pneus-en-une-nuit-dans-deux-rues-de-nantes-un-reveil-amer-pour-les-habitants-819f85fc-8008-11f0-a77f-922a296422d8\" target=\"_blank\" rel=\"noopener nofollow\" data-gtm-custom-categorie=\"navigation\" data-gtm-custom-action=\"crossclick\" data-gtm-custom-label=\"Contextuel\" data-gtm-event=\"customEventSPE\">Ouest France<\/a>, le suspect aurait, au total, crev\u00e9 45 pneus dans la soir\u00e9e du vendredi 22 ao\u00fbt. Des utilitaires et des citadines figurent parmi les v\u00e9hicules vis\u00e9s. L\u2019homme arr\u00eat\u00e9 n\u2019a reconnu qu\u2019une partie des faits. \u00abIl affirme n\u2019avoir d\u00e9grad\u00e9 qu\u2019un seul v\u00e9hicule, en raison d\u2019un diff\u00e9rend avec un riverain\u00bb, pr\u00e9cise lundi au Figaro une source polici\u00e8re nantaise.<\/p>\n","protected":false},"excerpt":{"rendered":"Un homme d\u00e9j\u00e0 connu de la justice a \u00e9t\u00e9 arr\u00eat\u00e9 en flagrant d\u00e9lit par la BAC nantaise, vendredi&hellip;\n","protected":false},"author":2,"featured_media":342704,"comment_status":"","ping_status":"","sticky":false,"template":"","format":"standard","meta":{"footnotes":""},"categories":[2818],"tags":[1111,11,1777,674,1011,27,766,12,2636,6110,25,4752],"class_list":{"0":"post-342703","1":"post","2":"type-post","3":"status-publish","4":"format-standard","5":"has-post-thumbnail","7":"category-nantes","8":"tag-actu","9":"tag-actualites","10":"tag-eu","11":"tag-europe","12":"tag-fr","13":"tag-france","14":"tag-nantes","15":"tag-news","16":"tag-pays-de-la-loire","17":"tag-pneus","18":"tag-republique-francaise","19":"tag-voiture"},"share_on_mastodon":{"url":"https:\/\/pubeurope.com\/@fr\/115089207689088055","error":""},"_links":{"self":[{"href":"https:\/\/www.europesays.com\/fr\/wp-json\/wp\/v2\/posts\/342703","targetHints":{"allow":["GET"]}}],"collection":[{"href":"https:\/\/www.europesays.com\/fr\/wp-json\/wp\/v2\/posts"}],"about":[{"href":"https:\/\/www.europesays.com\/fr\/wp-json\/wp\/v2\/types\/post"}],"author":[{"embeddable":true,"href":"https:\/\/www.europesays.com\/fr\/wp-json\/wp\/v2\/users\/2"}],"replies":[{"embeddable":true,"href":"https:\/\/www.europesays.com\/fr\/wp-json\/wp\/v2\/comments?post=342703"}],"version-history":[{"count":0,"href":"https:\/\/www.europesays.com\/fr\/wp-json\/wp\/v2\/posts\/342703\/revisions"}],"wp:featuredmedia":[{"embeddable":true,"href":"https:\/\/www.europesays.com\/fr\/wp-json\/wp\/v2\/media\/342704"}],"wp:attachment":[{"href":"https:\/\/www.europesays.com\/fr\/wp-json\/wp\/v2\/media?parent=342703"}],"wp:term":[{"taxonomy":"category","embeddable":true,"href":"https:\/\/www.europesays.com\/fr\/wp-json\/wp\/v2\/categories?post=342703"},{"taxonomy":"post_tag","embeddable":true,"href":"https:\/\/www.europesays.com\/fr\/wp-json\/wp\/v2\/tags?post=342703"}],"curies":[{"name":"wp","href":"https:\/\/api.w.org\/{rel}","templated":true}]}}