{"id":342705,"date":"2025-08-25T11:38:16","date_gmt":"2025-08-25T11:38:16","guid":{"rendered":"https:\/\/www.europesays.com\/fr\/342705\/"},"modified":"2025-08-25T11:38:16","modified_gmt":"2025-08-25T11:38:16","slug":"rando-avec-vignerons-degustations-pique-nique-big-city-nantes","status":"publish","type":"post","link":"https:\/\/www.europesays.com\/fr\/342705\/","title":{"rendered":"rando avec vignerons, d\u00e9gustations, pique-nique \u2013 Big City Nantes"},"content":{"rendered":"<p>\t\t\t\t&#13;<br \/>\n\t\t\t\t\t<img loading=\"lazy\" width=\"527\" height=\"395\" src=\"https:\/\/www.europesays.com\/fr\/wp-content\/uploads\/2025\/08\/Les-Echappees-en-Loire-2025.png\" class=\"attachment-csco-thumbnail-uncropped size-csco-thumbnail-uncropped wp-post-image\" alt=\"Les Echappe\u0301es en Loire 2025\" decoding=\"async\"  \/>\t\t\t\t\t<img loading=\"lazy\" width=\"680\" height=\"510\" src=\"https:\/\/www.europesays.com\/fr\/wp-content\/uploads\/2025\/08\/Les-Echappees-en-Loire-2025.png\" class=\"attachment-csco-large-uncropped size-csco-large-uncropped wp-post-image\" alt=\"Les Echappe\u0301es en Loire 2025\" decoding=\"async\"  \/>\t\t\t\t<\/p>\n<p>&#13;<br \/>\n\t\t\t\t\t\tLes Echappe\u0301es en Loire 2025\t\t\t\t\t<\/p>\n<p>L\u2019Interprofession des Vins de Loire organise sa 2e \u00e9dition des \u00c9chapp\u00e9es en Loire, qui se tiendra les 30 et 31 ao\u00fbt 2025. Au programme dans toute la r\u00e9gion : randonn\u00e9es guid\u00e9es \u00e0 pied ou \u00e0 v\u00e9lo avec les vignerons, d\u00e9gustations de vins et de produits locaux tout au long du parcours, visites de ch\u00e2teaux, concerts, pique-niques champ\u00eatres, animations pour enfants. Un \u00e9v\u00e9nement convivial qui m\u00eale nature, p\u00e9dagogie et plaisir des sens !<\/p>\n","protected":false},"excerpt":{"rendered":"&#13; &#13; Les Echappe\u0301es en Loire 2025 L\u2019Interprofession des Vins de Loire organise sa 2e \u00e9dition des \u00c9chapp\u00e9es&hellip;\n","protected":false},"author":2,"featured_media":342706,"comment_status":"","ping_status":"","sticky":false,"template":"","format":"standard","meta":{"footnotes":""},"categories":[2818],"tags":[1111,11,1777,674,1011,27,766,12,2636,25],"class_list":{"0":"post-342705","1":"post","2":"type-post","3":"status-publish","4":"format-standard","5":"has-post-thumbnail","7":"category-nantes","8":"tag-actu","9":"tag-actualites","10":"tag-eu","11":"tag-europe","12":"tag-fr","13":"tag-france","14":"tag-nantes","15":"tag-news","16":"tag-pays-de-la-loire","17":"tag-republique-francaise"},"share_on_mastodon":{"url":"https:\/\/pubeurope.com\/@fr\/115089211911729124","error":""},"_links":{"self":[{"href":"https:\/\/www.europesays.com\/fr\/wp-json\/wp\/v2\/posts\/342705","targetHints":{"allow":["GET"]}}],"collection":[{"href":"https:\/\/www.europesays.com\/fr\/wp-json\/wp\/v2\/posts"}],"about":[{"href":"https:\/\/www.europesays.com\/fr\/wp-json\/wp\/v2\/types\/post"}],"author":[{"embeddable":true,"href":"https:\/\/www.europesays.com\/fr\/wp-json\/wp\/v2\/users\/2"}],"replies":[{"embeddable":true,"href":"https:\/\/www.europesays.com\/fr\/wp-json\/wp\/v2\/comments?post=342705"}],"version-history":[{"count":0,"href":"https:\/\/www.europesays.com\/fr\/wp-json\/wp\/v2\/posts\/342705\/revisions"}],"wp:featuredmedia":[{"embeddable":true,"href":"https:\/\/www.europesays.com\/fr\/wp-json\/wp\/v2\/media\/342706"}],"wp:attachment":[{"href":"https:\/\/www.europesays.com\/fr\/wp-json\/wp\/v2\/media?parent=342705"}],"wp:term":[{"taxonomy":"category","embeddable":true,"href":"https:\/\/www.europesays.com\/fr\/wp-json\/wp\/v2\/categories?post=342705"},{"taxonomy":"post_tag","embeddable":true,"href":"https:\/\/www.europesays.com\/fr\/wp-json\/wp\/v2\/tags?post=342705"}],"curies":[{"name":"wp","href":"https:\/\/api.w.org\/{rel}","templated":true}]}}