{"id":342709,"date":"2025-08-25T11:40:12","date_gmt":"2025-08-25T11:40:12","guid":{"rendered":"https:\/\/www.europesays.com\/fr\/342709\/"},"modified":"2025-08-25T11:40:12","modified_gmt":"2025-08-25T11:40:12","slug":"bordeaux-granville-0-1-le-coach-a-rate-son-match-le-verdict-sans-appel-sur-les-girondins","status":"publish","type":"post","link":"https:\/\/www.europesays.com\/fr\/342709\/","title":{"rendered":"Bordeaux-Granville (0-1) : \u00ab\u00a0Le coach a rat\u00e9 son match\u00a0\u00bb, le verdict sans appel sur les Girondins"},"content":{"rendered":"<p><img decoding=\"async\" src=\"https:\/\/www.europesays.com\/fr\/wp-content\/uploads\/2025\/08\/671_92b3bdd93019ac6d9668af330e511973.jpg\" alt=\"Bordeaux-Granville (0-1) : &quot;Le coach a rat\u00e9 son match&quot;, le verdict sans appel sur les Girondins\" class=\"img-responsive mt-3\"\/><\/p>\n<p class=\"text-center mb-3\" style=\"font-size: 14px\">\u00a9 Iconsport<\/p>\n<p style=\"text-align: justify;\">\u00c9coutez ses propos ou lisez-les :<\/p>\n<p style=\"text-align: justify;\">\u00a0<\/p>\n<p>\u00a0<\/p>\n<p><strong>Les joueurs ne se sont pas adapt\u00e9s \u00e0 une pelouse catastrophique<\/strong><\/p>\n<p style=\"text-align: justify;\">Philippe Etchemendy : \u00ab\u00a0La pelouse \u00e9tait tr\u00e8s ab\u00eem\u00e9e contre Avranches une semaine plus t\u00f4t, on s&rsquo;aper\u00e7oit en arrivant au stade que le champignon a pris de plus en plus de place. C&rsquo;est quasiment toute la surface de jeu qui est recouverte avec du sable. Esth\u00e9tiquement, ce n&rsquo;est pas beau, et, techniquement, on voit les joueurs des Girondins de Bordeaux emb\u00eat\u00e9s d\u00e8s l\u2019\u00e9chauffement. Ils n&rsquo;arrivent pas du tout \u00e0 s\u2019adapter.\u00a0\u00bb<\/p>\n<p><strong>Une premi\u00e8re mi-temps insipide : \u00ab\u00a0On avait donn\u00e9 les cl\u00e9s du jeu \u00e0 Odru et l\u00e0 on l&rsquo;excentre\u00a0\u00bb<\/strong><\/p>\n<p style=\"text-align: justify;\">\u00ab\u00a0J&rsquo;ai aussi \u00e9t\u00e9 surpris du passage en 433 avec le syst\u00e8me \u00e0 3 d\u00e9fenseurs abandonn\u00e9 par Irl\u00e8s. Il positionne Ba en pointe basse, et Odru sur un c\u00f4t\u00e9, en laissant la premi\u00e8re relance \u00e0 Ba qui s&rsquo;intercale souvent dans a d\u00e9fense centrale. On avait donn\u00e9 les cl\u00e9s du jeu \u00e0 Odru et l\u00e0 on l&rsquo;excentre. Cela aura une incidence, car Ba met beaucoup de temps a trouv\u00e9 des solutions pour relancer. On assiste \u00e0 une p\u00e9riode insipide avec un objectif : toucher la largeur. Les centres sont de tr\u00e8s faibles qualit\u00e9s. De plus, il y a peu de pr\u00e9sence dans la surface de pr\u00e9paration. Au final le jeu bordelais est tr\u00e8s lisible.<\/p>\n<p><strong>\u00ab\u00a0Granville a bien verrouill\u00e9 son axe, et nous attendu. C&rsquo;\u00e9tait bien fait de leur part\u00a0\u00bb<\/strong><\/p>\n<p style=\"text-align: justify;\">\u00ab\u00a0Bruno Irl\u00e8s ajuste le positionnement des joueurs au retour du vestiaire. Le premier quart d&rsquo;heure am\u00e8ne de l&rsquo;allant, mais c&rsquo;est un feu de paille. On manque de qualit\u00e9 technique et Granville commence \u00e0 profiter du positionnement plus haut des deux lat\u00e9raux (Trichard, Jousselin). Ce but des Normands arrive et apr\u00e8s c&rsquo;est le n\u00e9ant \u00e0 l&rsquo;exception de l\u2019\u00e9nervement des joueurs bordelais qui sont tendus. On sent que les joueurs jouent avec une chape de plomb \u00e0 l&rsquo;image de Grillot qui perd ses nerfs.<\/p>\n<p style=\"text-align: justify;\">Au niveau du coaching, Etond\u00e9 fait une entr\u00e9e transparente. Bahassa est lanc\u00e9 dans un r\u00f4le de pistons, ce qui me surprend. Finalement, il ne se passe rien et la victoire de Granville est m\u00e9rit\u00e9e.\u00a0\u00bb<\/p>\n<p><strong>\u00ab\u00a0On ne sait pas ce que le coach attend de son \u00e9quipe\u00a0\u00bb<\/strong><\/p>\n<p style=\"text-align: justify;\">\u00ab\u00a0On retient d\u00e9j\u00e0 le score de ce match et cette d\u00e9faite. On devait prendre des points, l\u00e0 on n&rsquo;en prend aucun. Le d\u00e9but de saison est catastrophique avec un point en deux matchs \u00e0 domicile. On se tire une balle dans le pied. Sur le plan du jeu, on ne sait pas ce que le coach attend de son \u00e9quipe dans cette rencontre. <\/p>\n<p>J&rsquo;ai l&rsquo;impression que le 433 est mis en place parce qu&rsquo;il manque des joueurs \u00e0 certains postes. C&rsquo;est l&rsquo;entra\u00eeneur qui a rat\u00e9 son match plus que les joueurs. Je n&rsquo;ai pas compris son coaching. Si on se projette vers l&rsquo;avenir c&rsquo;est inqui\u00e9tant, car l&rsquo;effectif ne semble pas pouvoir bouger avec les situations de Merdji et de Beugre. Pourtant, j&rsquo;ai l&rsquo;impression qu&rsquo;il manque des profils pour amener de la concurrence et proposer autre chose sur le terrain.\u00a0\u00bb<\/p>\n<p><strong>Un test face \u00e0 Ch\u00e2teaubriant<\/strong><\/p>\n<p style=\"text-align: justify;\">\u00ab\u00a0On aura une r\u00e9ponse sur cette \u00e9quipe face \u00e0 Ch\u00e2teaubriant qui est en grande difficult\u00e9 (samedi prochain 3e journ\u00e9e de la poule A de N2, les Voltigeurs ont perdu leurs deux premiers matchs). L&rsquo;avenir \u00e0 court et moyen terme ne semble pas radieux et c&rsquo;est inqui\u00e9tant apr\u00e8s ce match face \u00e0 Granville. On va faire confiance \u00e0 tout le monde pour mettre le bleu de chauffe.\u00a0\u00bb<\/p>\n<p>\u00c0 \u00e9couter aussi &gt;&gt; <a href=\"https:\/\/www.webgirondins.com\/actualite-girondins-girondins-les-3-flops-de-bordeaux-granville-0-1-130165\" target=\"_blank\" rel=\"noopener\"><strong>les 3 flops de Bordeaux-Granville (0-1)<\/strong><\/a><\/p>\n<p>Notre podcast court \u00e0 \u00e9couter :<\/p>\n","protected":false},"excerpt":{"rendered":"\u00a9 Iconsport \u00c9coutez ses propos ou lisez-les : \u00a0 \u00a0 Les joueurs ne se sont pas adapt\u00e9s \u00e0&hellip;\n","protected":false},"author":2,"featured_media":342710,"comment_status":"","ping_status":"","sticky":false,"template":"","format":"standard","meta":{"footnotes":""},"categories":[2817],"tags":[1111,11,7431,1997,6078,33487,8484,1777,674,2823,4560,1011,27,1987,19521,955,3238,12,2219,8535,11806,25,4561,10540,376],"class_list":{"0":"post-342709","1":"post","2":"type-post","3":"status-publish","4":"format-standard","5":"has-post-thumbnail","7":"category-bordeaux","8":"tag-actu","9":"tag-actualites","10":"tag-appel","11":"tag-bordeaux","12":"tag-coach","13":"tag-continue","14":"tag-defaite","15":"tag-eu","16":"tag-europe","17":"tag-face","18":"tag-faire","19":"tag-fr","20":"tag-france","21":"tag-girondins","22":"tag-granville","23":"tag-match","24":"tag-national","25":"tag-news","26":"tag-nouvelle-aquitaine","27":"tag-rate","28":"tag-reagir","29":"tag-republique-francaise","30":"tag-sans","31":"tag-surprise","32":"tag-verdict"},"share_on_mastodon":{"url":"https:\/\/pubeurope.com\/@fr\/115089219625000523","error":""},"_links":{"self":[{"href":"https:\/\/www.europesays.com\/fr\/wp-json\/wp\/v2\/posts\/342709","targetHints":{"allow":["GET"]}}],"collection":[{"href":"https:\/\/www.europesays.com\/fr\/wp-json\/wp\/v2\/posts"}],"about":[{"href":"https:\/\/www.europesays.com\/fr\/wp-json\/wp\/v2\/types\/post"}],"author":[{"embeddable":true,"href":"https:\/\/www.europesays.com\/fr\/wp-json\/wp\/v2\/users\/2"}],"replies":[{"embeddable":true,"href":"https:\/\/www.europesays.com\/fr\/wp-json\/wp\/v2\/comments?post=342709"}],"version-history":[{"count":0,"href":"https:\/\/www.europesays.com\/fr\/wp-json\/wp\/v2\/posts\/342709\/revisions"}],"wp:featuredmedia":[{"embeddable":true,"href":"https:\/\/www.europesays.com\/fr\/wp-json\/wp\/v2\/media\/342710"}],"wp:attachment":[{"href":"https:\/\/www.europesays.com\/fr\/wp-json\/wp\/v2\/media?parent=342709"}],"wp:term":[{"taxonomy":"category","embeddable":true,"href":"https:\/\/www.europesays.com\/fr\/wp-json\/wp\/v2\/categories?post=342709"},{"taxonomy":"post_tag","embeddable":true,"href":"https:\/\/www.europesays.com\/fr\/wp-json\/wp\/v2\/tags?post=342709"}],"curies":[{"name":"wp","href":"https:\/\/api.w.org\/{rel}","templated":true}]}}