{"id":342711,"date":"2025-08-25T11:41:13","date_gmt":"2025-08-25T11:41:13","guid":{"rendered":"https:\/\/www.europesays.com\/fr\/342711\/"},"modified":"2025-08-25T11:41:13","modified_gmt":"2025-08-25T11:41:13","slug":"voici-ou-seront-les-33-nouvelles-stations","status":"publish","type":"post","link":"https:\/\/www.europesays.com\/fr\/342711\/","title":{"rendered":"voici o\u00f9 seront les 33 nouvelles stations"},"content":{"rendered":"<p><strong>V\u00e9l\u00d4Toulouse franchit une nouvelle \u00e9tape avec son d\u00e9ploiement dans six communes de l\u2019agglom\u00e9ration toulousaine. Fin septembre 2025, une trentaine de nouvelles stations verront le jour, renfor\u00e7ant l\u2019offre de mobilit\u00e9 douce et facilitant les trajets entre la Ville rose et la p\u00e9riph\u00e9rie.<\/strong><\/p>\n<p><img fetchpriority=\"high\" decoding=\"async\" width=\"1200\" height=\"675\" src=\"https:\/\/www.europesays.com\/fr\/wp-content\/uploads\/2025\/08\/velotoulouse.jpg\" alt=\"Une trentaines de stations de V\u00e9l\u00d4Toulouse seront d\u00e9ploy\u00e9es autour de la Ville rose.\"  \/><\/p>\n<p>\u00a9 Bryan Faham \/ Le JT<\/p>\n<p>Le service V\u00e9l\u00d4Toulouse poursuit son d\u00e9veloppement vers <strong>six communes de l\u2019agglom\u00e9ration toulousaine<\/strong>. De <strong>nouvelles stations seront install\u00e9es <\/strong>pour une mise en service le 30 septembre 2025. Cette extension marque <a href=\"https:\/\/www.lejournaltoulousain.fr\/occitanie\/haute-garonne\/toulouse\/velotoulouse-le-service-de-velos-en-libre-service-setend-et-se-met-a-lelectrique-217619\/\" data-type=\"post\" data-id=\"217619\" rel=\"nofollow noopener\" target=\"_blank\">une nouvelle \u00e9tape pour le r\u00e9seau de v\u00e9los en libre-service<\/a>.<\/p>\n<p>Une expansion attendue autour de Toulouse<\/p>\n<p>Aucamville accueillera deux stations, Balma une, <strong>Blagnac seize<\/strong>, Lab\u00e8ge quatre, Ramonville six et<strong> Tournefeuille quatre<\/strong>, a confirm\u00e9 Tiss\u00e9o au Journal Toulousain. Douze nouvelles stations seront \u00e9galement install\u00e9es dans la Ville rose.<\/p>\n<p>Lanc\u00e9 en 2007 avec 60 stations, <strong>V\u00e9l\u00d4Toulouse en compte aujourd\u2019hui pr\u00e8s de 400<\/strong>. Le d\u00e9ploiement hors de Toulouse r\u00e9pond \u00e0 <strong>une demande croissante des habitants<\/strong> de la p\u00e9riph\u00e9rie.<\/p>\n<p>Le renouveau du service avec les v\u00e9los \u00e9lectriques<\/p>\n<p>Depuis ao\u00fbt 2024, <strong>V\u00e9l\u00d4Toulouse a franchi une \u00e9tape importante<\/strong> avec <a href=\"https:\/\/www.lejournaltoulousain.fr\/occitanie\/haute-garonne\/toulouse\/vous-pourrez-faire-avec-les-nouveaux-velotoulouse-electrique-280423\/\" data-type=\"post\" data-id=\"280423\" rel=\"nofollow noopener\" target=\"_blank\">l\u2019introduction des v\u00e9los \u00e0 assistance \u00e9lectrique<\/a>. Ces VAE, reconnaissables \u00e0 leur couleur orange, repr\u00e9sentent d\u00e9sormais <a href=\"https:\/\/metropole.toulouse.fr\/actualites\/velotoulouse-change-de-braquet\" target=\"_blank\" data-type=\"link\" data-id=\"https:\/\/metropole.toulouse.fr\/actualites\/velotoulouse-change-de-braquet\" rel=\"noreferrer noopener nofollow\">la moiti\u00e9 du parc disponible<\/a>.<\/p>\n<p>Leur confort et leur praticit\u00e9 ont s\u00e9duit les usagers,<strong> facilitant les trajets plus longs ou vallonn\u00e9s<\/strong>. Mais <strong>des comportements \u00e0 risque ont aussi \u00e9t\u00e9 observ\u00e9s<\/strong>, comme les d\u00e9placements de plusieurs personnes sur un m\u00eame v\u00e9lo, avec un passager dans le panier avant.<\/p>\n<p>V\u00e9l\u00d4Toulouse, un des plus grands r\u00e9seaux de France<\/p>\n<p>Ce d\u00e9ploiement s\u2019inscrit dans une strat\u00e9gie globale de d\u00e9veloppement des mobilit\u00e9s douces. Avec cette extension, V\u00e9l\u00d4Toulouse confirme son statut de <strong>r\u00e9seau majeur de v\u00e9los en libre-service<\/strong>. Les nouvelles implantations permettront aux habitants de relier plus facilement le centre-ville et les zones d\u2019activit\u00e9 ou r\u00e9sidentielles de la p\u00e9riph\u00e9rie. <\/p>\n<p><strong>\u00c0 Lab\u00e8ge, les stations seront notamment situ\u00e9es pr\u00e8s du futur m\u00e9tro<\/strong>, du cin\u00e9ma et de la gare. <strong>\u00c0 Tournefeuille, la premi\u00e8re sera install\u00e9e face \u00e0 la mairie.<\/strong><\/p>\n","protected":false},"excerpt":{"rendered":"V\u00e9l\u00d4Toulouse franchit une nouvelle \u00e9tape avec son d\u00e9ploiement dans six communes de l\u2019agglom\u00e9ration toulousaine. Fin septembre 2025, une&hellip;\n","protected":false},"author":2,"featured_media":342712,"comment_status":"","ping_status":"","sticky":false,"template":"","format":"standard","meta":{"footnotes":""},"categories":[2816],"tags":[1111,11,1777,674,1011,27,12,2680,25,2312,47883],"class_list":{"0":"post-342711","1":"post","2":"type-post","3":"status-publish","4":"format-standard","5":"has-post-thumbnail","7":"category-toulouse","8":"tag-actu","9":"tag-actualites","10":"tag-eu","11":"tag-europe","12":"tag-fr","13":"tag-france","14":"tag-news","15":"tag-occitanie","16":"tag-republique-francaise","17":"tag-toulouse","18":"tag-vu00e9lu00d4toulouse-su2019u00e9tend-en-pu00e9riphu00e9rie-voici-ou00f9-seront-les-33-nouvelles-stations"},"share_on_mastodon":{"url":"https:\/\/pubeurope.com\/@fr\/115089223515807552","error":""},"_links":{"self":[{"href":"https:\/\/www.europesays.com\/fr\/wp-json\/wp\/v2\/posts\/342711","targetHints":{"allow":["GET"]}}],"collection":[{"href":"https:\/\/www.europesays.com\/fr\/wp-json\/wp\/v2\/posts"}],"about":[{"href":"https:\/\/www.europesays.com\/fr\/wp-json\/wp\/v2\/types\/post"}],"author":[{"embeddable":true,"href":"https:\/\/www.europesays.com\/fr\/wp-json\/wp\/v2\/users\/2"}],"replies":[{"embeddable":true,"href":"https:\/\/www.europesays.com\/fr\/wp-json\/wp\/v2\/comments?post=342711"}],"version-history":[{"count":0,"href":"https:\/\/www.europesays.com\/fr\/wp-json\/wp\/v2\/posts\/342711\/revisions"}],"wp:featuredmedia":[{"embeddable":true,"href":"https:\/\/www.europesays.com\/fr\/wp-json\/wp\/v2\/media\/342712"}],"wp:attachment":[{"href":"https:\/\/www.europesays.com\/fr\/wp-json\/wp\/v2\/media?parent=342711"}],"wp:term":[{"taxonomy":"category","embeddable":true,"href":"https:\/\/www.europesays.com\/fr\/wp-json\/wp\/v2\/categories?post=342711"},{"taxonomy":"post_tag","embeddable":true,"href":"https:\/\/www.europesays.com\/fr\/wp-json\/wp\/v2\/tags?post=342711"}],"curies":[{"name":"wp","href":"https:\/\/api.w.org\/{rel}","templated":true}]}}