{"id":342713,"date":"2025-08-25T11:42:10","date_gmt":"2025-08-25T11:42:10","guid":{"rendered":"https:\/\/www.europesays.com\/fr\/342713\/"},"modified":"2025-08-25T11:42:10","modified_gmt":"2025-08-25T11:42:10","slug":"pres-de-toulouse-basic-fit-se-deploie-en-haute-garonne-une-nouvelle-salle-va-ouvrir-ses-portes","status":"publish","type":"post","link":"https:\/\/www.europesays.com\/fr\/342713\/","title":{"rendered":"Pr\u00e8s de Toulouse. Basic Fit se d\u00e9ploie en Haute-Garonne, une nouvelle salle va ouvrir ses portes"},"content":{"rendered":"<p>            Par<br \/>\n        <strong><br \/>\n            <a href=\"https:\/\/actu.fr\/auteur\/nina-hossein-zadeh\" title=\"Consulter tous les articles de Nina Hossein-Zadeh\" rel=\"nofollow noopener\" target=\"_blank\">Nina Hossein-Zadeh<\/a><br \/>\n        <\/strong><\/p>\n<p>        Publi\u00e9 le<\/p>\n<p>            25 ao\u00fbt 2025 \u00e0 13h02        <\/p>\n<p>Les amoureux du sport \u00e0 prix attractifs vont pouvoir s\u2019en donner \u00e0 c\u0153ur joie \u00e0 la rentr\u00e9e. Dans l\u2019agglom\u00e9ration de<a href=\"https:\/\/actu.fr\/toulouse\/\" rel=\"nofollow noopener\" target=\"_blank\"><strong> Toulouse<\/strong><\/a>, une nouvelle salle<strong> Basic Fit<\/strong> va bient\u00f4t ouvrir ses portes\u2026 <strong>D\u00e8s lundi 25\u00a0ao\u00fbt 2025<\/strong>. Voici o\u00f9\u2009!<\/p>\n<p>Basic Fit d\u00e9barque aux portes de Toulouse<\/p>\n<p class=\" wall-content\">La c\u00e9l\u00e8bre cha\u00eene de fitness Basic Fit continue de d\u00e9ployer ses services en s\u2019installant dans une nouvelle commune de Haute-Garonne. Aux portes de Toulouse, c\u2019est<strong> \u00e0 Cugnaux<\/strong> que les adeptes de la salle vont pouvoir se rendre. Le complexe de 1200 m\u00b2 prendra place \u00e0 c\u00f4t\u00e9 de Centrakor, <strong>au 34 rue de la Vimona<\/strong>.<\/p>\n<p class=\" wall-content\"><strong>\u00ab\u2009Nous sommes fiers d\u2019ouvrir ce nouveau club en Occitanie<\/strong>, et ainsi renforcer notre maillage territorial d\u00e9j\u00e0 fort, avec un club accessible dans chaque ville fran\u00e7aise de plus de 30\u2009000\u00a0habitants (hors \u00cele-de-France). Avec son offre compl\u00e8te et modulable, Basic-Fit est le partenaire id\u00e9al pour rester en forme o\u00f9 que l\u2019on vive en France\u2009\u00bb, commente <strong>Redouane Zekkri,<\/strong> le chef des op\u00e9rations de Basic Fit.<\/p>\n<p>Des abonnements \u00e0 prix attractifs<\/p>\n<p class=\" wall-content\">Espaces cardio ou de musculation, poids libres, v\u00e9lo ou espace de training, les sportifs auront l\u2019embarras du choix pour pratiquer leurs s\u00e9ances de fitness.<\/p>\n<p class=\" wall-content\"><strong>Plusieurs abonnements<\/strong> sont disponibles\u2009:<\/p>\n<p>Vid\u00e9os : en ce moment sur Actu<\/p>\n<ul class=\" wall-content\">\n<li>l\u2019abonnement COMFORT avec acc\u00e8s \u00e0 850 clubs en France pour 24\u20ac99\/4semaines et un acc\u00e8s illimit\u00e9 \u00e0 l\u2019application Basic Fit<\/li>\n<li>l\u2019abonnement PREMIUM \u00e0 29,99\u20ac\/4 semaines, permet d\u2019acc\u00e9der \u00e0 plus de 1600 clubs \u00e0 travers l\u2019Europe, en Belgique, au Luxembourg, aux Pays-Bas, en Espagne, en France et en Allemagne. Il\u00a0permet d\u2019inviter un ami une fois par semaine. L\u2019abonnement inclut \u00e9galement un acc\u00e8s illimit\u00e9 aux fauteuils de massage.<\/li>\n<li>L\u2019abonnement ULTIMATE \u00e0 34,99\u20ac\/4 semaines pour s\u2019entra\u00eener en duo \u00e0 chaque s\u00e9ance, sans limite. Il inclut \u00e9galement la possibilit\u00e9 de geler son abonnement (pas de pr\u00e9l\u00e8vement pendant cette p\u00e9riode), jusqu\u2019\u00e0 deux fois par an, pour une dur\u00e9e maximale de 4 semaines (sans frais suppl\u00e9mentaires). En compl\u00e9ment des fauteuils de massage, il propose un acc\u00e8s aux boissons sportives YANGA Sports Water.<\/li>\n<\/ul>\n<p class=\" wall-content\">Personnalisez votre actualit\u00e9 en ajoutant vos villes et m\u00e9dias en favori avec <a href=\"https:\/\/moncompte.actu.fr\" title=\"D\u00e9couvez Mon Actu\" rel=\"nofollow noopener\" data-trk=\"{&quot;cta&quot;:{&quot;action&quot;:&quot;https:\\\/\\\/moncompte.actu.fr&quot;,&quot;category&quot;:&quot;mon compte&quot;,&quot;from&quot;:&quot;article footer&quot;,&quot;name&quot;:&quot;Mon actu&quot;,&quot;type&quot;:&quot;cta&quot;}}\" target=\"_blank\">Mon Actu<\/a>.<\/p>\n","protected":false},"excerpt":{"rendered":"Par Nina Hossein-Zadeh Publi\u00e9 le 25 ao\u00fbt 2025 \u00e0 13h02 Les amoureux du sport \u00e0 prix attractifs vont&hellip;\n","protected":false},"author":2,"featured_media":342714,"comment_status":"","ping_status":"","sticky":false,"template":"","format":"standard","meta":{"footnotes":""},"categories":[2816],"tags":[1111,11,1777,674,1011,27,12,2680,25,60,2312],"class_list":{"0":"post-342713","1":"post","2":"type-post","3":"status-publish","4":"format-standard","5":"has-post-thumbnail","7":"category-toulouse","8":"tag-actu","9":"tag-actualites","10":"tag-eu","11":"tag-europe","12":"tag-fr","13":"tag-france","14":"tag-news","15":"tag-occitanie","16":"tag-republique-francaise","17":"tag-sports","18":"tag-toulouse"},"share_on_mastodon":{"url":"https:\/\/pubeurope.com\/@fr\/115089227507112823","error":""},"_links":{"self":[{"href":"https:\/\/www.europesays.com\/fr\/wp-json\/wp\/v2\/posts\/342713","targetHints":{"allow":["GET"]}}],"collection":[{"href":"https:\/\/www.europesays.com\/fr\/wp-json\/wp\/v2\/posts"}],"about":[{"href":"https:\/\/www.europesays.com\/fr\/wp-json\/wp\/v2\/types\/post"}],"author":[{"embeddable":true,"href":"https:\/\/www.europesays.com\/fr\/wp-json\/wp\/v2\/users\/2"}],"replies":[{"embeddable":true,"href":"https:\/\/www.europesays.com\/fr\/wp-json\/wp\/v2\/comments?post=342713"}],"version-history":[{"count":0,"href":"https:\/\/www.europesays.com\/fr\/wp-json\/wp\/v2\/posts\/342713\/revisions"}],"wp:featuredmedia":[{"embeddable":true,"href":"https:\/\/www.europesays.com\/fr\/wp-json\/wp\/v2\/media\/342714"}],"wp:attachment":[{"href":"https:\/\/www.europesays.com\/fr\/wp-json\/wp\/v2\/media?parent=342713"}],"wp:term":[{"taxonomy":"category","embeddable":true,"href":"https:\/\/www.europesays.com\/fr\/wp-json\/wp\/v2\/categories?post=342713"},{"taxonomy":"post_tag","embeddable":true,"href":"https:\/\/www.europesays.com\/fr\/wp-json\/wp\/v2\/tags?post=342713"}],"curies":[{"name":"wp","href":"https:\/\/api.w.org\/{rel}","templated":true}]}}