{"id":342719,"date":"2025-08-25T11:45:12","date_gmt":"2025-08-25T11:45:12","guid":{"rendered":"https:\/\/www.europesays.com\/fr\/342719\/"},"modified":"2025-08-25T11:45:12","modified_gmt":"2025-08-25T11:45:12","slug":"un-bus-percute-et-une-barriere-de-peage-defoncee","status":"publish","type":"post","link":"https:\/\/www.europesays.com\/fr\/342719\/","title":{"rendered":"un bus percut\u00e9 et une barri\u00e8re de p\u00e9age d\u00e9fonc\u00e9e"},"content":{"rendered":"<p class=\"rev-margin-0 rev-text-xs-normal\">Rep\u00e9r\u00e9 par un \u00e9quipage de la BAC (brigade anticriminalit\u00e9) de Vitrolles alors qu&rsquo;il s&rsquo;amusait \u00e0 encha\u00eener les freins \u00e0 main sur un rond-point, un automobiliste a pris la fuite en apercevant la police.<\/p>\n<p class=\"rev-margin-0 rev-text-xs-bold\">Photo illustration LP<\/p>\n<p>L&rsquo;un transportait des produits stup\u00e9fiants dans son v\u00e9hicule. L&rsquo;autre aurait pris le volant en d\u00e9pit d&rsquo;une suspension de son permis de conduire. Ce sont du moins les explications qu&rsquo;ont fini par donner deux chauffards une fois rattrap\u00e9s par la patrouille apr\u00e8s avoir refus\u00e9 d&rsquo;obtemp\u00e9rer \u00e0 des contr\u00f4les routiers hier soir, dimanche 24 ao\u00fbt.<\/p>\n<p>Dans un premier temps, c&rsquo;est \u00e0 Marseille, dans le 7e arrondissement, que les policiers ont eu affaire \u00e0 un automobiliste particuli\u00e8rement r\u00e9tif. Il \u00e9tait 21\u00a0h\u00a030 lorsque les fonctionnaires qui patrouillaient <a href=\"https:\/\/www.laprovence.com\/article\/edition-marseille\/6368422\/marseille-lexplosion-avenue-de-la-corse-a-fait-craindre-un-effondrement.html\" target=\"_blank\" rel=\"nofollow noopener\">avenue de la Corse<\/a>\u00a0ont eu l&rsquo;attention attir\u00e9e par un v\u00e9hicule et donc indiqu\u00e9 \u00e0 son conducteur leur intention de proc\u00e9der \u00e0 un contr\u00f4le.<\/p>\n<p>800 grammes de produits stup\u00e9fiants retrouv\u00e9s dans l&rsquo;habitacle<\/p>\n<p>Plut\u00f4t que de s&rsquo;y plier, l&rsquo;individu a tent\u00e9 de s&rsquo;y soustraire en fon\u00e7ant sur le v\u00e9hicule de police jusqu&rsquo;\u00e0 venir le percuter. D\u00e9termin\u00e9 \u00e0 prendre la fuite, le chauffard a termin\u00e9 sa course dans un bus RTM, sans faire de victimes heureusement. Les trois policiers qui composaient l&rsquo;\u00e9quipage ont en revanche \u00e9t\u00e9 bless\u00e9s lors de l&rsquo;interpellation de ce jeune homme de 20 ans qui ne tenait manifestement pas \u00e0 ce que les fonctionnaires d\u00e9couvrent les produits stup\u00e9fiants qu&rsquo;il transportait dans sa voiture, soit 500 grammes de cannabis et 300 grammes de coca\u00efne qui ont \u00e9t\u00e9 d\u00fbment saisis tandis que le propri\u00e9taire de ces substances prohib\u00e9es \u00e9tait conduit au poste et plac\u00e9 en garde \u00e0 vue et que le v\u00e9hicule de police \u00e9tait r\u00e9cup\u00e9r\u00e9 par une d\u00e9panneuse.<\/p>\n<p>Quelques heures plus tard, c&rsquo;est aux <a href=\"https:\/\/www.laprovence.com\/article\/region\/2125519705325714\/entre-nature-preservee-et-modernite-les-pennes-mirabeau-une-ville-ou-traditions-et-modernite-cohabitent\" target=\"_blank\" rel=\"nofollow noopener\">Pennes-Mirabeau<\/a>, dans la banlieue nord de Marseille qu&rsquo;une folle course poursuite a commenc\u00e9 peu apr\u00e8s 1 heure du matin. Rep\u00e9r\u00e9 par un \u00e9quipage de la BAC (brigade anticriminalit\u00e9) de <a href=\"https:\/\/www.laprovence.com\/article\/region\/1224481827751115\/on-ne-supportait-plus-marseille-a-vitrolles-ces-nouveaux-habitants-qui-cherchent-le-calme\" target=\"_blank\" rel=\"nofollow noopener\">Vitrolles<\/a> alors qu&rsquo;il s&rsquo;amusait \u00e0 encha\u00eener les freins \u00e0 main sur un rond-point, un automobiliste a pris la fuite en apercevant la police. Rapidement coinc\u00e9 dans le flux de circulation et alors qu&rsquo;il transportait deux passagers, il n&rsquo;a pas h\u00e9sit\u00e9 \u00e0 percuter les v\u00e9hicules qui g\u00eanaient sa progression, y compris le v\u00e9hicule de la BAC.<\/p>\n<p>Course-poursuite des Pennes jusqu&rsquo;aux Milles<\/p>\n<p>Apr\u00e8s \u00eatre parvenu \u00e0 se d\u00e9gager, le chauffard a poursuivi sa route \u00e0 tombeau ouvert sur l&rsquo;autoroute, allant jusqu&rsquo;\u00e0 d\u00e9foncer la barri\u00e8re de <a href=\"https:\/\/www.laprovence.com\/actu\/en-direct\/1906411051762716\/les-gilets-jaunes-mobilises-au-peage-de-pertuis\" target=\"_blank\" rel=\"nofollow noopener\">p\u00e9age de Pertuis<\/a>. Finalement intercept\u00e9 \u00e0 Aix-les Milles par un \u00e9quipage vitrollais de Police Secours, l&rsquo;automobiliste ne semblait toujours pas pr\u00eat \u00e0 couper le contact puisqu&rsquo;il a de nouveau tent\u00e9 de s&rsquo;\u00e9chapper, obligeant les policiers \u00e0 briser une vitre du v\u00e9hicule du fuyard. \u00c2g\u00e9 de 23 ans, il a \u00e9t\u00e9 plac\u00e9 en garde \u00e0 vue.<\/p>\n<p>Outre le refus d&rsquo;obtemp\u00e9rer, il devra s&rsquo;expliquer prochainement devant la justice des nombreux autres d\u00e9lits qu&rsquo;il a commis durant sa fuite, notamment d\u00e9gradation, conduite malgr\u00e9 une suspension judiciaire du permis et non acquittement du montant du p\u00e9age, conduite dangereuse et exc\u00e8s de vitesse.<\/p>\n","protected":false},"excerpt":{"rendered":"Rep\u00e9r\u00e9 par un \u00e9quipage de la BAC (brigade anticriminalit\u00e9) de Vitrolles alors qu&rsquo;il s&rsquo;amusait \u00e0 encha\u00eener les freins&hellip;\n","protected":false},"author":2,"featured_media":342720,"comment_status":"","ping_status":"","sticky":false,"template":"","format":"standard","meta":{"footnotes":""},"categories":[2814],"tags":[17,1111,11,1007,1102,3477,43607,4070,1777,674,274,1011,27,884,12,37365,882,14728,25],"class_list":{"0":"post-342719","1":"post","2":"type-post","3":"status-publish","4":"format-standard","5":"has-post-thumbnail","7":"category-marseille","8":"tag-17","9":"tag-actu","10":"tag-actualites","11":"tag-aux","12":"tag-breakingnews","13":"tag-cette","14":"tag-dobtemperer","15":"tag-deux","16":"tag-eu","17":"tag-europe","18":"tag-faits-divers-justice","19":"tag-fr","20":"tag-france","21":"tag-marseille","22":"tag-news","23":"tag-pennes-mirabeau","24":"tag-provence-alpes-cote-dazur","25":"tag-refus","26":"tag-republique-francaise"},"share_on_mastodon":{"url":"https:\/\/pubeurope.com\/@fr\/115089239189107672","error":""},"_links":{"self":[{"href":"https:\/\/www.europesays.com\/fr\/wp-json\/wp\/v2\/posts\/342719","targetHints":{"allow":["GET"]}}],"collection":[{"href":"https:\/\/www.europesays.com\/fr\/wp-json\/wp\/v2\/posts"}],"about":[{"href":"https:\/\/www.europesays.com\/fr\/wp-json\/wp\/v2\/types\/post"}],"author":[{"embeddable":true,"href":"https:\/\/www.europesays.com\/fr\/wp-json\/wp\/v2\/users\/2"}],"replies":[{"embeddable":true,"href":"https:\/\/www.europesays.com\/fr\/wp-json\/wp\/v2\/comments?post=342719"}],"version-history":[{"count":0,"href":"https:\/\/www.europesays.com\/fr\/wp-json\/wp\/v2\/posts\/342719\/revisions"}],"wp:featuredmedia":[{"embeddable":true,"href":"https:\/\/www.europesays.com\/fr\/wp-json\/wp\/v2\/media\/342720"}],"wp:attachment":[{"href":"https:\/\/www.europesays.com\/fr\/wp-json\/wp\/v2\/media?parent=342719"}],"wp:term":[{"taxonomy":"category","embeddable":true,"href":"https:\/\/www.europesays.com\/fr\/wp-json\/wp\/v2\/categories?post=342719"},{"taxonomy":"post_tag","embeddable":true,"href":"https:\/\/www.europesays.com\/fr\/wp-json\/wp\/v2\/tags?post=342719"}],"curies":[{"name":"wp","href":"https:\/\/api.w.org\/{rel}","templated":true}]}}