{"id":342721,"date":"2025-08-25T11:46:12","date_gmt":"2025-08-25T11:46:12","guid":{"rendered":"https:\/\/www.europesays.com\/fr\/342721\/"},"modified":"2025-08-25T11:46:12","modified_gmt":"2025-08-25T11:46:12","slug":"un-proces-requis-contre-un-mineur-de-14-ans-pour-meurtre-en-bande-organisee","status":"publish","type":"post","link":"https:\/\/www.europesays.com\/fr\/342721\/","title":{"rendered":"un proc\u00e8s requis contre un mineur de 14 ans pour meurtre en bande organis\u00e9e"},"content":{"rendered":"<p>Cet adolescent avait \u00e9t\u00e9 recrut\u00e9 par un membre autoproclam\u00e9 de la DZ Mafia afin d\u2019abattre un rival contre la somme de 50.000 euros. Le \u00abcontrat\u00bb s\u2019\u00e9tait finalement sold\u00e9 par le meurtre d\u2019un chauffeur Bolt qui refusait de lui ob\u00e9ir.<\/p>\n<p class=\"fig-paragraph\">L\u2019affaire avait profond\u00e9ment choqu\u00e9 l\u2019opinion publique, repoussant un peu plus les limites de l\u2019horreur li\u00e9e au narcobanditisme marseillais. L\u2019un des protagonistes,\u00a0<a href=\"http:\/\/www.lefigaro.fr\/marseille\/il-n-y-a-plus-de-limites-on-est-dans-l-horreur-absolue-a-marseille-stupeur-et-inquietude-apres-l-arrestation-d-un-tueur-a-gages-de-14-ans-20241006\" data-fig-type=\"Article\" data-gtm-custom-categorie=\"navigation\" data-gtm-custom-action=\"crossclick\" data-gtm-custom-label=\"Contextuel\" data-gtm-event=\"customEventSPE\" data-fig-domain=\"LEFIGARO\" target=\"_blank\" rel=\"noopener\">un tueur \u00e0 gages \u00e0 peine \u00e2g\u00e9 de 14 ans<\/a>\u00a0au moment des faits, pourrait \u00eatre prochainement renvoy\u00e9 devant un tribunal criminel pour enfants (TPE) \u00e0 l\u2019occasion d\u2019une audience \u00e0 huis clos.<\/p>\n<p class=\"fig-paragraph\">Comme indiqu\u00e9 au Figaro du parquet de Paris, qui confirme une information de\u00a0<a href=\"https:\/\/www.radiofrance.fr\/franceinter\/podcasts\/l-info-de-france-inter\/l-info-de-france-inter-6077648\" target=\"_blank\" rel=\"sponsored noopener\" data-gtm-custom-categorie=\"navigation\" data-gtm-custom-action=\"crossclick\" data-gtm-custom-label=\"Contextuel\" data-gtm-event=\"customEventSPE\">France Inter<\/a>, cet adolescent suspect\u00e9 du\u00a0<a href=\"http:\/\/www.lefigaro.fr\/marseille\/il-ne-meritait-pas-ca-qui-est-le-chauffeur-de-vtc-assassine-par-un-tueur-a-gages-de-14-ans-a-marseille-20241007\" data-fig-type=\"NewsFlash\" data-gtm-custom-categorie=\"navigation\" data-gtm-custom-action=\"crossclick\" data-gtm-custom-label=\"Contextuel\" data-gtm-event=\"customEventSPE\" data-fig-domain=\"LEFIGARO\" target=\"_blank\" rel=\"noopener\">meurtre d\u2019un chauffeur VTC<\/a>\u00a0devrait compara\u00eetre devant cette juridiction comp\u00e9tente pour juger des crimes commis par les mineurs de moins de 16 ans. Le parquet de la Junalco (Juridiction nationale de lutte contre la criminalit\u00e9 organis\u00e9e) a requis son renvoi devant le TPE pour \u00abmeurtre en bande organis\u00e9e\u00bb et \u00abassociation de malfaiteurs\u00bb.<\/p>\n<p>                                    <a class=\"fig-a11y-skip a11y-hidden\" href=\"#fig-a11y-skip-main-inarticle\"><br \/>\n        Passer la publicit\u00e9<br \/>\n    <\/a><\/p>\n<p class=\"fig-paragraph\">Des chefs d\u2019accusation normalement accol\u00e9s au profil d\u2019individus majeurs, sont ici attribu\u00e9s \u00e0 adolescent en \u00e2ge de passer le brevet des coll\u00e8ges, suspect\u00e9 d\u2019avoir \u00e9t\u00e9 missionn\u00e9 par un d\u00e9tenu au profil inqui\u00e9tant pour le compte de la\u00a0<a href=\"http:\/\/www.lefigaro.fr\/marseille\/harcele-par-la-dz-mafia-le-proprietaire-d-une-epicerie-contraint-de-fuir-a-l-etranger-20250818\" data-fig-type=\"NewsFlash\" data-gtm-custom-categorie=\"navigation\" data-gtm-custom-action=\"crossclick\" data-gtm-custom-label=\"Contextuel\" data-gtm-event=\"customEventSPE\" data-fig-domain=\"LEFIGARO\" target=\"_blank\" rel=\"noopener\">DZ Mafia.<\/a>\u00a0D\u00e9but octobre 2024, ce dernier avait \u00abenr\u00f4l\u00e9\u00bb le jeune gar\u00e7on au nom de l\u2019<a href=\"http:\/\/www.lefigaro.fr\/marseille\/assassinats-extorsions-intimidations-inspiree-par-les-cartels-sud-americains-la-dz-mafia-etend-sa-toile-sur-marseille-20241012\" data-fig-type=\"NewsFlash\" data-gtm-custom-categorie=\"navigation\" data-gtm-custom-action=\"crossclick\" data-gtm-custom-label=\"Contextuel\" data-gtm-event=\"customEventSPE\" data-fig-domain=\"LEFIGARO\" target=\"_blank\" rel=\"noopener\">organisation criminelle<\/a>\u00a0pour assassiner un membre du\u00a0<a href=\"http:\/\/www.lefigaro.fr\/marseille\/marseille-qui-sont-les-blacks-ce-gang-de-narcotrafiquants-en-guerre-contre-la-dz-mafia-20241011\" data-fig-type=\"NewsFlash\" data-gtm-custom-categorie=\"navigation\" data-gtm-custom-action=\"crossclick\" data-gtm-custom-label=\"Contextuel\" data-gtm-event=\"customEventSPE\" data-fig-domain=\"LEFIGARO\" target=\"_blank\" rel=\"noopener\">clan dit des \u00abBlacks\u00bb<\/a>, sur fond de guerre pour le contr\u00f4le d\u2019un point de deal de la\u00a0<a href=\"http:\/\/www.lefigaro.fr\/actualite-france\/marseille-dans-la-cite-felix-pyat-gangrenee-par-le-trafic-la-bac-nord-peine-a-lutter-contre-les-narchomicides-20241108\" data-fig-type=\"Article\" data-gtm-custom-categorie=\"navigation\" data-gtm-custom-action=\"crossclick\" data-gtm-custom-label=\"Contextuel\" data-gtm-event=\"customEventSPE\" data-fig-domain=\"LEFIGARO\" target=\"_blank\" rel=\"noopener\">cit\u00e9 F\u00e9lix-Pyat<\/a>.<\/p>\n<p>D\u00e9menti de la DZ Mafia<\/p>\n<p class=\"fig-paragraph\">Le commanditaire, qui \u0153uvrait depuis sa propre cellule via un t\u00e9l\u00e9phone portable, avait missionn\u00e9 quelques jours auparavant un premier adolescent de 15 ans pour br\u00fbler la porte d\u2019appartement d\u2019un membre du clan adverse. La \u00abmission\u00bb avait bascul\u00e9 dans l\u2019horreur, le jeune homme ayant \u00e9t\u00e9 rep\u00e9r\u00e9 puis\u00a0<a href=\"http:\/\/www.lefigaro.fr\/marseille\/marseille-le-corps-d-un-homme-retrouve-brule-par-les-marins-pompiers-20241002\" data-fig-type=\"NewsFlash\" data-gtm-custom-categorie=\"navigation\" data-gtm-custom-action=\"crossclick\" data-gtm-custom-label=\"Contextuel\" data-gtm-event=\"customEventSPE\" data-fig-domain=\"LEFIGARO\" target=\"_blank\" rel=\"noopener\">tu\u00e9 au terme d\u2019une \u00absc\u00e8ne de sauvagerie in\u00e9dite\u00bb<\/a> \u00a0impliquant une cinquantaine de coups de couteau et une immolation, selon le procureur de la R\u00e9publique de Marseille, Nicolas Bessone.<\/p>\n<p class=\"fig-paragraph\">Lanc\u00e9 dans une entreprise meurtri\u00e8re effr\u00e9n\u00e9e, le commanditaire avait ensuite acquis les \u00abservices\u00bb du mineur de 14 ans originaire du Vaucluse pour \u00abvenger\u00bb son premier homme de main, lui promettant 50.000 euros s\u2019il atteignait sa cible. Un revolver 357 Magnum avait \u00e9t\u00e9 ensuite confi\u00e9 au gar\u00e7on, \u00e0 qui on a demand\u00e9 de se rendre \u00e0 F\u00e9lix-Pyat au moyen d\u2019un VTC dans la nuit du 3 au 4 octobre. Le jeune tueur \u00e0 gages aurait intim\u00e9 l\u2019ordre au chauffeur, un p\u00e8re de famille sans histoire et adul\u00e9 par ses pairs, de s\u2019arr\u00eater pour poursuivre sa cible \u00e0 pieds. Refusant de le faire descendre, l\u2019homme de 37 ans a re\u00e7u une balle dans la t\u00eate et\u00a0<a href=\"http:\/\/www.lefigaro.fr\/marseille\/marseille-un-automobiliste-tue-d-une-balle-dans-la-tete-le-commanditaire-se-revendique-de-la-dz-mafia-20241004\" data-fig-type=\"NewsFlash\" data-gtm-custom-categorie=\"navigation\" data-gtm-custom-action=\"crossclick\" data-gtm-custom-label=\"Contextuel\" data-gtm-event=\"customEventSPE\" data-fig-domain=\"LEFIGARO\" target=\"_blank\" rel=\"noopener\">son v\u00e9hicule avait termin\u00e9 sa course dans le mur d\u2019une \u00e9cole<\/a>\u00a0du 3e arrondissement.<\/p>\n<p class=\"fig-paragraph\">Comme s\u2019il venait de r\u00e9aliser la port\u00e9e de ses actes, l\u2019adolescent s\u2019est extrait de la voiture avant de se r\u00e9fugier entre deux poubelles, suppliant son commanditaire de le sauver. Ce dernier s\u2019est content\u00e9 d\u2019appeler la police en se revendiquant, l\u00e0 encore, de la DZ Mafia, expliquant aux forces de l\u2019ordre avoir commandit\u00e9 ce meurtre pour r\u00e9pondre \u00e0 la \u00abguerre avec les Noirs\u00bb de F\u00e9lix-Pyat, \u00abquitte \u00e0 tuer un innocent\u00bb. D\u00e9pass\u00e9e par l\u2019ampleur de l\u2019affaire, la \u00abDZ\u00bb avait m\u00eame \u00e9t\u00e9 contrainte de d\u00e9mentir toute implication au cours d\u2019<a href=\"http:\/\/www.lefigaro.fr\/marseille\/dans-une-video-des-individus-cagoules-se-revendiquant-de-la-dz-mafia-dementent-leur-implication-dans-la-mort-du-chauffeur-vtc-a-marseille-20241009\" data-fig-type=\"NewsFlash\" data-gtm-custom-categorie=\"navigation\" data-gtm-custom-action=\"crossclick\" data-gtm-custom-label=\"Contextuel\" data-gtm-event=\"customEventSPE\" data-fig-domain=\"LEFIGARO\" target=\"_blank\" rel=\"noopener\">une vid\u00e9o sid\u00e9rante rappelant les codes du banditisme corse<\/a>.<\/p>\n<p>\u00abUltrarajeunissement\u00bb<\/p>\n<p class=\"fig-paragraph\">Le jeune tueur \u00e0 gages et son commanditaire ont finalement \u00e9t\u00e9 interpell\u00e9s puis mis en examen notamment pour \u00abassassinat en bande organis\u00e9e\u00bb et \u00abparticipation \u00e0 une association de malfaiteurs criminelle\u00bb avant d\u2019\u00eatre plac\u00e9s en d\u00e9tention provisoire dans le cadre d\u2019une information judiciaire confi\u00e9e \u00e0 la Junalco en f\u00e9vrier dernier, apr\u00e8s dessaisissement des juges d\u2019instruction marseillais.<\/p>\n<p>                                    <a class=\"fig-a11y-skip a11y-hidden\" href=\"#fig-a11y-skip-main-inarticle_mtf\"><br \/>\n        Passer la publicit\u00e9<br \/>\n    <\/a><\/p>\n<p class=\"fig-paragraph\">Le mineur, dont les parents \u00e9taient incarc\u00e9r\u00e9s \u00e0 l\u2019\u00e9poque des faits, \u00e9tait d\u00e9j\u00e0 d\u00e9favorablement connu des services de police et mis en examen dans une autre affaire pour violences, menaces et d\u00e9gradations. Un profil qui avait m\u00eame inqui\u00e9t\u00e9 les autorit\u00e9s judiciaires, presque d\u00e9pass\u00e9es comme de nombreux observateurs du crime organis\u00e9 par les tenants et les aboutissants de cette affaire exceptionnelle. \u00abDes jeunes gar\u00e7ons vont r\u00e9pondre \u00e0 des annonces pour aller \u00f4ter la vie d\u2019autrui sans aucun remords ni aucune r\u00e9flexion \u00bb, avait comment\u00e9 Nicolas Bessone au cours d\u2019une conf\u00e9rence de presse, soulignant alors un \u00abultrarajeunissement\u00bb des auteurs de r\u00e8glement de comptes sur fond de narcobanditisme.<\/p>\n","protected":false},"excerpt":{"rendered":"Cet adolescent avait \u00e9t\u00e9 recrut\u00e9 par un membre autoproclam\u00e9 de la DZ Mafia afin d\u2019abattre un rival contre&hellip;\n","protected":false},"author":2,"featured_media":342722,"comment_status":"","ping_status":"","sticky":false,"template":"","format":"standard","meta":{"footnotes":""},"categories":[2814],"tags":[1111,11,2951,1777,674,1011,27,884,12,882,25,887],"class_list":{"0":"post-342721","1":"post","2":"type-post","3":"status-publish","4":"format-standard","5":"has-post-thumbnail","7":"category-marseille","8":"tag-actu","9":"tag-actualites","10":"tag-criminalite","11":"tag-eu","12":"tag-europe","13":"tag-fr","14":"tag-france","15":"tag-marseille","16":"tag-news","17":"tag-provence-alpes-cote-dazur","18":"tag-republique-francaise","19":"tag-trafic-de-drogue"},"share_on_mastodon":{"url":"https:\/\/pubeurope.com\/@fr\/115089243115393945","error":""},"_links":{"self":[{"href":"https:\/\/www.europesays.com\/fr\/wp-json\/wp\/v2\/posts\/342721","targetHints":{"allow":["GET"]}}],"collection":[{"href":"https:\/\/www.europesays.com\/fr\/wp-json\/wp\/v2\/posts"}],"about":[{"href":"https:\/\/www.europesays.com\/fr\/wp-json\/wp\/v2\/types\/post"}],"author":[{"embeddable":true,"href":"https:\/\/www.europesays.com\/fr\/wp-json\/wp\/v2\/users\/2"}],"replies":[{"embeddable":true,"href":"https:\/\/www.europesays.com\/fr\/wp-json\/wp\/v2\/comments?post=342721"}],"version-history":[{"count":0,"href":"https:\/\/www.europesays.com\/fr\/wp-json\/wp\/v2\/posts\/342721\/revisions"}],"wp:featuredmedia":[{"embeddable":true,"href":"https:\/\/www.europesays.com\/fr\/wp-json\/wp\/v2\/media\/342722"}],"wp:attachment":[{"href":"https:\/\/www.europesays.com\/fr\/wp-json\/wp\/v2\/media?parent=342721"}],"wp:term":[{"taxonomy":"category","embeddable":true,"href":"https:\/\/www.europesays.com\/fr\/wp-json\/wp\/v2\/categories?post=342721"},{"taxonomy":"post_tag","embeddable":true,"href":"https:\/\/www.europesays.com\/fr\/wp-json\/wp\/v2\/tags?post=342721"}],"curies":[{"name":"wp","href":"https:\/\/api.w.org\/{rel}","templated":true}]}}