{"id":342723,"date":"2025-08-25T11:47:12","date_gmt":"2025-08-25T11:47:12","guid":{"rendered":"https:\/\/www.europesays.com\/fr\/342723\/"},"modified":"2025-08-25T11:47:12","modified_gmt":"2025-08-25T11:47:12","slug":"a-lyon-lhotel-du-departement-et-la-prefecture-ouvrent-leurs-portes-pour-les-journees-du-patrimoine","status":"publish","type":"post","link":"https:\/\/www.europesays.com\/fr\/342723\/","title":{"rendered":"\u00c0 Lyon, L&rsquo;H\u00f4tel du D\u00e9partement et la Pr\u00e9fecture ouvrent leurs portes pour les Journ\u00e9es du patrimoine"},"content":{"rendered":"<p>                            <img loading=\"lazy\" width=\"1080\" height=\"675\" class=\"attachment-article size-article wp-post-image lazyload\" alt=\"\" decoding=\"async\" src=\"https:\/\/www.europesays.com\/fr\/wp-content\/uploads\/2025\/08\/Prefecture-du-Rhone-@WilliamPham-21-scaled-e1680096654885.jpg\" data-eio-rwidth=\"1080\" data-eio-rheight=\"675\"\/><\/p>\n<p>La Pr\u00e9fecture du Rh\u00f4ne @WilliamPham<\/p>\n<p class=\"content\" style=\"font-size:1.2em;font-weight:700\">Le b\u00e2timent qui abrite les deux institutions propose des visites guid\u00e9es le 20 septembre, avec d\u00e9couverte des salons d&rsquo;apparat et d&rsquo;une exposition sur les 120 ans de la loi de 1905.<\/p>\n<p>Pour la deuxi\u00e8me ann\u00e9e cons\u00e9cutive, le D\u00e9partement et la Pr\u00e9fecture du Rh\u00f4ne ouvrent leur b\u00e2timent historique lors des Journ\u00e9es Europ\u00e9ennes du Patrimoine. Des visites guid\u00e9es d&rsquo;une heure permettront de d\u00e9couvrir ce lieu construit en 1882 par l&rsquo;architecte Georges-Antoine Louvier.<\/p>\n<p>Exposition et modalit\u00e9s<\/p>\n<p>Le parcours d\u00e9voilera l&rsquo;escalier d&rsquo;honneur, les salons et appartements d&rsquo;apparat de ce b\u00e2timent de 19 000 m\u00b2 qui abrite sous le m\u00eame toit la Pr\u00e9fecture (\u00c9tat) et le D\u00e9partement (collectivit\u00e9 propri\u00e9taire).<\/p>\n<p>La visite se termine par une exposition sur les 120 ans de la loi de 1905 sur la la\u00efcit\u00e9. Une exposition photographique des salles embl\u00e9matiques sera visible d\u00e8s la mi-septembre sur les grilles du b\u00e2timent.<\/p>\n<p>Visites le samedi 20 septembre de 9h \u00e0 11h et de 14h \u00e0 16h, sur inscription obligatoire via le site du D\u00e9partement du Rh\u00f4ne.<\/p>\n","protected":false},"excerpt":{"rendered":"La Pr\u00e9fecture du Rh\u00f4ne @WilliamPham Le b\u00e2timent qui abrite les deux institutions propose des visites guid\u00e9es le 20&hellip;\n","protected":false},"author":2,"featured_media":342724,"comment_status":"","ping_status":"","sticky":false,"template":"","format":"standard","meta":{"footnotes":""},"categories":[1889],"tags":[1111,11,2430,1777,674,1011,27,2428,12,25],"class_list":{"0":"post-342723","1":"post","2":"type-post","3":"status-publish","4":"format-standard","5":"has-post-thumbnail","7":"category-lyon","8":"tag-actu","9":"tag-actualites","10":"tag-auvergne-rhone-alpes","11":"tag-eu","12":"tag-europe","13":"tag-fr","14":"tag-france","15":"tag-lyon","16":"tag-news","17":"tag-republique-francaise"},"share_on_mastodon":{"url":"https:\/\/pubeurope.com\/@fr\/115089247049924707","error":""},"_links":{"self":[{"href":"https:\/\/www.europesays.com\/fr\/wp-json\/wp\/v2\/posts\/342723","targetHints":{"allow":["GET"]}}],"collection":[{"href":"https:\/\/www.europesays.com\/fr\/wp-json\/wp\/v2\/posts"}],"about":[{"href":"https:\/\/www.europesays.com\/fr\/wp-json\/wp\/v2\/types\/post"}],"author":[{"embeddable":true,"href":"https:\/\/www.europesays.com\/fr\/wp-json\/wp\/v2\/users\/2"}],"replies":[{"embeddable":true,"href":"https:\/\/www.europesays.com\/fr\/wp-json\/wp\/v2\/comments?post=342723"}],"version-history":[{"count":0,"href":"https:\/\/www.europesays.com\/fr\/wp-json\/wp\/v2\/posts\/342723\/revisions"}],"wp:featuredmedia":[{"embeddable":true,"href":"https:\/\/www.europesays.com\/fr\/wp-json\/wp\/v2\/media\/342724"}],"wp:attachment":[{"href":"https:\/\/www.europesays.com\/fr\/wp-json\/wp\/v2\/media?parent=342723"}],"wp:term":[{"taxonomy":"category","embeddable":true,"href":"https:\/\/www.europesays.com\/fr\/wp-json\/wp\/v2\/categories?post=342723"},{"taxonomy":"post_tag","embeddable":true,"href":"https:\/\/www.europesays.com\/fr\/wp-json\/wp\/v2\/tags?post=342723"}],"curies":[{"name":"wp","href":"https:\/\/api.w.org\/{rel}","templated":true}]}}