{"id":342725,"date":"2025-08-25T11:48:24","date_gmt":"2025-08-25T11:48:24","guid":{"rendered":"https:\/\/www.europesays.com\/fr\/342725\/"},"modified":"2025-08-25T11:48:24","modified_gmt":"2025-08-25T11:48:24","slug":"cette-celebre-boutique-de-bonbons-change-dadresse-dans-le-centre-ville","status":"publish","type":"post","link":"https:\/\/www.europesays.com\/fr\/342725\/","title":{"rendered":"cette c\u00e9l\u00e8bre boutique de bonbons change d\u2019adresse dans le centre-ville"},"content":{"rendered":"<p itemprop=\"description\"><strong>Haribo semble avoir appr\u00e9ci\u00e9 la ville de Lyon.<\/strong><\/p>\n<p>Le 15 mars 2024, la plus grande enseigne de confiseries dans le monde, Haribo, avait d\u00e9cid\u00e9 d\u2019ouvrir sa toute premi\u00e8re boutique au sein de la capitale des Gaules. Un enseigne de 75m2 qui s\u2019\u00e9tait install\u00e9e au 26 rue de la R\u00e9publique, aux Cordeliers (Lyon 2e), pour une dur\u00e9e de 18 mois, le temps de r\u00e9aliser une phase de test.<\/p>\n<p>Visiblement peu convaincu par l&rsquo;adresse, mais souhaitant rester dans la c\u00e9l\u00e8bre art\u00e8re de la Presqu&rsquo;\u00eele, Haribo va d\u00e9m\u00e9nager plus loin, au 45 rue de la R\u00e9publique, l\u00e0 o\u00f9 se trouvait Undiz, une enseigne de sous-v\u00eatements.<\/p>\n<p>L\u2019ouverture est attendue le 15 septembre prochain.<\/p>\n<p>Ce n\u2019est pas le premier d\u00e9m\u00e9nagement d\u2019une enseigne sur la rue de la R\u00e9publique. Avril, une boutique de cosm\u00e9tiques bio, va prendre la place de Body shop, anciennement situ\u00e9e entre le Path\u00e9 Bellecour et la Fnac.<\/p>\n","protected":false},"excerpt":{"rendered":"Haribo semble avoir appr\u00e9ci\u00e9 la ville de Lyon. Le 15 mars 2024, la plus grande enseigne de confiseries&hellip;\n","protected":false},"author":2,"featured_media":342726,"comment_status":"","ping_status":"","sticky":false,"template":"","format":"standard","meta":{"footnotes":""},"categories":[1889],"tags":[1111,11,2813,2190,2430,1109,251,1112,2811,1777,674,118,1011,27,1922,1110,1114,2428,2810,12,241,316,25,2812,517,800],"class_list":{"0":"post-342725","1":"post","2":"type-post","3":"status-publish","4":"format-standard","5":"has-post-thumbnail","7":"category-lyon","8":"tag-actu","9":"tag-actualites","10":"tag-article","11":"tag-asvel","12":"tag-auvergne-rhone-alpes","13":"tag-breves","14":"tag-culture","15":"tag-depeches","16":"tag-economique","17":"tag-eu","18":"tag-europe","19":"tag-faits-divers","20":"tag-fr","21":"tag-france","22":"tag-info","23":"tag-informations","24":"tag-infos","25":"tag-lyon","26":"tag-lyonmag","27":"tag-news","28":"tag-ol","29":"tag-politique","30":"tag-republique-francaise","31":"tag-sociale","32":"tag-sport","33":"tag-transports"},"share_on_mastodon":{"url":"https:\/\/pubeurope.com\/@fr\/115089250923644045","error":""},"_links":{"self":[{"href":"https:\/\/www.europesays.com\/fr\/wp-json\/wp\/v2\/posts\/342725","targetHints":{"allow":["GET"]}}],"collection":[{"href":"https:\/\/www.europesays.com\/fr\/wp-json\/wp\/v2\/posts"}],"about":[{"href":"https:\/\/www.europesays.com\/fr\/wp-json\/wp\/v2\/types\/post"}],"author":[{"embeddable":true,"href":"https:\/\/www.europesays.com\/fr\/wp-json\/wp\/v2\/users\/2"}],"replies":[{"embeddable":true,"href":"https:\/\/www.europesays.com\/fr\/wp-json\/wp\/v2\/comments?post=342725"}],"version-history":[{"count":0,"href":"https:\/\/www.europesays.com\/fr\/wp-json\/wp\/v2\/posts\/342725\/revisions"}],"wp:featuredmedia":[{"embeddable":true,"href":"https:\/\/www.europesays.com\/fr\/wp-json\/wp\/v2\/media\/342726"}],"wp:attachment":[{"href":"https:\/\/www.europesays.com\/fr\/wp-json\/wp\/v2\/media?parent=342725"}],"wp:term":[{"taxonomy":"category","embeddable":true,"href":"https:\/\/www.europesays.com\/fr\/wp-json\/wp\/v2\/categories?post=342725"},{"taxonomy":"post_tag","embeddable":true,"href":"https:\/\/www.europesays.com\/fr\/wp-json\/wp\/v2\/tags?post=342725"}],"curies":[{"name":"wp","href":"https:\/\/api.w.org\/{rel}","templated":true}]}}