{"id":342731,"date":"2025-08-25T11:52:11","date_gmt":"2025-08-25T11:52:11","guid":{"rendered":"https:\/\/www.europesays.com\/fr\/342731\/"},"modified":"2025-08-25T11:52:11","modified_gmt":"2025-08-25T11:52:11","slug":"spotify-france-organise-un-festival-100-feminin-a-paris-avec-shay-ou-theodora","status":"publish","type":"post","link":"https:\/\/www.europesays.com\/fr\/342731\/","title":{"rendered":"Spotify France organise un festival 100 % f\u00e9minin \u00e0 Paris avec Shay ou Theodora"},"content":{"rendered":"<p>R\u00e9unir les artistes fran\u00e7aises les plus cot\u00e9es du moment : voil\u00e0 l&rsquo;ambition de Spotify France avec EQUAL, leur programme de mise en avant des artistes f\u00e9minines. D&rsquo;abord con\u00e7u comme des playlists curat\u00e9es par une \u00e9quipe \u00e9ditoriale, celui-ci s&rsquo;appr\u00eate \u00e0 devenir, pour la premi\u00e8re fois, un <a href=\"https:\/\/www.vogue.fr\/dossier\/festival\" isautogenerated=\"true\" rel=\"nofollow noopener\" target=\"_blank\">festival<\/a>, avec de prestigieuses t\u00eates d&rsquo;affiche comme <strong>Shay<\/strong>, <a href=\"https:\/\/www.vogue.fr\/article\/qui-est-theodora-chanteuse-musique-kongolese-sous-bbl\" rel=\"nofollow noopener\" target=\"_blank\"><strong>Theodora<\/strong><\/a> ou <a href=\"https:\/\/www.vogue.fr\/article\/oklou-interview-musique-productrice-choke-enough-album\" rel=\"nofollow noopener\" target=\"_blank\"><strong>Oklou<\/strong><\/a>. Date, programmation et billetterie\u2026 Vogue fait le point.<\/p>\n<p>EQUAL Festival, premier \u00e9v\u00e9nement 100 % f\u00e9minin de Spotify France<\/p>\n<p>\u201cLes femmes montent le son\u201d \u2013 voil\u00e0 l&rsquo;adage d&rsquo;EQUAL, programme de mise en avant des femmes artistes mis sur pied par Spotify. Un programme qui se d\u00e9cline dans chacun des pays o\u00f9 la firme est pr\u00e9sente, l&rsquo;occasion de mettre en avant des talents locaux. En France, des artistes comme <strong>Amel Bent<\/strong>, <strong>Ronisia<\/strong> ou encore <strong>Vendredi Sur Mer<\/strong> ont pu en b\u00e9n\u00e9ficier. L&rsquo;aide n&rsquo;est pas n\u00e9gligeable, \u00e0 l&rsquo;heure o\u00f9 une entr\u00e9e en playlist sur une plateforme de streaming est devenue toute aussi importante \u2013 voire davantage \u2013 qu&rsquo;une entr\u00e9e en radio. Celle-ci s&rsquo;accompagne \u00e9galement d&rsquo;un passage sur l&rsquo;un des gigantesques \u00e9crans de Times Square \u00e0 <a href=\"https:\/\/www.vogue.fr\/dossier\/new-york\" isautogenerated=\"true\" rel=\"nofollow noopener\" target=\"_blank\">New York<\/a>.<\/p>\n<p>Aujourd&rsquo;hui, le programme s&rsquo;\u00e9tend avec le Spotify EQUAL Festival, qui aura lieu le 18 novembre prochain \u00e0 <a href=\"https:\/\/www.vogue.fr\/dossier\/paris\" isautogenerated=\"true\" rel=\"nofollow noopener\" target=\"_blank\">Paris<\/a>, au <strong>Palais Brongniart<\/strong>, dans le 2\u00e8me arrondissement. Un \u00e9v\u00e9nement qui r\u00e9unira autant de talents francophones que sont <strong>Shay<\/strong>, <a href=\"https:\/\/www.vogue.fr\/dossier\/clara-luciani\" isautogenerated=\"true\" rel=\"nofollow noopener\" target=\"_blank\"><strong>Clara Luciani<\/strong><\/a>, <a href=\"https:\/\/www.vogue.fr\/article\/qui-est-theodora-chanteuse-musique-kongolese-sous-bbl\" rel=\"nofollow noopener\" target=\"_blank\"><strong>Theodora<\/strong><\/a>, <strong>Charlotte Cardin<\/strong>, <strong>Miki<\/strong>, <a href=\"https:\/\/www.vogue.fr\/article\/oklou-interview-musique-productrice-choke-enough-album\" rel=\"nofollow noopener\" target=\"_blank\"><strong>Oklou<\/strong><\/a> et <strong>Bamby<\/strong> \u2013 m\u00ealant ainsi les genres musicaux, du rap \u00e0 la chanson en passant par la pop. Une programmation qui refl\u00e8te surtout le rayonnement international de la sc\u00e8ne francophone : tandis qu&rsquo;<strong>Oklou<\/strong> a r\u00e9cemment \u00e9t\u00e9 lou\u00e9e par la tr\u00e8s am\u00e9ricaine <strong>Billie Eilish<\/strong>, <strong>Theodora<\/strong> est \u00e9cout\u00e9e partout dans le monde, et notamment par <strong>Bad Bunny<\/strong>. La Guyanaise <strong>Bamby<\/strong> est quant \u00e0 elle la figure d&rsquo;un certain renouveau du dancehall. La billetterie ouvrira ce mardi 26 ao\u00fbt 2025 \u00e0 partir de 10h sur l&rsquo;application SHOTGUN.<\/p>\n<p>Instagram content<\/p>\n<p>This content can also be viewed on the site it <a href=\"https:\/\/www.instagram.com\/p\/DNxT-3nWhqy\" target=\"_blank\" rel=\"nofollow noreferrer noopener\" aria-label=\"Opens in a new window\" class=\"BaseWrap-sc-gzmcOU BaseText-eqOrNE BaseLink-eTpkqh ConsentBannerLink-dEGWLe deqABF hHpZaF fAMWKE\">originates<\/a> from.<\/p>\n<p>Spotify, \u00e0 l&rsquo;heure du boycott<\/p>\n<p>Si l&rsquo;initiative des \u00e9quipes fran\u00e7aises de Spotify est \u00e0 saluer, difficile de ne pas rappeler que l&rsquo;entreprise su\u00e9doise traverse actuellement une vague d&rsquo;appels au boycott : des artistes suppriment leur catalogue de la plateforme, \u00e0 l&rsquo;instar du groupe australien <strong>King Gizzard &amp; the Lizard Wizard<\/strong>, en r\u00e9ponse aux prises de position pro I.A de l&rsquo;entreprise, \u00e0 l&rsquo;argent revers\u00e9e dans la c\u00e9r\u00e9monie d&rsquo;investiture de <strong>Donald Trump<\/strong> ou aux 600 millions de dollars de <strong>Daniel Ek<\/strong> (PDG et fondateur de Spotify) investis dans la soci\u00e9t\u00e9 de d\u00e9fense militaire sp\u00e9cialis\u00e9e dans l&rsquo;IA Helsing.<\/p>\n<p><strong>Plus de <a href=\"https:\/\/www.vogue.fr\/dossier\/culture\" isautogenerated=\"true\" rel=\"nofollow noopener\" target=\"_blank\">culture<\/a> sur Vogue.fr :<\/strong><br \/><a href=\"https:\/\/www.vogue.fr\/galerie\/chappell-roan-meilleurs-looks-mode-musique-chanteuse\" rel=\"nofollow noopener\" target=\"_blank\">Chappell Roan en 18 looks burlesques<\/a> et inoubliables<br \/><a href=\"https:\/\/www.vogue.fr\/article\/audrey-hobert-musique-who-s-the-clown-album-interview\" rel=\"nofollow noopener\" target=\"_blank\">Qui est Audrey Hobert<\/a>, la nouvelle h\u00e9ro\u00efne pop \u00e0 \u00e9couter \u00e0 la <a href=\"https:\/\/www.vogue.fr\/dossier\/rentree\" isautogenerated=\"true\" rel=\"nofollow noopener\" target=\"_blank\">rentr\u00e9e<\/a> ?<br \/><a href=\"https:\/\/www.vogue.fr\/galerie\/doechii-meilleurs-looks-mode-musique-rappeuse\" rel=\"nofollow noopener\" target=\"_blank\">Doechii en 13 looks inoubliables<\/a><\/p>\n<p><script async src=\"\/\/www.instagram.com\/embed.js\"><\/script><\/p>\n","protected":false},"excerpt":{"rendered":"R\u00e9unir les artistes fran\u00e7aises les plus cot\u00e9es du moment : voil\u00e0 l&rsquo;ambition de Spotify France avec EQUAL, leur&hellip;\n","protected":false},"author":2,"featured_media":342732,"comment_status":"","ping_status":"","sticky":false,"template":"","format":"standard","meta":{"footnotes":""},"categories":[1888],"tags":[1111,1928,11,1927,1697,1777,674,849,1011,27,873,12,1926,626,1925,25],"class_list":{"0":"post-342731","1":"post","2":"type-post","3":"status-publish","4":"format-standard","5":"has-post-thumbnail","7":"category-paris","8":"tag-actu","9":"tag-actu-paris","10":"tag-actualites","11":"tag-actualites-paris","12":"tag-concert","13":"tag-eu","14":"tag-europe","15":"tag-festival","16":"tag-fr","17":"tag-france","18":"tag-musique","19":"tag-news","20":"tag-news-paris","21":"tag-paris","22":"tag-paris-news","23":"tag-republique-francaise"},"share_on_mastodon":{"url":"https:\/\/pubeurope.com\/@fr\/115089266636287151","error":""},"_links":{"self":[{"href":"https:\/\/www.europesays.com\/fr\/wp-json\/wp\/v2\/posts\/342731","targetHints":{"allow":["GET"]}}],"collection":[{"href":"https:\/\/www.europesays.com\/fr\/wp-json\/wp\/v2\/posts"}],"about":[{"href":"https:\/\/www.europesays.com\/fr\/wp-json\/wp\/v2\/types\/post"}],"author":[{"embeddable":true,"href":"https:\/\/www.europesays.com\/fr\/wp-json\/wp\/v2\/users\/2"}],"replies":[{"embeddable":true,"href":"https:\/\/www.europesays.com\/fr\/wp-json\/wp\/v2\/comments?post=342731"}],"version-history":[{"count":0,"href":"https:\/\/www.europesays.com\/fr\/wp-json\/wp\/v2\/posts\/342731\/revisions"}],"wp:featuredmedia":[{"embeddable":true,"href":"https:\/\/www.europesays.com\/fr\/wp-json\/wp\/v2\/media\/342732"}],"wp:attachment":[{"href":"https:\/\/www.europesays.com\/fr\/wp-json\/wp\/v2\/media?parent=342731"}],"wp:term":[{"taxonomy":"category","embeddable":true,"href":"https:\/\/www.europesays.com\/fr\/wp-json\/wp\/v2\/categories?post=342731"},{"taxonomy":"post_tag","embeddable":true,"href":"https:\/\/www.europesays.com\/fr\/wp-json\/wp\/v2\/tags?post=342731"}],"curies":[{"name":"wp","href":"https:\/\/api.w.org\/{rel}","templated":true}]}}