{"id":342735,"date":"2025-08-25T11:54:11","date_gmt":"2025-08-25T11:54:11","guid":{"rendered":"https:\/\/www.europesays.com\/fr\/342735\/"},"modified":"2025-08-25T11:54:11","modified_gmt":"2025-08-25T11:54:11","slug":"les-rappeurs-controverses-de-kneecap-annoncent-quatre-nouveaux-concerts-a-paris","status":"publish","type":"post","link":"https:\/\/www.europesays.com\/fr\/342735\/","title":{"rendered":"Les rappeurs controvers\u00e9s de Kneecap annoncent quatre nouveaux concerts \u00e0 Paris"},"content":{"rendered":"<p>Le trio nord-irlandais, connu pour ses positions propalestiniennes et accus\u00e9 de soutien au Hamas et au Hezbollah, se produira deux fois en septembre au Trianon et deux fois en novembre \u00e0 l\u2019\u00c9lys\u00e9e Montmartre.<\/p>\n<p class=\"fig-paragraph\"><a href=\"http:\/\/www.lefigaro.fr\/flash-actu\/le-groupe-kneecap-accuse-de-soutien-au-hezbollah-sous-surveillance-au-dernier-jour-de-rock-en-seine-20250824\" data-fig-type=\"NewsFlash\" data-gtm-custom-categorie=\"navigation\" data-gtm-custom-action=\"crossclick\" data-gtm-custom-label=\"Contextuel\" data-gtm-event=\"customEventSPE\" data-fig-domain=\"LEFIGARO\" target=\"_blank\" rel=\"noopener\">Kneecap<\/a>\u00a0pr\u00e9pare d\u00e9j\u00e0 son retour sur le sol parisien. Ce dimanche, en cl\u00f4ture de<a href=\"http:\/\/www.lefigaro.fr\/musique\/kneecap-le-trio-de-rappeurs-accuse-de-soutien-au-hamas-et-au-hezbollah-ovationne-a-rock-en-seine-20250824\" data-fig-type=\"NewsFlash\" data-gtm-custom-categorie=\"navigation\" data-gtm-custom-action=\"crossclick\" data-gtm-custom-label=\"Contextuel\" data-gtm-event=\"customEventSPE\" data-fig-domain=\"LEFIGARO\" target=\"_blank\" rel=\"noopener\">\u00a0son concert \u00e0 Rock en Seine<\/a>, le trio de rappeurs originaire de l\u2019ouest de Belfast (Irlande du Nord) a annonc\u00e9 quatre nouvelles dates dans la capitale. Mo Chara, M\u00f3gla\u00ed Bap et DJ Pr\u00f3va\u00ed, noms de sc\u00e8ne de respectifs de Liam \u00d3g \u00d3 hAnnaidh, Naoise \u00d3 Caireall\u00e1in et JJ \u00d3 Dochartaigh, investiront Le Trianon les 7 et 8 septembre prochain, avant de se rendre \u00e0 l\u2019\u00c9lys\u00e9e Montmartre les 10 et 11 novemebre.<\/p>\n<p class=\"fig-paragraph\">\u00ab\u00a0Nous sommes heureux parce que vous, Fran\u00e7ais, portez aussi notre message de paix\u00a0\u00bb, d\u00e9clarait le leader du groupe Mo Chara hier sur la sc\u00e8ne de Saint-Cloud. Avant d\u2019afficher, au moment de quitter l\u2019estrade, une affiche par\u00e9e de vert, blanc et orange sur le grand \u00e9cran. Les quatre dates \u00e9taient accompagn\u00e9es du tableau de La Joconde, sur lequel l\u2019illustre Mona Lisa portait une cagoule aux couleurs de l\u2019Irlande. La m\u00eame que celle v\u00eatit par DJ Pr\u00f3va\u00ed au quotidien.<\/p>\n<p>                                    <a class=\"fig-a11y-skip a11y-hidden\" href=\"#fig-a11y-skip-main-inarticle\"><br \/>\n        Passer la publicit\u00e9<br \/>\n    <\/a><\/p>\n<p class=\"fig-paragraph\">Cette annonce pourrait faire l\u2019objet de nouvelles controverses. Leur venue \u00e0 Rock en Seine le week-end dernier a suscit\u00e9 l\u2019inqui\u00e9tude des autorit\u00e9s, la r\u00e9gion \u00cele-de-France d\u00e9cidant de couper ses subventions au festival,\u00a0<a href=\"http:\/\/www.lefigaro.fr\/actualite-france\/rock-en-seine-saint-cloud-retire-sa-subvention-en-raison-de-la-presence-d-un-groupe-de-rap-polemique-20250710\" data-fig-type=\"Article\" data-gtm-custom-categorie=\"navigation\" data-gtm-custom-action=\"crossclick\" data-gtm-custom-label=\"Contextuel\" data-gtm-event=\"customEventSPE\" data-fig-domain=\"LEFIGARO\" target=\"_blank\" rel=\"noopener\">tout comme la ville de Saint-Cloud<\/a>. Le ministre de l\u2019Int\u00e9rieur, Bruno Retailleau,\u00a0<a href=\"http:\/\/www.lefigaro.fr\/musique\/tout-debordement-sera-judiciarise-bruno-retailleau-met-en-garde-kneecap-avant-leur-passage-a-rock-en-seine-20250818\" data-fig-type=\"NewsFlash\" data-gtm-custom-categorie=\"navigation\" data-gtm-custom-action=\"crossclick\" data-gtm-custom-label=\"Contextuel\" data-gtm-event=\"customEventSPE\" data-fig-domain=\"LEFIGARO\" target=\"_blank\" rel=\"noopener\">a condamn\u00e9 il y a une dizaine de jours<\/a>\u00a0\u00ab\u00a0les propos qui ont pu \u00eatre tenus par ce groupe\u00a0\u00bb, dans une lettre ouverte, assurant son \u00ab\u00a0intransigeance envers tout propos \u00e0 caract\u00e8re antis\u00e9mite, d\u2019apologie du terrorisme ou appelant \u00e0 la haine, qui feront directement l\u2019objet de poursuites judiciaires\u00a0\u00bb.<\/p>\n<p>15\u00a0000 personnes \u00e0 Rock en Seine<\/p>\n<p class=\"fig-paragraph\">L\u2019\u00e9v\u00e9nement, qui a rassembl\u00e9 quelque 15\u00a0000 personnes en fin d\u2019apr\u00e8s-midi, s\u2019est finalement tenu dans de bonnes conditions. L\u2019ambiance est rest\u00e9e assez calme, malgr\u00e9 les \u00ab\u00a0tout le monde d\u00e9teste la police\u00a0\u00bb et les \u00ab\u00a0Macron d\u00e9mission\u00a0\u00bb entendus dans le public. Tout au long du concert, les trois rappeurs ont affirm\u00e9 leur soutien \u00e0 la Palestine et au mouvement de r\u00e9unification de l\u2019Irlande. \u00ab\u00a0Il y a une grande pression en ce moment en Palestine, et nous ne resterons pas silencieux face \u00e0 ce g\u00e9nocide, cela ne changera pas, a notamment d\u00e9clar\u00e9 Mo Chara. Netanyahou est un criminel de guerre, si vous n\u2019appelez pas \u00e7a un g\u00e9nocide, je ne sais pas ce que c\u2019est.\u00a0\u00bb<\/p>\n<p class=\"fig-paragraph\">Quatre jours avant ce concert parisien,\u00a0<a href=\"http:\/\/www.lefigaro.fr\/musique\/un-rappeur-du-trio-kneecap-comparait-a-londres-accuse-de-soutien-au-hezbollah-20250820\" data-fig-type=\"NewsFlash\" data-gtm-custom-categorie=\"navigation\" data-gtm-custom-action=\"crossclick\" data-gtm-custom-label=\"Contextuel\" data-gtm-event=\"customEventSPE\" data-fig-domain=\"LEFIGARO\" target=\"_blank\" rel=\"noopener\">Mo Chara comparaissait devant le tribunal judiciaire de Westminster<\/a>\u00a0pour \u00ab infraction terroriste\u00a0\u00bb, apr\u00e8s avoir brandi lors d\u2019un concert \u00e0 Londres l\u2019an pass\u00e9 un drapeau du Hezbollah et scand\u00e9 \u00ab allez le Hamas, allez le Hezbollah\u00a0\u00bb sur sc\u00e8ne. Le verdict de cette audience a finalement \u00e9t\u00e9\u00a0<a href=\"http:\/\/www.lefigaro.fr\/musique\/decision-ajournee-pour-le-chanteur-de-kneecap-accuse-a-londres-d-infraction-terroriste-20250820\" target=\"_blank\" data-fig-type=\"NewsFlash\" rel=\"noopener\" data-gtm-custom-categorie=\"navigation\" data-gtm-custom-action=\"crossclick\" data-gtm-custom-label=\"Contextuel\" data-gtm-event=\"customEventSPE\" data-fig-domain=\"LEFIGARO\">ajourn\u00e9 au 26 septembre<\/a>, permettant au groupe de se produire librement \u00e0 Rock en Seine. Le groupe, lui, a \u00e9t\u00e9 invit\u00e9 \u00e0 signer un code de bonne conduite par les instances juridiques fran\u00e7aises pour se produire sur le territoire.<\/p>\n","protected":false},"excerpt":{"rendered":"Le trio nord-irlandais, connu pour ses positions propalestiniennes et accus\u00e9 de soutien au Hamas et au Hezbollah, se&hellip;\n","protected":false},"author":2,"featured_media":342736,"comment_status":"","ping_status":"","sticky":false,"template":"","format":"standard","meta":{"footnotes":""},"categories":[1888],"tags":[11,1777,674,1011,27,516,12,3518,626,3616,25],"class_list":{"0":"post-342735","1":"post","2":"type-post","3":"status-publish","4":"format-standard","5":"has-post-thumbnail","7":"category-paris","8":"tag-actualites","9":"tag-eu","10":"tag-europe","11":"tag-fr","12":"tag-france","13":"tag-irlande","14":"tag-news","15":"tag-palestine","16":"tag-paris","17":"tag-rap","18":"tag-republique-francaise"},"share_on_mastodon":{"url":"https:\/\/pubeurope.com\/@fr\/115089274934928028","error":""},"_links":{"self":[{"href":"https:\/\/www.europesays.com\/fr\/wp-json\/wp\/v2\/posts\/342735","targetHints":{"allow":["GET"]}}],"collection":[{"href":"https:\/\/www.europesays.com\/fr\/wp-json\/wp\/v2\/posts"}],"about":[{"href":"https:\/\/www.europesays.com\/fr\/wp-json\/wp\/v2\/types\/post"}],"author":[{"embeddable":true,"href":"https:\/\/www.europesays.com\/fr\/wp-json\/wp\/v2\/users\/2"}],"replies":[{"embeddable":true,"href":"https:\/\/www.europesays.com\/fr\/wp-json\/wp\/v2\/comments?post=342735"}],"version-history":[{"count":0,"href":"https:\/\/www.europesays.com\/fr\/wp-json\/wp\/v2\/posts\/342735\/revisions"}],"wp:featuredmedia":[{"embeddable":true,"href":"https:\/\/www.europesays.com\/fr\/wp-json\/wp\/v2\/media\/342736"}],"wp:attachment":[{"href":"https:\/\/www.europesays.com\/fr\/wp-json\/wp\/v2\/media?parent=342735"}],"wp:term":[{"taxonomy":"category","embeddable":true,"href":"https:\/\/www.europesays.com\/fr\/wp-json\/wp\/v2\/categories?post=342735"},{"taxonomy":"post_tag","embeddable":true,"href":"https:\/\/www.europesays.com\/fr\/wp-json\/wp\/v2\/tags?post=342735"}],"curies":[{"name":"wp","href":"https:\/\/api.w.org\/{rel}","templated":true}]}}