{"id":342737,"date":"2025-08-25T11:55:14","date_gmt":"2025-08-25T11:55:14","guid":{"rendered":"https:\/\/www.europesays.com\/fr\/342737\/"},"modified":"2025-08-25T11:55:14","modified_gmt":"2025-08-25T11:55:14","slug":"le-chercheur-francais-laurent-vinatier-de-nouveau-devant-la-justice-russe-pour-des-accusations-despionnage-liberation","status":"publish","type":"post","link":"https:\/\/www.europesays.com\/fr\/342737\/","title":{"rendered":"Le chercheur fran\u00e7ais Laurent Vinatier de nouveau devant la justice russe pour des accusations d\u2019\u00abespionnage\u00bb \u2013 Lib\u00e9ration"},"content":{"rendered":"<p class=\"sc-ksZaOG ehjQrN text-element\">Le chercheur fran\u00e7ais <a href=\"https:\/\/www.liberation.fr\/international\/europe\/les-tribunaux-russes-refusent-de-remettre-en-liberte-le-francais-laurent-vinatier-20240704_GGQFGD4O5FF63G5375P2TKBFWM\/\" target=\"_blank\" rel=\"nofollow noopener\" title=\"https:\/\/www.liberation.fr\/international\/europe\/les-tribunaux-russes-refusent-de-remettre-en-liberte-le-francais-laurent-vinatier-20240704_GGQFGD4O5FF63G5375P2TKBFWM\/\">Laurent Vinatier<\/a> n\u2019est pas au bout de ses peines. D\u00e9j\u00e0 condamn\u00e9 \u00e0 trois ans de prison en Russie, il doit de nouveau compara\u00eetre lundi 25 ao\u00fbt devant un tribunal de Moscou. L\u2019audience dans cette nouvelle affaire doit se d\u00e9rouler \u00e0 huis clos et concerne une enqu\u00eate pour \u00abespionnage\u00bb lanc\u00e9e \u00e0 son encontre, a confirm\u00e9 Anastassia Pychkina, porte-parole du tribunal de Lefortovo, dans la banlieue de la capitale russe. Il n\u2019est toutefois pas possible de savoir dans l\u2019imm\u00e9diat si Laurent Vinatier a \u00e9t\u00e9 inculp\u00e9 ou non pour ces accusations et aucune accusation sp\u00e9cifique n\u2019a \u00e9t\u00e9 d\u00e9voil\u00e9e par les enqu\u00eateurs ou le Parquet.<\/p>\n<p class=\"sc-ksZaOG ehjQrN text-element\"><a href=\"https:\/\/www.liberation.fr\/international\/europe\/un-ressortissant-francais-arrete-a-moscou-accuse-de-collecter-des-informations-sensibles-20240606_RNLE4U2Y7RAO7OQ2CHAT4RWOBY\/\" target=\"_blank\" rel=\"nofollow noopener\" title=\"https:\/\/www.liberation.fr\/international\/europe\/un-ressortissant-francais-arrete-a-moscou-accuse-de-collecter-des-informations-sensibles-20240606_RNLE4U2Y7RAO7OQ2CHAT4RWOBY\/\">Incarc\u00e9r\u00e9 depuis juin 2024<\/a>, ce chercheur sp\u00e9cialiste de l\u2019espace post-sovi\u00e9tique \u00e9tait employ\u00e9 sur le sol russe par le Centre pour le dialogue humanitaire, une ONG suisse qui fait de la m\u00e9diation dans des conflits hors des circuits diplomatiques officiels, notamment s\u2019agissant de l\u2019Ukraine. Laurent Vinatier a <a href=\"https:\/\/www.liberation.fr\/international\/europe\/russie-la-justice-requiert-plus-de-trois-ans-de-prison-contre-le-chercheur-francais-laurent-vinatier-20241014_HFRI5PJ7XVA6FK75T7OF6CSR7E\/\" target=\"_blank\" rel=\"nofollow noopener\" title=\"https:\/\/www.liberation.fr\/international\/europe\/russie-la-justice-requiert-plus-de-trois-ans-de-prison-contre-le-chercheur-francais-laurent-vinatier-20241014_HFRI5PJ7XVA6FK75T7OF6CSR7E\/\">\u00e9t\u00e9 condamn\u00e9 en octobre 2024<\/a> \u00e0 trois ans de prison pour ne pas s\u2019\u00eatre enregistr\u00e9 en tant qu\u2019\u00abagent de l\u2019\u00e9tranger\u00bb, un label utilis\u00e9 par les autorit\u00e9s russes pour r\u00e9primer leurs d\u00e9tracteurs.<\/p>\n<p class=\"sc-ksZaOG ehjQrN text-element\">Les nouvelles accusations d\u2019espionnage le visant sont passibles d\u2019une peine pouvant aller jusqu\u2019\u00e0 20 ans de prison. \u00abConnaissant le gouvernement russe on n\u2019a pas \u00e9t\u00e9 \u00e9tonn\u00e9 qu\u2019ils le poursuivent \u00e0 nouveau, qu\u2019ils trouvent encore des choses \u00e0 lui reprocher\u00bb, a d\u00e9clar\u00e9 \u00e0 l\u2019AFP la m\u00e8re du chercheur fran\u00e7ais, Brigitte Vinatier.<\/p>\n<p class=\"sc-ksZaOG ehjQrN text-element\">Se disant \u00abprise de court\u00bb par ces nouvelles accusations, Brigitte Vinatier a dit ne s\u2019attendre \u00ab\u00e0 rien de bien, \u00e0 rien de positif\u00bb. \u00abLes autorit\u00e9s fran\u00e7aises ont r\u00e9clam\u00e9 des nouvelles et des informations tout le temps avec un manque de r\u00e9ponses de la part des autorit\u00e9s russes qui leur ont dit simplement qu\u2019elles seraient pr\u00e9venues en temps voulu\u00bb, a-t-elle indiqu\u00e9.<\/p>\n<p class=\"sc-ksZaOG ehjQrN text-element\">Selon elle, son fils a \u00e9t\u00e9 transf\u00e9r\u00e9 r\u00e9cemment \u00e0 la prison moscovite de Lefortovo, notamment connue pour accueillir des d\u00e9tenus vis\u00e9s par des affaires \u00e0 r\u00e9sonance politique. Paris a exig\u00e9 de Moscou la lib\u00e9ration de son ressortissant, accusant la Russie de chercher \u00e0 prendre des Occidentaux en otage, alors que les relations entre les deux pays sont au plus bas depuis <a href=\"https:\/\/www.liberation.fr\/dossier\/ukraine-la-crise\/\" target=\"_blank\" rel=\"nofollow noopener\" title=\"https:\/\/www.liberation.fr\/dossier\/ukraine-la-crise\/\">l\u2019assaut russe contre l\u2019Ukraine lanc\u00e9 en 2022<\/a> et les sanctions qui ont suivi.<\/p>\n<p class=\"sc-ksZaOG ehjQrN text-element\">Lors de son premier proc\u00e8s en octobre, Laurent Vinatier avait \u00e9t\u00e9 reconnu coupable d\u2019avoir manqu\u00e9 \u00e0 son obligation de s\u2019enregistrer sous le label d\u2019\u00abagent de l\u2019\u00e9tranger\u00bb, alors m\u00eame qu\u2019il collectait des \u00abinformations dans le domaine des activit\u00e9s militaires\u00bb pouvant \u00eatre \u00abutilis\u00e9es contre la s\u00e9curit\u00e9\u00bb de la Russie. L\u2019int\u00e9ress\u00e9 avait reconnu les faits, mais plaid\u00e9 l\u2019ignorance. <a href=\"https:\/\/www.liberation.fr\/international\/europe\/russie-condamne-a-trois-ans-de-prison-le-francais-laurent-vinatier-fait-appel-20241022_C7WVQGHHYNB3HN7IW5PZ4R3X4Q\/\" target=\"_blank\" rel=\"nofollow noopener\" title=\"https:\/\/www.liberation.fr\/international\/europe\/russie-condamne-a-trois-ans-de-prison-le-francais-laurent-vinatier-fait-appel-20241022_C7WVQGHHYNB3HN7IW5PZ4R3X4Q\/\">Il s\u2019est \u00e9galement excus\u00e9, esp\u00e9rant l\u2019indulgence de la justice<\/a>.<\/p>\n<p class=\"sc-ksZaOG ehjQrN text-element\">Selon des sources interrog\u00e9es par l\u2019AFP, le Fran\u00e7ais travaillait depuis des ann\u00e9es sur le conflit entre la Russie et l\u2019Ukraine, avant m\u00eame l\u2019offensive russe de f\u00e9vrier 2022, dans le cadre de discrets efforts diplomatiques en parall\u00e8le \u00e0 ceux des Etats. Jusqu\u2019\u00e0 son arrestation, il effectuait des voyages dans les deux pays.<\/p>\n<p class=\"sc-ksZaOG ehjQrN text-element\">Cette nouvelle affaire survient apr\u00e8s une s\u00e9rie d\u2019actes de <a href=\"https:\/\/www.liberation.fr\/international\/desinformation-et-operations-dingerence-haute-tension-entre-paris-et-moscou-20240505_QWRSMSIKAFENZDWGNEYJW3KDPY\/\" target=\"_blank\" rel=\"nofollow noopener\" title=\"https:\/\/www.liberation.fr\/international\/desinformation-et-operations-dingerence-haute-tension-entre-paris-et-moscou-20240505_QWRSMSIKAFENZDWGNEYJW3KDPY\/\">d\u00e9stabilisation et de d\u00e9sinformation<\/a> imput\u00e9es \u00e0 la Russie sur le territoire fran\u00e7ais, tandis que la France se voit reprocher son soutien militaire \u00e0 l\u2019Ukraine ou encore de censurer les m\u00e9dias russes. La semaine derni\u00e8re, alors que les efforts diplomatiques s\u2019intensifiaient pour tenter de trouver une issue au conflit en Ukraine, le pr\u00e9sident fran\u00e7ais, Emmanuel Macron, <a href=\"https:\/\/www.liberation.fr\/international\/amerique\/en-direct-guerre-en-ukraine-une-rencontre-poutine-zelensky-dans-les-deux-semaines-emmanuel-macron-propose-geneve-en-suisse-20250819_IGPHBZVP2NATJBBGCY372YQCEI\/\" target=\"_blank\" rel=\"nofollow noopener\" title=\"https:\/\/www.liberation.fr\/international\/amerique\/en-direct-guerre-en-ukraine-une-rencontre-poutine-zelensky-dans-les-deux-semaines-emmanuel-macron-propose-geneve-en-suisse-20250819_IGPHBZVP2NATJBBGCY372YQCEI\/\">avait qualifi\u00e9<\/a> son homologue russe, Vladimir Poutine, d\u2019\u00abogre \u00e0 nos portes\u00bb et de \u00abpr\u00e9dateur\u00bb qui \u00abne veut pas la paix\u00bb.<\/p>\n","protected":false},"excerpt":{"rendered":"Le chercheur fran\u00e7ais Laurent Vinatier n\u2019est pas au bout de ses peines. D\u00e9j\u00e0 condamn\u00e9 \u00e0 trois ans de&hellip;\n","protected":false},"author":2,"featured_media":342738,"comment_status":"","ping_status":"","sticky":false,"template":"","format":"standard","meta":{"footnotes":""},"categories":[1591],"tags":[11,1887,12,1885,1886,132],"class_list":{"0":"post-342737","1":"post","2":"type-post","3":"status-publish","4":"format-standard","5":"has-post-thumbnail","7":"category-russie","8":"tag-actualites","9":"tag-federation-de-russie","10":"tag-news","11":"tag-russia","12":"tag-russian-federation","13":"tag-russie"},"share_on_mastodon":{"url":"https:\/\/pubeurope.com\/@fr\/115089278426120472","error":""},"_links":{"self":[{"href":"https:\/\/www.europesays.com\/fr\/wp-json\/wp\/v2\/posts\/342737","targetHints":{"allow":["GET"]}}],"collection":[{"href":"https:\/\/www.europesays.com\/fr\/wp-json\/wp\/v2\/posts"}],"about":[{"href":"https:\/\/www.europesays.com\/fr\/wp-json\/wp\/v2\/types\/post"}],"author":[{"embeddable":true,"href":"https:\/\/www.europesays.com\/fr\/wp-json\/wp\/v2\/users\/2"}],"replies":[{"embeddable":true,"href":"https:\/\/www.europesays.com\/fr\/wp-json\/wp\/v2\/comments?post=342737"}],"version-history":[{"count":0,"href":"https:\/\/www.europesays.com\/fr\/wp-json\/wp\/v2\/posts\/342737\/revisions"}],"wp:featuredmedia":[{"embeddable":true,"href":"https:\/\/www.europesays.com\/fr\/wp-json\/wp\/v2\/media\/342738"}],"wp:attachment":[{"href":"https:\/\/www.europesays.com\/fr\/wp-json\/wp\/v2\/media?parent=342737"}],"wp:term":[{"taxonomy":"category","embeddable":true,"href":"https:\/\/www.europesays.com\/fr\/wp-json\/wp\/v2\/categories?post=342737"},{"taxonomy":"post_tag","embeddable":true,"href":"https:\/\/www.europesays.com\/fr\/wp-json\/wp\/v2\/tags?post=342737"}],"curies":[{"name":"wp","href":"https:\/\/api.w.org\/{rel}","templated":true}]}}