{"id":342739,"date":"2025-08-25T11:56:10","date_gmt":"2025-08-25T11:56:10","guid":{"rendered":"https:\/\/www.europesays.com\/fr\/342739\/"},"modified":"2025-08-25T11:56:10","modified_gmt":"2025-08-25T11:56:10","slug":"72-milliards-deuros-pour-lukraine-la-norvege-veut-maintenir-son-aide-pour-2026","status":"publish","type":"post","link":"https:\/\/www.europesays.com\/fr\/342739\/","title":{"rendered":"7,2\u00a0milliards d\u2019euros pour l\u2019Ukraine\u00a0: la Norv\u00e8ge veut maintenir son aide pour 2026"},"content":{"rendered":"<p>Le gouvernement norv\u00e9gien va proposer de consacrer 85 milliards de couronnes (7,2 milliards d\u2019euros) \u00e0 l\u2019aide pour l\u2019Ukraine l\u2019an prochain, comme en 2025, ont annonc\u00e9, ce lundi, les services du Premier ministre norv\u00e9gien, Jonas Gahr St\u00f8re, le jour o\u00f9 celui-ci visitait Kiev.<\/p>\n<p>Si la proposition est adopt\u00e9e par le Parlement, cela portera \u00e0 275 milliards de couronnes (plus de 23 milliards d\u2019euros) l\u2019aide totale, civile et militaire, que la Norv\u00e8ge, l\u2019un des principaux soutiens de l\u2019Ukraine, pr\u00e9voit de fournir \u00e0 Kiev sur la p\u00e9riode 2023-2030. \u00ab Le gouvernement souhaite reconduire l\u2019aide extraordinaire \u00e0 l\u2019Ukraine l\u2019ann\u00e9e prochaine, et contribuer au total \u00e0 hauteur de 85 milliards de couronnes en soutien militaire et civil \u00bb, a d\u00e9clar\u00e9 St\u00f8re, cit\u00e9 dans un communiqu\u00e9. \u00ab Parall\u00e8lement aux discussions sur un cessez-le-feu et la paix, la guerre en Ukraine se poursuit de mani\u00e8re intense. Dans cette situation, il est important d\u2019affirmer un soutien fort et continu \u00e0 l\u2019Ukraine, sur les plans politiques, \u00e9conomique et militaire \u00bb, a-t-il fait valoir.<\/p>\n<p>Une rencontre Ukraine &#8211; Norv\u00e8ge ce lundi<\/p>\n<p>Cette annonce survient alors que St\u00f8re doit rencontrer le pr\u00e9sident ukrainien Volodymyr Zelensky dans la journ\u00e9e \u00e0 Kiev. L\u2019aide propos\u00e9e par le gouvernement travailliste, minoritaire au Parlement, doit \u00eatre inscrite dans le projet de budget 2026 qui sera pr\u00e9sent\u00e9 en octobre. Entre-temps, des \u00e9lections l\u00e9gislatives &#8212; qui s\u2019annoncent tr\u00e8s serr\u00e9es entre les blocs de gauche et de droite &#8212; auront lieu dans le pays scandinave le 8 septembre.<\/p>\n<p>L\u2019aide fournie \u00e0 l\u2019Ukraine face \u00e0 l\u2019invasion de la Russie, avec laquelle la Norv\u00e8ge partage aussi une fronti\u00e8re, fait cependant une quasi-unanimit\u00e9 dans le royaume. Selon l\u2019institut de recherche allemand Kiel Institute, la Norv\u00e8ge a \u00e9t\u00e9 le deuxi\u00e8me fournisseur europ\u00e9en d\u2019aide militaire \u00e0 l\u2019Ukraine en mai et juin, derri\u00e8re l\u2019Allemagne. Ce dimanche, Oslo a annonc\u00e9 qu\u2019il consacrerait environ 7 milliards de couronnes au renforcement de la d\u00e9fense antia\u00e9rienne ukrainienne, notamment via l\u2019achat, conjointement avec Berlin, de deux syst\u00e8mes Patriot complets.<\/p>\n","protected":false},"excerpt":{"rendered":"Le gouvernement norv\u00e9gien va proposer de consacrer 85 milliards de couronnes (7,2 milliards d\u2019euros) \u00e0 l\u2019aide pour l\u2019Ukraine&hellip;\n","protected":false},"author":2,"featured_media":342740,"comment_status":"","ping_status":"","sticky":false,"template":"","format":"standard","meta":{"footnotes":""},"categories":[1590],"tags":[11,765,1777,674,131,2069,74,12,673,11880,220],"class_list":{"0":"post-342739","1":"post","2":"type-post","3":"status-publish","4":"format-standard","5":"has-post-thumbnail","7":"category-ukraine","8":"tag-actualites","9":"tag-en-continu","10":"tag-eu","11":"tag-europe","12":"tag-guerre-en-ukraine","13":"tag-guerre-ukraine-russie","14":"tag-monde","15":"tag-news","16":"tag-norvege","17":"tag-solidarite-ukraine","18":"tag-ukraine"},"share_on_mastodon":{"url":"https:\/\/pubeurope.com\/@fr\/115089282427206904","error":""},"_links":{"self":[{"href":"https:\/\/www.europesays.com\/fr\/wp-json\/wp\/v2\/posts\/342739","targetHints":{"allow":["GET"]}}],"collection":[{"href":"https:\/\/www.europesays.com\/fr\/wp-json\/wp\/v2\/posts"}],"about":[{"href":"https:\/\/www.europesays.com\/fr\/wp-json\/wp\/v2\/types\/post"}],"author":[{"embeddable":true,"href":"https:\/\/www.europesays.com\/fr\/wp-json\/wp\/v2\/users\/2"}],"replies":[{"embeddable":true,"href":"https:\/\/www.europesays.com\/fr\/wp-json\/wp\/v2\/comments?post=342739"}],"version-history":[{"count":0,"href":"https:\/\/www.europesays.com\/fr\/wp-json\/wp\/v2\/posts\/342739\/revisions"}],"wp:featuredmedia":[{"embeddable":true,"href":"https:\/\/www.europesays.com\/fr\/wp-json\/wp\/v2\/media\/342740"}],"wp:attachment":[{"href":"https:\/\/www.europesays.com\/fr\/wp-json\/wp\/v2\/media?parent=342739"}],"wp:term":[{"taxonomy":"category","embeddable":true,"href":"https:\/\/www.europesays.com\/fr\/wp-json\/wp\/v2\/categories?post=342739"},{"taxonomy":"post_tag","embeddable":true,"href":"https:\/\/www.europesays.com\/fr\/wp-json\/wp\/v2\/tags?post=342739"}],"curies":[{"name":"wp","href":"https:\/\/api.w.org\/{rel}","templated":true}]}}