{"id":342743,"date":"2025-08-25T11:58:19","date_gmt":"2025-08-25T11:58:19","guid":{"rendered":"https:\/\/www.europesays.com\/fr\/342743\/"},"modified":"2025-08-25T11:58:19","modified_gmt":"2025-08-25T11:58:19","slug":"tiktok-passe-sa-moderation-a-lia-des-centaines-de-postes-menaces","status":"publish","type":"post","link":"https:\/\/www.europesays.com\/fr\/342743\/","title":{"rendered":"TikTok passe sa mod\u00e9ration \u00e0 l&rsquo;IA, des centaines de postes menac\u00e9s"},"content":{"rendered":"<p>  <img loading=\"lazy\" decoding=\"async\" class=\"img-responsive\" src=\"https:\/\/www.europesays.com\/fr\/wp-content\/uploads\/2025\/08\/royaume-uni-tiktok-passe-sa-moderation-a-l-ia-des-centaines-de-postes-menac.jpg\" alt=\"Royaume-Uni: TikTok passe sa mod\u00e9ration \u00e0 l'IA, des centaines de postes menac\u00e9s\" width=\"768\" height=\"512\"\/>  Royaume-Uni: TikTok passe sa mod\u00e9ration \u00e0 l&rsquo;IA, des centaines de postes menac\u00e9s ( Nhac NGUYEN \/ AFP\/Archives )<\/p>\n<p>Le r\u00e9seau social TikTok, propri\u00e9t\u00e9 du groupe chinois ByteDance, a annonc\u00e9 vendredi la r\u00e9organisation de son service de mod\u00e9ration des contenus au Royaume-Uni, dans le cadre de son plan mondial favorisant l&rsquo;IA, qui pourrait affecter des centaines de postes dans le pays.<\/p>\n<p>\u00ab\u00a0Nous poursuivons une r\u00e9organisation entam\u00e9e l&rsquo;an dernier\u00a0\u00bb sur les services de mod\u00e9ration, a expliqu\u00e9 un porte-parole de TikTok dans une d\u00e9claration \u00e0 l&rsquo;AFP.<\/p>\n<p>\u00ab\u00a0Celle-ci implique de concentrer nos op\u00e9rations sur un plus petit nombre de sites \u00e0 l&rsquo;\u00e9chelle mondiale (&#8230;) tout en faisant \u00e9voluer cette fonction essentielle pour l&rsquo;entreprise gr\u00e2ce aux avanc\u00e9es technologiques\u00a0\u00bb, dont l&rsquo;IA, a-t-il ajout\u00e9.<\/p>\n<p>TikTok pr\u00e9cise que certaines fonctions de mod\u00e9ration resteront au Royaume-Uni, et que les mod\u00e9rateurs touch\u00e9s seront prioritaires sur les offres internes.<\/p>\n<p>Les mod\u00e9rateurs sont charg\u00e9s d&#8217;emp\u00eacher la publication sur la plateforme de contenus v\u00e9hiculant de l&rsquo;incitation \u00e0 la haine, de la d\u00e9sinformation ou encore de la pornographie.<\/p>\n<p>Cette r\u00e9organisation mondiale, qui concerne aussi plusieurs pays d&rsquo;Asie, notamment la Malaisie, s&rsquo;inscrit dans une tendance g\u00e9n\u00e9rale des r\u00e9seaux sociaux \u00e0 r\u00e9duire leur recours aux employ\u00e9s pour se tourner davantage vers l&rsquo;IA.<\/p>\n<p>TikTok assure que gr\u00e2ce \u00e0 ses technologies de mod\u00e9ration, 85% des contenus retir\u00e9s pour violation de ses r\u00e8gles le sont d\u00e9j\u00e0 automatiquement.<\/p>\n<p>Depuis le 25 juillet, les sites web, r\u00e9seaux sociaux et plateformes de partage de vid\u00e9os au Royaume-Uni doivent notamment mettre en oeuvre des contr\u00f4les stricts de l&rsquo;\u00e2ge pour emp\u00eacher les mineurs d&rsquo;acc\u00e9der \u00e0 des contenus inappropri\u00e9s, dans le cadre de la loi \u00ab\u00a0Online Safety Act\u00a0\u00bb.<\/p>\n<p>Elle impose d&rsquo;autres obligations aux plateformes, comme la suppression de tout contenu promouvant les troubles alimentaires, les id\u00e9es suicidaires et l&rsquo;automutilation.<\/p>\n<p>Selon John Chadfield, responsable national pour le secteur technologique au syndicat CWU, \u00ab\u00a0les employ\u00e9s de TikTok tirent depuis longtemps la sonnette d&rsquo;alarme\u00a0\u00bb sur ces IA mod\u00e9ratrices, \u00ab\u00a0d\u00e9velopp\u00e9es \u00e0 la h\u00e2te et encore immatures\u00a0\u00bb.<\/p>\n<p>\u00ab\u00a0Cette d\u00e9cision mettra en danger des millions d&rsquo;utilisateurs britanniques\u00a0\u00bb, a-t-il ajout\u00e9.<\/p>\n<p>L&rsquo;entreprise dit avoir plus de 30 millions d&rsquo;utilisateurs mensuels au Royaume-Uni, sur une population d&rsquo;environ 68 millions de personnes.<\/p>\n<p>Elle avait annonc\u00e9 en juin la cr\u00e9ation de 500 emplois dans le pays et l&rsquo;ouverture d&rsquo;un deuxi\u00e8me bureau \u00e0 Londres, portant \u00e0 3.000 le nombre d&#8217;employ\u00e9s.<\/p>\n<p>La puissante plateforme de partage de vid\u00e9os, avec plus d&rsquo;1,5 milliard de membres, est dans le viseur des autorit\u00e9s tant en Europe qu&rsquo;aux \u00c9tats-Unis, pour son impact sur la sant\u00e9 mentale des enfants, son usage des donn\u00e9es d&rsquo;utilisateurs, son lien avec P\u00e9kin ou encore son influence sur le d\u00e9bat public.<\/p>\n<p>Le r\u00e9seau social est sous le coup d&rsquo;une interdiction aux Etats-Unis si sa maison m\u00e8re ByteDance n&rsquo;en abandonne pas le contr\u00f4le. L&rsquo;\u00e9ch\u00e9ance pour sa vente est actuellement fix\u00e9e au 17 septembre.<\/p>\n<p>L&rsquo;Agence France-Presse (AFP), parmi plus d&rsquo;une quinzaine d&rsquo;organisations de fact-checking, est r\u00e9mun\u00e9r\u00e9e par TikTok dans plusieurs pays pour v\u00e9rifier des vid\u00e9os qui contiennent potentiellement de fausses informations.<\/p>\n<p>\u00a0\u25a0<\/p>\n","protected":false},"excerpt":{"rendered":"Royaume-Uni: TikTok passe sa mod\u00e9ration \u00e0 l&rsquo;IA, des centaines de postes menac\u00e9s ( Nhac NGUYEN \/ AFP\/Archives )&hellip;\n","protected":false},"author":2,"featured_media":342744,"comment_status":"","ping_status":"","sticky":false,"template":"","format":"standard","meta":{"footnotes":""},"categories":[1588],"tags":[11,1777,674,12,473,1853,1851,1850,1852],"class_list":{"0":"post-342743","1":"post","2":"type-post","3":"status-publish","4":"format-standard","5":"has-post-thumbnail","7":"category-royaume-uni","8":"tag-actualites","9":"tag-eu","10":"tag-europe","11":"tag-news","12":"tag-royaume-uni","13":"tag-royaume-uni-de-grande-bretagne-et-dirlande-du-nord","14":"tag-uk","15":"tag-united-kingdom","16":"tag-united-kingdom-of-great-britain-and-northern-ireland"},"share_on_mastodon":{"url":"https:\/\/pubeurope.com\/@fr\/115089290426743480","error":""},"_links":{"self":[{"href":"https:\/\/www.europesays.com\/fr\/wp-json\/wp\/v2\/posts\/342743","targetHints":{"allow":["GET"]}}],"collection":[{"href":"https:\/\/www.europesays.com\/fr\/wp-json\/wp\/v2\/posts"}],"about":[{"href":"https:\/\/www.europesays.com\/fr\/wp-json\/wp\/v2\/types\/post"}],"author":[{"embeddable":true,"href":"https:\/\/www.europesays.com\/fr\/wp-json\/wp\/v2\/users\/2"}],"replies":[{"embeddable":true,"href":"https:\/\/www.europesays.com\/fr\/wp-json\/wp\/v2\/comments?post=342743"}],"version-history":[{"count":0,"href":"https:\/\/www.europesays.com\/fr\/wp-json\/wp\/v2\/posts\/342743\/revisions"}],"wp:featuredmedia":[{"embeddable":true,"href":"https:\/\/www.europesays.com\/fr\/wp-json\/wp\/v2\/media\/342744"}],"wp:attachment":[{"href":"https:\/\/www.europesays.com\/fr\/wp-json\/wp\/v2\/media?parent=342743"}],"wp:term":[{"taxonomy":"category","embeddable":true,"href":"https:\/\/www.europesays.com\/fr\/wp-json\/wp\/v2\/categories?post=342743"},{"taxonomy":"post_tag","embeddable":true,"href":"https:\/\/www.europesays.com\/fr\/wp-json\/wp\/v2\/tags?post=342743"}],"curies":[{"name":"wp","href":"https:\/\/api.w.org\/{rel}","templated":true}]}}