{"id":342745,"date":"2025-08-25T11:59:11","date_gmt":"2025-08-25T11:59:11","guid":{"rendered":"https:\/\/www.europesays.com\/fr\/342745\/"},"modified":"2025-08-25T11:59:11","modified_gmt":"2025-08-25T11:59:11","slug":"allemagne-le-service-militaire-obligatoire-doit-etre-retabli-plus-rapidement-selon-markus-soder","status":"publish","type":"post","link":"https:\/\/www.europesays.com\/fr\/342745\/","title":{"rendered":"Allemagne : le service militaire obligatoire doit \u00eatre r\u00e9tabli \u00ab\u00a0plus rapidement\u00a0\u00bb, selon Markus S\u00f6der"},"content":{"rendered":"<p>\n                    Publi\u00e9 le                 25\/08\/2025 &#8211; 13:45 UTC+2<br \/>\n                \u2022Mis \u00e0 jour<br \/>\n                                     13:49\n                                        <\/p>\n<p>          <img decoding=\"async\" class=\"c-ad__placeholder__logo\" src=\"https:\/\/static.euronews.com\/website\/images\/logos\/logo-euronews-stacked-outlined-72x72-grey-9.svg\" width=\"72\" height=\"72\" alt=\"\" loading=\"lazy\"\/><br \/>\n          PUBLICIT\u00c9<\/p>\n<p>Le week-end dernier, le ministre-pr\u00e9sident bavarois Markus S\u00f6der (CSU) a appel\u00e9 \u00e0 un r\u00e9tablissement \u00ab\u00a0plus rapide\u00a0\u00bb du service militaire obligatoire lors de l&rsquo;interview estivale de la cha\u00eene ARD.<\/p>\n<p>Mercredi prochain, le ministre allemand de la D\u00e9fense Boris Pistorius (SPD) pr\u00e9sentera son projet de loi sur le service militaire volontaire.<\/p>\n<p>Markus S\u00f6der parle de \u00ab\u00a0premier pas dans la bonne direction\u00a0\u00bb et souligne qu&rsquo;une r\u00e9forme du service obligatoire n\u00e9cessiterait un amendement de la Loi fondamentale, pour lequel les voix de la gauche ou de l&rsquo;AfD seraient n\u00e9cessaires.<\/p>\n<p>Ates G\u00fcrpinar, vice-pr\u00e9sident f\u00e9d\u00e9ral du parti de gauche Die Linke, a d\u00e9clar\u00e9 \u00e0 Euronews que sa formation \u00e9tait oppos\u00e9e au service militaire obligatoire, estimant que \u00ab\u00a0la suspension du service militaire obligatoire en 2011 a \u00e9t\u00e9 un grand succ\u00e8s pour le mouvement d&rsquo;objection de conscience\u00a0\u00bb.<\/p>\n<p>Les recrutements de l&rsquo;arm\u00e9e en forte hausse<\/p>\n<p>L&rsquo;amendement propos\u00e9 par Markus S\u00f6der rendrait le service militaire obligatoire pour les hommes et bas\u00e9 sur le volontariat pour les femmes. Selon le ministre-pr\u00e9sident, ce serait la voie \u00ab\u00a0la plus simple\u00a0\u00bb et \u00ab\u00a0la plus rapide\u00a0\u00bb.<\/p>\n<p>\u00ab\u00a0Je pense qu&rsquo;un tel \u00e9l\u00e9ment obligatoire est important pour d\u00e9fendre efficacement les fronti\u00e8res du pays et de l&rsquo;OTAN sur le long terme, en tant que pays le plus grand, le plus fort \u00e9conomiquement, qui doit aussi avoir l&rsquo;arm\u00e9e la plus forte sur le long terme\u00a0\u00bb.<\/p>\n<p>Le minist\u00e8re de la D\u00e9fense a r\u00e9cemment publi\u00e9 des chiffres qui r\u00e9v\u00e8lent selon lui une \u00e9volution \u00ab\u00a0tr\u00e8s positive\u00a0\u00bb.<\/p>\n<p>En juillet dernier, la Bundeswehr a enregistr\u00e9 une augmentation de ses effectifs d&rsquo;environ 2 000 recrues par rapport au m\u00eame mois de l&rsquo;ann\u00e9e pr\u00e9c\u00e9dente. L&rsquo;arm\u00e9e allemande compte d\u00e9sormais environ 183 000 soldats et soldates.<\/p>\n<p>Durant l&rsquo;interview d&rsquo;\u00e9t\u00e9 de la cha\u00eene ARD, le ministre-pr\u00e9sident bavarois a \u00e9voqu\u00e9 les pr\u00e9visions selon lesquelles <a href=\"https:\/\/fr.euronews.com\/2025\/02\/14\/zelensky-poutine-pourrait-attaquer-les-pays-de-lotan-des-lannee-prochaine\" rel=\"nofollow noopener\" target=\"_blank\"><strong>la Russie pourrait attaquer un pays de l&rsquo;OTAN<\/strong><\/a> d&rsquo;ici la fin de la d\u00e9cennie.<\/p>\n<p>\u00ab\u00a0Pourquoi attendre alors que nous savons d\u00e9j\u00e0 aujourd&rsquo;hui qu&rsquo;il y a au moins un risque que la Russie attaque l&rsquo;OTAN ?\u00a0\u00bb, d\u00e9clare Markus S\u00f6der.<\/p>\n<p>\u00ab\u00a0Une nouvelle phase\u00a0\u00bb dans la guerre en Ukraine<\/p>\n<p>Markus S\u00f6der avait vivement critiqu\u00e9 le pr\u00e9c\u00e9dent chancelier allemand, Olaf Scholz (SPD), pour son h\u00e9sitation \u00e0 livrer le missile de croisi\u00e8re Taurus \u00e0 l&rsquo;Ukraine, lui reprochant en mars dernier son \u00ab\u00a0manque de courage\u00a0\u00bb.<\/p>\n<p>Sous l&rsquo;actuel chancelier Friedrich Merz (CDU), les livraisons d&rsquo;armes \u00e0 l&rsquo;Ukraine ne sont plus annonc\u00e9es publiquement en raison de \u00ab\u00a0l&rsquo;ambigu\u00eft\u00e9 strat\u00e9gique\u00a0\u00bb. Toutefois, le ministre de la D\u00e9fense ainsi que d&rsquo;autres personnalit\u00e9s politiques du SPD ont d\u00e9j\u00e0 affirm\u00e9 \u00e0 plusieurs reprises que l&rsquo;Allemagne ne livrerait pas le Taurus \u00e0 l&rsquo;Ukraine.<\/p>\n<p>Lors de l&rsquo;interview d&rsquo;\u00e9t\u00e9 de la cha\u00eene ARD, Markus S\u00f6der a affirm\u00e9 qu&rsquo;il ne fallait \u00ab\u00a0pas seulement parler d&rsquo;armes\u00a0\u00bb, mais aussi de diplomatie, estimant que la guerre en Ukraine est entr\u00e9e dans \u00ab\u00a0une autre phase\u00a0\u00bb, en r\u00e9f\u00e9rence aux diff\u00e9rents sommets de paix qui ont eu lieu ces derni\u00e8res semaines.<\/p>\n<p>Il estime que, m\u00eame si le missile de croisi\u00e8re Taurus est \u00ab\u00a0l&rsquo;arme la plus puissante de l&rsquo;Allemagne\u00a0\u00bb, il n&rsquo;est pas certain que cette arme changerait le cours de la guerre.<\/p>\n","protected":false},"excerpt":{"rendered":"Publi\u00e9 le 25\/08\/2025 &#8211; 13:45 UTC+2 \u2022Mis \u00e0 jour 13:49 PUBLICIT\u00c9 Le week-end dernier, le ministre-pr\u00e9sident bavarois Markus&hellip;\n","protected":false},"author":2,"featured_media":342746,"comment_status":"","ping_status":"","sticky":false,"template":"","format":"standard","meta":{"footnotes":""},"categories":[1587],"tags":[11,672,1813,31467,1804,15769,1805,1803,1777,674,1801,47884,12,1802,15770],"class_list":{"0":"post-342745","1":"post","2":"type-post","3":"status-publish","4":"format-standard","5":"has-post-thumbnail","7":"category-allemagne","8":"tag-actualites","9":"tag-allemagne","10":"tag-armee","11":"tag-armee-allemande","12":"tag-bundesrepublik-deutschland","13":"tag-cdu-csu","14":"tag-de","15":"tag-deutschland","16":"tag-eu","17":"tag-europe","18":"tag-germany","19":"tag-markus-soder","20":"tag-news","21":"tag-republique-federale-dallemagne","22":"tag-spd"},"share_on_mastodon":{"url":"https:\/\/pubeurope.com\/@fr\/115089294216045516","error":""},"_links":{"self":[{"href":"https:\/\/www.europesays.com\/fr\/wp-json\/wp\/v2\/posts\/342745","targetHints":{"allow":["GET"]}}],"collection":[{"href":"https:\/\/www.europesays.com\/fr\/wp-json\/wp\/v2\/posts"}],"about":[{"href":"https:\/\/www.europesays.com\/fr\/wp-json\/wp\/v2\/types\/post"}],"author":[{"embeddable":true,"href":"https:\/\/www.europesays.com\/fr\/wp-json\/wp\/v2\/users\/2"}],"replies":[{"embeddable":true,"href":"https:\/\/www.europesays.com\/fr\/wp-json\/wp\/v2\/comments?post=342745"}],"version-history":[{"count":0,"href":"https:\/\/www.europesays.com\/fr\/wp-json\/wp\/v2\/posts\/342745\/revisions"}],"wp:featuredmedia":[{"embeddable":true,"href":"https:\/\/www.europesays.com\/fr\/wp-json\/wp\/v2\/media\/342746"}],"wp:attachment":[{"href":"https:\/\/www.europesays.com\/fr\/wp-json\/wp\/v2\/media?parent=342745"}],"wp:term":[{"taxonomy":"category","embeddable":true,"href":"https:\/\/www.europesays.com\/fr\/wp-json\/wp\/v2\/categories?post=342745"},{"taxonomy":"post_tag","embeddable":true,"href":"https:\/\/www.europesays.com\/fr\/wp-json\/wp\/v2\/tags?post=342745"}],"curies":[{"name":"wp","href":"https:\/\/api.w.org\/{rel}","templated":true}]}}