{"id":342747,"date":"2025-08-25T12:00:20","date_gmt":"2025-08-25T12:00:20","guid":{"rendered":"https:\/\/www.europesays.com\/fr\/342747\/"},"modified":"2025-08-25T12:00:20","modified_gmt":"2025-08-25T12:00:20","slug":"une-secheresse-record-en-europe-et-sur-le-pourtour-mediterraneen","status":"publish","type":"post","link":"https:\/\/www.europesays.com\/fr\/342747\/","title":{"rendered":"Une s\u00e9cheresse record en Europe et sur le pourtour m\u00e9diterran\u00e9en"},"content":{"rendered":"<p>La s\u00e9cheresse a continu\u00e9 de s\u00e9vir de mani\u00e8re exceptionnelle d\u00e9but ao\u00fbt en Europe et sur le pourtour m\u00e9diterran\u00e9en, avec plus de la moiti\u00e9 (51,3%) des sols affect\u00e9s, selon l&rsquo;analyse lundi par l&rsquo;AFP des derni\u00e8res donn\u00e9es de l&rsquo;Observatoire europ\u00e9en de la s\u00e9cheresse (EDO).<\/p>\n<p>Un taux aussi haut n\u2019avait jamais \u00e9t\u00e9 relev\u00e9 pour la p\u00e9riode du 1er au 10 ao\u00fbt depuis le d\u00e9but des observations en 2012.\u00a0Depuis mi-avril, environ la moiti\u00e9 de cette zone est touch\u00e9e par la s\u00e9cheresse, un \u00e9pisode d\u00e9passant en gravit\u00e9 la lourde s\u00e9cheresse de l\u2019\u00e9t\u00e9 2022.<\/p>\n<p>L\u2019indicateur de s\u00e9cheresse de l&rsquo;observatoire du programme europ\u00e9en Copernicus, constitu\u00e9 \u00e0 partir d\u2019observation satellitaire, combine le niveau de pr\u00e9cipitations, l\u2019humidit\u00e9 des sols et l\u2019\u00e9tat de la v\u00e9g\u00e9tation. Il se d\u00e9compose en trois niveaux de s\u00e9cheresse: surveillance, avertissement et alerte.<\/p>\n<p>D\u00e9but ao\u00fbt, 7,8% de l\u2019Europe et du pourtour m\u00e9diterran\u00e9en \u00e9taient en \u00e9tat d\u2019alerte, le niveau le plus grave, 38,7% en avertissement, et 4,9% en surveillance.<\/p>\n<p>Le Caucase et le nord des Balkans sont les r\u00e9gions les plus touch\u00e9es par la s\u00e9cheresse. La G\u00e9orgie et l\u2019Arm\u00e9nie sont ainsi affect\u00e9es par la s\u00e9cheresse sur 97% de leur territoire, tout comme la Bulgarie et le Kosovo, alors que la Serbie, la Mac\u00e9doine du Nord, l\u2019Albanie, la Hongrie et le Mont\u00e9n\u00e9gro ont tous au moins les trois quarts de leur superficie en avertissement ou en alerte.<\/p>\n<p>Cette partie de l\u2019Europe avait \u00e9t\u00e9 touch\u00e9e en juillet et en ao\u00fbt par des vagues de chaleur, favorisant de nombreux incendies de for\u00eat, dont certains mortels (un mort au Mont\u00e9n\u00e9gro, un en Albanie).<\/p>\n<p>L&rsquo;Espagne, le Portugal et l\u2019Italie, \u00e9galement frapp\u00e9s par de violents incendies en d\u00e9but de mois, ne sont plus affect\u00e9s par la s\u00e9cheresse que localement. Au Royaume-Uni (69,5%) et en France (63%), c\u2019est une part beaucoup plus large du territoire que l&rsquo;EDO consid\u00e8re comme touch\u00e9e.<\/p>\n<p>La seule am\u00e9lioration est \u00e0 signaler au centre de l&rsquo;Europe. L\u2019humidit\u00e9 des sols et l\u2019\u00e9tat de la v\u00e9g\u00e9tation reviennent \u00e0 des conditions normales en Allemagne, en Suisse, en Autriche et en R\u00e9publique tch\u00e8que pourtant plus affect\u00e9es les mois pr\u00e9c\u00e9dents.<\/p>\n<p>D\u2019apr\u00e8s un calcul de l\u2019AFP \u00e0 partir des estimations par pays fournies par le syst\u00e8me europ\u00e9en d&rsquo;information sur les feux de for\u00eat (Effis), les incendies, dont l\u2019apparition et la propagation sont facilit\u00e9es par la s\u00e9cheresse, ont d\u00e9j\u00e0 ravag\u00e9 plus d\u2019un million d&rsquo;hectares dans l&rsquo;UE en 2025, d\u00e9passant en huit mois le record sur l&rsquo;ensemble d&rsquo;une ann\u00e9e.<\/p>\n<p>\u00a0<\/p>\n<p>\u00a9 Agence France-Presse<\/p>\n","protected":false},"excerpt":{"rendered":"La s\u00e9cheresse a continu\u00e9 de s\u00e9vir de mani\u00e8re exceptionnelle d\u00e9but ao\u00fbt en Europe et sur le pourtour m\u00e9diterran\u00e9en,&hellip;\n","protected":false},"author":2,"featured_media":342748,"comment_status":"","ping_status":"","sticky":false,"template":"","format":"standard","meta":{"footnotes":""},"categories":[1586],"tags":[11,1777,674,1011,27,1252,12,25,12817],"class_list":{"0":"post-342747","1":"post","2":"type-post","3":"status-publish","4":"format-standard","5":"has-post-thumbnail","7":"category-europe","8":"tag-actualites","9":"tag-eu","10":"tag-europe","11":"tag-fr","12":"tag-france","13":"tag-mediterranee","14":"tag-news","15":"tag-republique-francaise","16":"tag-secheresse"},"share_on_mastodon":{"url":"https:\/\/pubeurope.com\/@fr\/115089298185560628","error":""},"_links":{"self":[{"href":"https:\/\/www.europesays.com\/fr\/wp-json\/wp\/v2\/posts\/342747","targetHints":{"allow":["GET"]}}],"collection":[{"href":"https:\/\/www.europesays.com\/fr\/wp-json\/wp\/v2\/posts"}],"about":[{"href":"https:\/\/www.europesays.com\/fr\/wp-json\/wp\/v2\/types\/post"}],"author":[{"embeddable":true,"href":"https:\/\/www.europesays.com\/fr\/wp-json\/wp\/v2\/users\/2"}],"replies":[{"embeddable":true,"href":"https:\/\/www.europesays.com\/fr\/wp-json\/wp\/v2\/comments?post=342747"}],"version-history":[{"count":0,"href":"https:\/\/www.europesays.com\/fr\/wp-json\/wp\/v2\/posts\/342747\/revisions"}],"wp:featuredmedia":[{"embeddable":true,"href":"https:\/\/www.europesays.com\/fr\/wp-json\/wp\/v2\/media\/342748"}],"wp:attachment":[{"href":"https:\/\/www.europesays.com\/fr\/wp-json\/wp\/v2\/media?parent=342747"}],"wp:term":[{"taxonomy":"category","embeddable":true,"href":"https:\/\/www.europesays.com\/fr\/wp-json\/wp\/v2\/categories?post=342747"},{"taxonomy":"post_tag","embeddable":true,"href":"https:\/\/www.europesays.com\/fr\/wp-json\/wp\/v2\/tags?post=342747"}],"curies":[{"name":"wp","href":"https:\/\/api.w.org\/{rel}","templated":true}]}}