{"id":342755,"date":"2025-08-25T12:04:12","date_gmt":"2025-08-25T12:04:12","guid":{"rendered":"https:\/\/www.europesays.com\/fr\/342755\/"},"modified":"2025-08-25T12:04:12","modified_gmt":"2025-08-25T12:04:12","slug":"rien-a-negocier-la-france-insoumise-ne-participera-pas-aux-concertations-sur-le-budget-25-08-2025-a-1342","status":"publish","type":"post","link":"https:\/\/www.europesays.com\/fr\/342755\/","title":{"rendered":"\u00ab\u00a0Rien \u00e0 n\u00e9gocier\u00a0\u00bb : la France insoumise ne participera pas aux concertations sur le budget &#8211; 25\/08\/2025 \u00e0 13:42"},"content":{"rendered":"<p> La France insoumise va d\u00e9poser une motion de censure d\u00e8s la reprise des travaux parlementaires.<\/p>\n<p>        <img fetchpriority=\"high\" decoding=\"async\" src=\"https:\/\/www.europesays.com\/fr\/wp-content\/uploads\/2025\/08\/1a9d0ad7e40b721352b9ce39d43ac059-760x507.jpg\" alt=\"Mathilde Panot \u00e0 Ch\u00e2teauneuf-sur-Is\u00e8re, le 24 ao\u00fbt 2025. ( AFP \/ JEAN-PHILIPPE KSIAZEK )\" loading=\"eager\" width=\"760\" height=\"507\" style=\"max-width: 100%!important; height: auto;\"\/><\/p>\n<p class=\"c-image-news__legend\">Mathilde Panot \u00e0 Ch\u00e2teauneuf-sur-Is\u00e8re, le 24 ao\u00fbt 2025. ( AFP \/ JEAN-PHILIPPE KSIAZEK )<\/p>\n<p>\n La France insoumise ne se rendra pas aux concertations avec le gouvernement sur le budget a averti lundi 25 ao\u00fbt la cheffe des d\u00e9put\u00e9s LFI Mathilde Panot, qui a rappel\u00e9 que son groupe parlementaire allait d\u00e9poser une motion de censure d\u00e8s la reprise.\n<\/p>\n<p>\n \u00ab\u00a0Aucun des parlementaires Insoumis n&rsquo;ira \u00e0 ces rencontres. Je veux que le gouvernement l&rsquo;entende tr\u00e8s clairement,<br \/>\n <strong><br \/>\n  il n&rsquo;y a rien \u00e0 n\u00e9gocier dans ce budget<br \/>\n <\/strong><br \/>\n \u00ab\u00a0, a-t-elle dit sur<\/p>\n<p>  BFMTV<\/p>\n<p> et<\/p>\n<p>  RMC.<\/p>\n<p> La ministre du Travail Catherine Vautrin entame lundi des concertations avec les groupes parlementaires et re\u00e7oit des repr\u00e9sentants du groupe macroniste Renaissance. Des concertations doivent aussi avoir lieu dans les prochaines semaines au minist\u00e8re des Finances.\n<\/p>\n<p> \u00ab\u00a0Nous n&rsquo;allons pas n\u00e9gocier des miettes\u00a0\u00bb<\/p>\n<p>\n Mathilde Panot a rappel\u00e9 que les Insoumis allaient d\u00e9poser \u00e0 l&rsquo;Assembl\u00e9e nationale une motion de censure contre le gouvernement de Fran\u00e7ois Bayrou d\u00e8s la reprise des travaux parlementaires, la semaine du 22 septembre, avant m\u00eame le d\u00e9p\u00f4t des textes budg\u00e9taires.\n<\/p>\n<p>\n \u00ab\u00a0Nous refusons la logique du budget\u00a0\u00bb, \u00ab\u00a0nous n&rsquo;allons pas n\u00e9gocier des miettes\u00a0\u00bb, comme la suppression d&rsquo;un jour f\u00e9ri\u00e9 au lieu de deux, a-t-elle ajout\u00e9, en r\u00e9f\u00e9rence \u00e0 l&rsquo;une des propositions phares du Premier ministre.\n<\/p>\n<p>\n Fran\u00e7ois Bayrou, qui tiendra \u00e0 16h une conf\u00e9rence de presse, avait trac\u00e9 les grandes lignes de sa strat\u00e9gie budg\u00e9taire le 15 juillet. Il demande 43,8 milliards d&rsquo;euros d&rsquo;\u00e9conomies sur le budget 2026, parmi lesquels 4,2 milliards seraient d\u00e9gag\u00e9s par la suppression du lundi de P\u00e2ques et du 8-Mai.<\/p>\n","protected":false},"excerpt":{"rendered":"La France insoumise va d\u00e9poser une motion de censure d\u00e8s la reprise des travaux parlementaires. Mathilde Panot \u00e0&hellip;\n","protected":false},"author":2,"featured_media":342756,"comment_status":"","ping_status":"","sticky":false,"template":"","format":"standard","meta":{"footnotes":""},"categories":[4],"tags":[400,11,398,408,405,1011,27,403,402,399,404,12,25,401,406,407],"class_list":{"0":"post-342755","1":"post","2":"type-post","3":"status-publish","4":"format-standard","5":"has-post-thumbnail","7":"category-france","8":"tag-action-cac-40","9":"tag-actualites","10":"tag-bourse-de-paris","11":"tag-boursorama","12":"tag-cotations","13":"tag-fr","14":"tag-france","15":"tag-indices-devises","16":"tag-investir","17":"tag-investissement","18":"tag-marche-boursier","19":"tag-news","20":"tag-republique-francaise","21":"tag-sicav","22":"tag-trackers","23":"tag-warrants"},"share_on_mastodon":{"url":"https:\/\/pubeurope.com\/@fr\/115089313923323746","error":""},"_links":{"self":[{"href":"https:\/\/www.europesays.com\/fr\/wp-json\/wp\/v2\/posts\/342755","targetHints":{"allow":["GET"]}}],"collection":[{"href":"https:\/\/www.europesays.com\/fr\/wp-json\/wp\/v2\/posts"}],"about":[{"href":"https:\/\/www.europesays.com\/fr\/wp-json\/wp\/v2\/types\/post"}],"author":[{"embeddable":true,"href":"https:\/\/www.europesays.com\/fr\/wp-json\/wp\/v2\/users\/2"}],"replies":[{"embeddable":true,"href":"https:\/\/www.europesays.com\/fr\/wp-json\/wp\/v2\/comments?post=342755"}],"version-history":[{"count":0,"href":"https:\/\/www.europesays.com\/fr\/wp-json\/wp\/v2\/posts\/342755\/revisions"}],"wp:featuredmedia":[{"embeddable":true,"href":"https:\/\/www.europesays.com\/fr\/wp-json\/wp\/v2\/media\/342756"}],"wp:attachment":[{"href":"https:\/\/www.europesays.com\/fr\/wp-json\/wp\/v2\/media?parent=342755"}],"wp:term":[{"taxonomy":"category","embeddable":true,"href":"https:\/\/www.europesays.com\/fr\/wp-json\/wp\/v2\/categories?post=342755"},{"taxonomy":"post_tag","embeddable":true,"href":"https:\/\/www.europesays.com\/fr\/wp-json\/wp\/v2\/tags?post=342755"}],"curies":[{"name":"wp","href":"https:\/\/api.w.org\/{rel}","templated":true}]}}