{"id":342757,"date":"2025-08-25T12:05:14","date_gmt":"2025-08-25T12:05:14","guid":{"rendered":"https:\/\/www.europesays.com\/fr\/342757\/"},"modified":"2025-08-25T12:05:14","modified_gmt":"2025-08-25T12:05:14","slug":"betfred-british-masters-guerrier-signe-un-bon-top-10","status":"publish","type":"post","link":"https:\/\/www.europesays.com\/fr\/342757\/","title":{"rendered":"Betfred British Masters : Guerrier signe un bon top 10"},"content":{"rendered":"<p>Auteur d&rsquo;une excellente fin d&rsquo;ann\u00e9e 2024, marqu\u00e9e par sa premi\u00e8re victoire sur le <strong>DP World Tour<\/strong> en Andalousie, une participation \u00e0 la finale du circuit \u00e0 Dubai et une 6e place au tr\u00e8s relev\u00e9 <strong>Nedbank Golf Challenge<\/strong> en d\u00e9cembre, <strong>Julien Guerrier<\/strong> n&rsquo;avait depuis plus go\u00fbt\u00e9 au bonheur de figurer sur la premi\u00e8re page d&rsquo;un leaderboard. C&rsquo;est d\u00e9sormais chose faite avec la belle 8e place glan\u00e9e ce dimanche au <strong>Belfry<\/strong>, o\u00f9 une derni\u00e8re carte de 71 (-1) lui a permis de conserver son rang et signer son meilleur r\u00e9sultat de l&rsquo;ann\u00e9e.<\/p>\n<p>Alors que les autres Bleus ont termin\u00e9 plus loin &#8211;<strong> Tom Vaillant<\/strong> 24e, <strong>Romain Langasque<\/strong> 27e, <strong>Cl\u00e9ment Sordet<\/strong> 33e, <strong>Ugo Coussaud<\/strong> 46e et <strong>Fr\u00e9d\u00e9ric Lacroix<\/strong> 61e &#8211; la fin de semaine en Angleterre a \u00e9t\u00e9 marqu\u00e9e par la victoire du Su\u00e9dois <strong>Alex Nor\u00e9n<\/strong>, qui a d\u00e9croch\u00e9 son 11e titre sur le circuit, sept ans apr\u00e8s le dernier acquis lors de l&rsquo;<strong>Open de France<\/strong> 2018 !<\/p>\n","protected":false},"excerpt":{"rendered":"Auteur d&rsquo;une excellente fin d&rsquo;ann\u00e9e 2024, marqu\u00e9e par sa premi\u00e8re victoire sur le DP World Tour en Andalousie,&hellip;\n","protected":false},"author":2,"featured_media":342758,"comment_status":"","ping_status":"","sticky":false,"template":"","format":"standard","meta":{"footnotes":""},"categories":[1418],"tags":[1011,27,1472,60],"class_list":{"0":"post-342757","1":"post","2":"type-post","3":"status-publish","4":"format-standard","5":"has-post-thumbnail","7":"category-golf","8":"tag-fr","9":"tag-france","10":"tag-golf","11":"tag-sports"},"share_on_mastodon":{"url":"https:\/\/pubeurope.com\/@fr\/115089317748011222","error":""},"_links":{"self":[{"href":"https:\/\/www.europesays.com\/fr\/wp-json\/wp\/v2\/posts\/342757","targetHints":{"allow":["GET"]}}],"collection":[{"href":"https:\/\/www.europesays.com\/fr\/wp-json\/wp\/v2\/posts"}],"about":[{"href":"https:\/\/www.europesays.com\/fr\/wp-json\/wp\/v2\/types\/post"}],"author":[{"embeddable":true,"href":"https:\/\/www.europesays.com\/fr\/wp-json\/wp\/v2\/users\/2"}],"replies":[{"embeddable":true,"href":"https:\/\/www.europesays.com\/fr\/wp-json\/wp\/v2\/comments?post=342757"}],"version-history":[{"count":0,"href":"https:\/\/www.europesays.com\/fr\/wp-json\/wp\/v2\/posts\/342757\/revisions"}],"wp:featuredmedia":[{"embeddable":true,"href":"https:\/\/www.europesays.com\/fr\/wp-json\/wp\/v2\/media\/342758"}],"wp:attachment":[{"href":"https:\/\/www.europesays.com\/fr\/wp-json\/wp\/v2\/media?parent=342757"}],"wp:term":[{"taxonomy":"category","embeddable":true,"href":"https:\/\/www.europesays.com\/fr\/wp-json\/wp\/v2\/categories?post=342757"},{"taxonomy":"post_tag","embeddable":true,"href":"https:\/\/www.europesays.com\/fr\/wp-json\/wp\/v2\/tags?post=342757"}],"curies":[{"name":"wp","href":"https:\/\/api.w.org\/{rel}","templated":true}]}}