{"id":342759,"date":"2025-08-25T12:07:13","date_gmt":"2025-08-25T12:07:13","guid":{"rendered":"https:\/\/www.europesays.com\/fr\/342759\/"},"modified":"2025-08-25T12:07:13","modified_gmt":"2025-08-25T12:07:13","slug":"teddy-thomas-nen-est-pas-a-sa-derniere-la-revelation-du-joueur","status":"publish","type":"post","link":"https:\/\/www.europesays.com\/fr\/342759\/","title":{"rendered":"Teddy Thomas n&rsquo;en est pas \u00e0 sa derni\u00e8re, la r\u00e9v\u00e9lation du joueur"},"content":{"rendered":"<p>Arriv\u00e9 cet \u00e9t\u00e9 \u00e0 Toulouse avec un bail courant jusqu\u2019en juin 2028, Teddy Thomas ne consid\u00e8re pas cette signature comme un point final. \u00c0 31 ans, l\u2019ailier international refuse de se projeter dans une logique de dernier d\u00e9fi. Pour lui, chaque \u00e9tape reste une opportunit\u00e9, pas une conclusion.<\/p>\n<p>\u00a0<\/p>\n<p>Interrog\u00e9 sur la port\u00e9e de ce contrat, Teddy Thomas reste fid\u00e8le \u00e0 sa vision du sport. \u00ab Je ne vais pas dire que je prends \u00e7a comme un dernier gros d\u00e9fi. Je n\u2019ai jamais \u00e9t\u00e9 conditionn\u00e9 dans ma carri\u00e8re au moment d\u2019arriver dans un nouvel objectif \u00bb, fait-il savoir au Midi Olympique.<\/p>\n<p>\u00a0<\/p>\n<p>Une nouvelle page, pas un \u00e9pilogue<\/p>\n<p>\u00a0<\/p>\n<p>Cette d\u00e9claration en dit long sur l&rsquo;\u00e9tat d\u2019esprit du joueur. Pas de calcul, pas de sc\u00e9nario fig\u00e9, juste l\u2019envie de jouer et de contribuer. Son arriv\u00e9e \u00e0 Toulouse marque une transition, mais pas une fin. Teddy Thomas semble vouloir s\u2019inscrire dans la dur\u00e9e sans se laisser enfermer par des projections.<\/p>\n<p>\u00a0<\/p>\n<p>Le Centre de 31 ans sort d&rsquo;une saison qui l&rsquo;a vu disputer 11 matchs en tant que titulaire sur un total 18 apparitions avec La Rochelle. Il a marqu\u00e9 35 points en tout, dont 7 essais. Malgr\u00e9 son \u00e2ge, Teddy Thomas a encore \u00e0 faire valoir et c&rsquo;est cette exp\u00e9rience qui lui vaut sa place dans l&rsquo;\u00e9quipe de Toulouse aujourd&rsquo;hui.<\/p>\n<p>Partagez cette info avec vos amis et vos proches en cliquant ici<br \/>Pour r\u00e9sumer<\/p>\n<p>\u00c0 31 ans, Teddy Thomas rejoint Toulouse jusqu\u2019en 2028 sans envisager la fin. Refusant l\u2019id\u00e9e d\u2019un dernier d\u00e9fi, il aborde ce nouveau chapitre avec ambition. Fort de 7 essais en 18 matchs \u00e0 La Rochelle, il reste une valeur s\u00fbre du rugby fran\u00e7ais.<\/p>\n<p> <img decoding=\"async\" width=\"76\" height=\"76\" loading=\"lazy\" src=\"https:\/\/www.europesays.com\/fr\/wp-content\/uploads\/2025\/04\/avatar-quinze.png\" alt=\"Voldi Fr\u00e9jus\u00a0Hounvio\"\/><\/p>\n","protected":false},"excerpt":{"rendered":"Arriv\u00e9 cet \u00e9t\u00e9 \u00e0 Toulouse avec un bail courant jusqu\u2019en juin 2028, Teddy Thomas ne consid\u00e8re pas cette&hellip;\n","protected":false},"author":2,"featured_media":342760,"comment_status":"","ping_status":"","sticky":false,"template":"","format":"standard","meta":{"footnotes":""},"categories":[1416],"tags":[1011,27,479,1468,60],"class_list":{"0":"post-342759","1":"post","2":"type-post","3":"status-publish","4":"format-standard","5":"has-post-thumbnail","7":"category-rugby","8":"tag-fr","9":"tag-france","10":"tag-rugby","11":"tag-rugby-football","12":"tag-sports"},"share_on_mastodon":{"url":"https:\/\/pubeurope.com\/@fr\/115089325703669898","error":""},"_links":{"self":[{"href":"https:\/\/www.europesays.com\/fr\/wp-json\/wp\/v2\/posts\/342759","targetHints":{"allow":["GET"]}}],"collection":[{"href":"https:\/\/www.europesays.com\/fr\/wp-json\/wp\/v2\/posts"}],"about":[{"href":"https:\/\/www.europesays.com\/fr\/wp-json\/wp\/v2\/types\/post"}],"author":[{"embeddable":true,"href":"https:\/\/www.europesays.com\/fr\/wp-json\/wp\/v2\/users\/2"}],"replies":[{"embeddable":true,"href":"https:\/\/www.europesays.com\/fr\/wp-json\/wp\/v2\/comments?post=342759"}],"version-history":[{"count":0,"href":"https:\/\/www.europesays.com\/fr\/wp-json\/wp\/v2\/posts\/342759\/revisions"}],"wp:featuredmedia":[{"embeddable":true,"href":"https:\/\/www.europesays.com\/fr\/wp-json\/wp\/v2\/media\/342760"}],"wp:attachment":[{"href":"https:\/\/www.europesays.com\/fr\/wp-json\/wp\/v2\/media?parent=342759"}],"wp:term":[{"taxonomy":"category","embeddable":true,"href":"https:\/\/www.europesays.com\/fr\/wp-json\/wp\/v2\/categories?post=342759"},{"taxonomy":"post_tag","embeddable":true,"href":"https:\/\/www.europesays.com\/fr\/wp-json\/wp\/v2\/tags?post=342759"}],"curies":[{"name":"wp","href":"https:\/\/api.w.org\/{rel}","templated":true}]}}