{"id":342761,"date":"2025-08-25T12:08:11","date_gmt":"2025-08-25T12:08:11","guid":{"rendered":"https:\/\/www.europesays.com\/fr\/342761\/"},"modified":"2025-08-25T12:08:11","modified_gmt":"2025-08-25T12:08:11","slug":"le-montant-de-sa-fortune","status":"publish","type":"post","link":"https:\/\/www.europesays.com\/fr\/342761\/","title":{"rendered":"le montant de sa fortune"},"content":{"rendered":"<p>            <a href=\"https:\/\/www.journaldesfemmes.fr\/people\/magazine\/3238888-actu-people-france-aout-semaine-4-sheila-pierre-richard\/3238968-celine-dion\" class=\"app_button_nav_prev jMiddlePreviousButton\" rel=\"nofollow noopener\" target=\"_blank\"><\/a><a href=\"https:\/\/www.journaldesfemmes.fr\/people\/magazine\/3238888-actu-people-france-aout-semaine-4-sheila-pierre-richard\/3238954-amelie-nothomb\" class=\"app_button_nav_next jMiddleNextButton\" rel=\"nofollow noopener\" target=\"_blank\"><\/a><\/p>\n<p>                <img loading=\"lazy\" decoding=\"async\" src=\"https:\/\/www.europesays.com\/fr\/wp-content\/uploads\/2025\/08\/14566164.jpg\" alt=\"\" width=\"250\" height=\"488\"\/><br \/>\n            <a href=\"https:\/\/img-3.journaldesfemmes.fr\/Nc1YR2T_zvwH6EE5TLqNNzDFG2Y=\/2989x\/smart\/c6793320169a467d88e52430aa540011\/ccmcms-jdf\/14566164.jpg\" class=\"fancy app_btn_1 app_btn--ico\" rel=\"nofollow noopener\" target=\"_blank\"><\/a>Roger Federer \u00a9\u00a0Eyepix\/SPUS\/ABACA    <\/p>\n<p><strong>Matelas confortable<\/strong>. Selon le magazine Forbes, Roger Federer est \u00e0 la t\u00eate d&rsquo;une fortune cons\u00e9quente estim\u00e9e \u00e0 1,1\u00a0milliard d&rsquo;euros. S&rsquo;il a gagn\u00e9 131 millions d&rsquo;euros au cours de sa carri\u00e8re de tennisman, le champion suisse a surtout touch\u00e9 le pactole gr\u00e2ce \u00e0 la marque suisse On, dont il d\u00e9tient 3% du capital et qui affiche d\u00e9sormais une capitalisation de pr\u00e8s de 15\u00a0milliards de dollars.<\/p>\n","protected":false},"excerpt":{"rendered":"Roger Federer \u00a9\u00a0Eyepix\/SPUS\/ABACA Matelas confortable. Selon le magazine Forbes, Roger Federer est \u00e0 la t\u00eate d&rsquo;une fortune cons\u00e9quente&hellip;\n","protected":false},"author":2,"featured_media":342762,"comment_status":"","ping_status":"","sticky":false,"template":"","format":"standard","meta":{"footnotes":""},"categories":[1415],"tags":[1011,27,60,1467],"class_list":{"0":"post-342761","1":"post","2":"type-post","3":"status-publish","4":"format-standard","5":"has-post-thumbnail","7":"category-tennis","8":"tag-fr","9":"tag-france","10":"tag-sports","11":"tag-tennis"},"share_on_mastodon":{"url":"https:\/\/pubeurope.com\/@fr\/115089329559858706","error":""},"_links":{"self":[{"href":"https:\/\/www.europesays.com\/fr\/wp-json\/wp\/v2\/posts\/342761","targetHints":{"allow":["GET"]}}],"collection":[{"href":"https:\/\/www.europesays.com\/fr\/wp-json\/wp\/v2\/posts"}],"about":[{"href":"https:\/\/www.europesays.com\/fr\/wp-json\/wp\/v2\/types\/post"}],"author":[{"embeddable":true,"href":"https:\/\/www.europesays.com\/fr\/wp-json\/wp\/v2\/users\/2"}],"replies":[{"embeddable":true,"href":"https:\/\/www.europesays.com\/fr\/wp-json\/wp\/v2\/comments?post=342761"}],"version-history":[{"count":0,"href":"https:\/\/www.europesays.com\/fr\/wp-json\/wp\/v2\/posts\/342761\/revisions"}],"wp:featuredmedia":[{"embeddable":true,"href":"https:\/\/www.europesays.com\/fr\/wp-json\/wp\/v2\/media\/342762"}],"wp:attachment":[{"href":"https:\/\/www.europesays.com\/fr\/wp-json\/wp\/v2\/media?parent=342761"}],"wp:term":[{"taxonomy":"category","embeddable":true,"href":"https:\/\/www.europesays.com\/fr\/wp-json\/wp\/v2\/categories?post=342761"},{"taxonomy":"post_tag","embeddable":true,"href":"https:\/\/www.europesays.com\/fr\/wp-json\/wp\/v2\/tags?post=342761"}],"curies":[{"name":"wp","href":"https:\/\/api.w.org\/{rel}","templated":true}]}}