{"id":342764,"date":"2025-08-25T12:11:10","date_gmt":"2025-08-25T12:11:10","guid":{"rendered":"https:\/\/www.europesays.com\/fr\/342764\/"},"modified":"2025-08-25T12:11:10","modified_gmt":"2025-08-25T12:11:10","slug":"rabiot-a-tranche-pour-son-transfert-le-clash-est-inevitable-a-lom","status":"publish","type":"post","link":"https:\/\/www.europesays.com\/fr\/342764\/","title":{"rendered":"Rabiot a tranch\u00e9 pour son transfert, le clash est in\u00e9vitable \u00e0 l\u2019OM\u00a0!"},"content":{"rendered":"<p>                    Arthur Montagne<br \/>\n                        &#8211;<\/p>\n<p>Journaliste<\/p>\n<p>Affam\u00e9 de sport, il a grandi au son des moteurs de Formule 1 et des exploits de Ronaldinho. Aujourd\u2019hui, diplom\u00e9 d&rsquo;un Master de journalisme de sport, il ne rate plus un Grand Prix de F1 ni un match du PSG, ses deux passions et sp\u00e9cialit\u00e9s<\/p>\n<p class=\"heading\">Officiellement plac\u00e9 sur la liste des transferts, Adrien Rabiot doit trouver un nouveau club afin d&rsquo;\u00e9viter le risque d&rsquo;une saison blanche. Dans cette optique, plusieurs offres sont d\u00e9j\u00e0 arriv\u00e9es sur le bureau de Medhi Benatia, mais l&rsquo;ancien milieu de terrain du PSG ne compte pas partir n&rsquo;importe o\u00f9. A un an de la Coupe du monde, Rabiot ne rejoindra pas un club qui ne dispute pas la Ligue des champions, quitte \u00e0 rester \u00e0 l&rsquo;OM.<\/p>\n<p>Apr\u00e8s sa bagarre avec <strong>Jonathan Rowe<\/strong> \u00e0 <strong>Rennes <\/strong>apr\u00e8s la d\u00e9faite de l&rsquo;<strong>OM<\/strong> (0-1), <strong>Adrien Rabiot<\/strong> a \u00e9t\u00e9 officiellement plac\u00e9 sur la liste des transfert. \u00ab L\u2019Olympique de Marseille informe qu\u2019Adrien Rabiot et Jonathan Rowe ont \u00e9t\u00e9 plac\u00e9s sur la liste des transferts par le club \u00bb, r\u00e9v\u00e9lait le club marseillais <a href=\"https:\/\/le10sport.com\/football\/mercato\/om-transfert-de-rabiot-cest-officiel-754890\" rel=\"nofollow noopener\" target=\"_blank\">par le biais d&rsquo;un communiqu\u00e9<\/a>. Un premier cas a \u00e9t\u00e9 r\u00e9gl\u00e9 puisque <strong>Jonathan Rowe<\/strong> a rejoint <strong>Bologne <\/strong>qui a officialis\u00e9 ce transfert dimanche. Dans l&rsquo;affaire, le club marseillais r\u00e9cup\u00e8re environ 19,5M\u20ac ainsi que 10% sur le montant d&rsquo;une future revente. En revanche, tout reste \u00e0 faire pour <strong>Adrien Rabiot<\/strong>.<\/p>\n<p>                                            Les offres arrivent pour Rabiot&#8230;<\/p>\n<p>Et pourtant, les marques d&rsquo;int\u00e9r\u00eat se multiplient pour <strong>Adrien Rabiot<\/strong>. Selon les informations de L&rsquo;EQUIPE, <strong>Galatasaray<\/strong>, <strong>Aston Villa<\/strong>, <strong>West Ham<\/strong>, l&rsquo;<strong>Inter<\/strong>, d&rsquo;autres clubs italiens auraient ainsi transmis des propositions aupr\u00e8s du directeur sportif de l&rsquo;<strong>OM<\/strong> <strong>Medhi Benatia<\/strong> sans que cela n&rsquo;aboutisse pour le moment. Il faut que le club phoc\u00e9en r\u00e9clame 15M\u20ac, une somme qui avait scandalis\u00e9 <strong>Romuald Palao<\/strong>, l&rsquo;avocat d&rsquo;<strong>Adrien Rabiot<\/strong>. \u00ab Le club a indiqu\u00e9 qu&rsquo;il souhaitait se s\u00e9parer du joueur, mais on ne peut pas indiquer vouloir se s\u00e9parer d&rsquo;un joueur et venir r\u00e9clamer des sommes hallucinantes, 15M\u20ac c&rsquo;est \u00e9norme \u00bb, confiait-il mardi soir au micro de l&rsquo;After Foot sur RMC.<\/p>\n<p>                                            &#8230; qui se montre exigeant pour son futur club<\/p>\n<p>N\u00e9anmoins, d&rsquo;apr\u00e8s L&rsquo;EQUIPE, l&rsquo;<strong>OM<\/strong> n&rsquo;est pas le seul responsable de cette situation puisqu&rsquo;<strong>Adrien Rabiot<\/strong> serait \u00e9galement exigeant pour son transfert. L&rsquo;ancien milieu de terrain du <strong>PSG <\/strong>ne partira pas n&rsquo;importe o\u00f9 et souhaite rejoindre un club qui dispute la <strong>Ligue des champions<\/strong>, ce qui r\u00e9duit d\u00e9j\u00e0 la liste des pr\u00e9tendants. Tr\u00e8s heureux \u00e0 Marseille, <strong>Rabiot <\/strong>n&rsquo;exclut d&rsquo;ailleurs pas de rester \u00e0 l&rsquo;<strong>OM<\/strong> si jamais il ne re\u00e7oit pas de proposition qu&rsquo;il juge int\u00e9ressante. Autrement dit, \u00e0 huit jours de la fermeture du mercato, tout semble encore ouvert pour le futur de l&rsquo;international fran\u00e7ais.<\/p>\n","protected":false},"excerpt":{"rendered":"Arthur Montagne &#8211; Journaliste Affam\u00e9 de sport, il a grandi au son des moteurs de Formule 1 et&hellip;\n","protected":false},"author":2,"featured_media":342765,"comment_status":"","ping_status":"","sticky":false,"template":"","format":"standard","meta":{"footnotes":""},"categories":[1412],"tags":[1451,1452,1453,1454,1455,1011,27,60],"class_list":{"0":"post-342764","1":"post","2":"type-post","3":"status-publish","4":"format-standard","5":"has-post-thumbnail","7":"category-f1","8":"tag-f1","9":"tag-formula-1","10":"tag-formula1","11":"tag-formule-1","12":"tag-formule1","13":"tag-fr","14":"tag-france","15":"tag-sports"},"share_on_mastodon":{"url":"https:\/\/pubeurope.com\/@fr\/115089341338768593","error":""},"_links":{"self":[{"href":"https:\/\/www.europesays.com\/fr\/wp-json\/wp\/v2\/posts\/342764","targetHints":{"allow":["GET"]}}],"collection":[{"href":"https:\/\/www.europesays.com\/fr\/wp-json\/wp\/v2\/posts"}],"about":[{"href":"https:\/\/www.europesays.com\/fr\/wp-json\/wp\/v2\/types\/post"}],"author":[{"embeddable":true,"href":"https:\/\/www.europesays.com\/fr\/wp-json\/wp\/v2\/users\/2"}],"replies":[{"embeddable":true,"href":"https:\/\/www.europesays.com\/fr\/wp-json\/wp\/v2\/comments?post=342764"}],"version-history":[{"count":0,"href":"https:\/\/www.europesays.com\/fr\/wp-json\/wp\/v2\/posts\/342764\/revisions"}],"wp:featuredmedia":[{"embeddable":true,"href":"https:\/\/www.europesays.com\/fr\/wp-json\/wp\/v2\/media\/342765"}],"wp:attachment":[{"href":"https:\/\/www.europesays.com\/fr\/wp-json\/wp\/v2\/media?parent=342764"}],"wp:term":[{"taxonomy":"category","embeddable":true,"href":"https:\/\/www.europesays.com\/fr\/wp-json\/wp\/v2\/categories?post=342764"},{"taxonomy":"post_tag","embeddable":true,"href":"https:\/\/www.europesays.com\/fr\/wp-json\/wp\/v2\/tags?post=342764"}],"curies":[{"name":"wp","href":"https:\/\/api.w.org\/{rel}","templated":true}]}}