{"id":342766,"date":"2025-08-25T12:12:11","date_gmt":"2025-08-25T12:12:11","guid":{"rendered":"https:\/\/www.europesays.com\/fr\/342766\/"},"modified":"2025-08-25T12:12:11","modified_gmt":"2025-08-25T12:12:11","slug":"chute-epaule-deboitee-deux-fois-et-velo-disparu-en-pleine-etape-la-journee-cauchemar-du-francais-axel-zingle-sur-la-vuelta","status":"publish","type":"post","link":"https:\/\/www.europesays.com\/fr\/342766\/","title":{"rendered":"Chute, \u00e9paule d\u00e9bo\u00eet\u00e9e deux fois et v\u00e9lo disparu en pleine \u00e9tape, la journ\u00e9e cauchemar du Fran\u00e7ais Axel Zingle sur la Vuelta"},"content":{"rendered":"<p>Entre sa chute, ses blessures et la disparition de son v\u00e9lo au moment de se faire soigner, Axel Zingle a v\u00e9cu une journ\u00e9e folle lors de la deuxi\u00e8me \u00e9tape du Tour d\u2019Espagne.<\/p>\n<p class=\"fig-paragraph\">Le Fran\u00e7ais Axel Zingle a boucl\u00e9 dimanche la deuxi\u00e8me \u00e9tape<a href=\"http:\/\/www.lefigaro.fr\/sports\/cyclisme\/creation-tardive-calendrier-plateau-moins-consistant-pourquoi-le-tour-d-espagne-reste-dans-l-ombre-du-tour-de-france-et-du-tour-d-italie-20250823\" data-fig-type=\"NewsFlash\" data-gtm-custom-categorie=\"navigation\" data-gtm-custom-action=\"crossclick\" data-gtm-custom-label=\"Contextuel\" data-gtm-event=\"customEventSPE\" data-fig-domain=\"LEFIGARO\" rel=\"nofollow noopener\" target=\"_blank\">\u00a0de la Vuelta<\/a>\u00a0en 183e position en franchissant la ligne d\u2019arriv\u00e9e seul, avec 24\u201905\u2019\u2019 de retard sur Jonas Vingegaard,\u00a0<a href=\"http:\/\/www.lefigaro.fr\/sports\/cyclisme\/cyclisme-vingegaard-remporte-la-2e-etape-de-la-vuelta-et-endosse-le-maillot-rouge-20250824\" data-fig-type=\"NewsFlash\" data-gtm-custom-categorie=\"navigation\" data-gtm-custom-action=\"crossclick\" data-gtm-custom-label=\"Contextuel\" data-gtm-event=\"customEventSPE\" data-fig-domain=\"LEFIGARO\" rel=\"nofollow noopener\" target=\"_blank\">nouveau maillot rouge<\/a>. Une d\u00e9livrance pour le co\u00e9quipier du Danois au sein de l\u2019\u00e9quipe Visma Lease a bike apr\u00e8s une journ\u00e9e qui a tourn\u00e9 au cauchemar et au cours de laquelle il est pass\u00e9 par presque toutes les \u00e9motions.<\/p>\n<p>L\u2019\u00e9paule d\u00e9bo\u00eet\u00e9e deux fois en quelques minutes<\/p>\n<p class=\"fig-paragraph\">\u00c0 26 kilom\u00e8tres de l\u2019arriv\u00e9e, le Mulhousien de 26 ans a \u00e9t\u00e9 pris avec d\u2019autres coureurs dans une chute collective \u00e0 la sortie d\u2019un rond-point sous une pluie battante. Alors qu\u2019il venait de rejoindre le peloton pour satisfaire un besoin naturel, Axel Zingle s\u2019est fait surprendre sur un freinage. Il s\u2019est d\u00e9bo\u00eet\u00e9 l\u2019\u00e9paule et a d\u00fb patienter attendre l\u2019arriv\u00e9e du m\u00e9decin pour la remettre en place. \u00abC\u2019\u00e9tait la premi\u00e8re fois que \u00e7a m\u2019arrivait et je ne savais pas comment la remettre en place\u00bb, avoua-t-il \u00e0 Eurosport en fin de journ\u00e9e.<\/p>\n<p>                                    <a class=\"fig-a11y-skip a11y-hidden\" href=\"#fig-a11y-skip-main-inarticle\"><br \/>\n        Passer la publicit\u00e9<br \/>\n    <\/a><\/p>\n<p class=\"fig-paragraph\">Le Tricolore a pu reprendre le chemin de la course mais quelques kilom\u00e8tres plus tard, nouvelle m\u00e9saventure. En r\u00e9cup\u00e9rant un gel tendu par quelqu\u2019un de son \u00e9quipe, il s\u2019est d\u00e9bo\u00eet\u00e9 une nouvelle fois l\u2019\u00e9paule et a \u00e9t\u00e9 contraint de s\u2019arr\u00eater pour b\u00e9n\u00e9ficier de nouveaux soins dans une ambulance.<\/p>\n<p>Son v\u00e9lo dispara\u00eet alors qu\u2019il \u00e9tait dans l\u2019ambulance<\/p>\n<p class=\"fig-paragraph\">Dans la pr\u00e9cipitation, il a laiss\u00e9 son v\u00e9lo au bord de la route. \u00abJe l\u2019ai confi\u00e9 \u00e0 un mec qui ne parlait pas beaucoup anglais le temps que je monte dans l\u2019ambulance pour remettre l\u2019\u00e9paule\u00bb, a-t-il expliqu\u00e9. Mais en ressortant du v\u00e9hicule, nouvelle catastrophe. \u00abQuand je suis sorti, il n\u2019y avait plus de v\u00e9lo\u00a0! J\u2019ai d\u00fb attendre 5 \u00e0 10 minutes. Il s\u2019est av\u00e9r\u00e9 qu\u2019il \u00e9tait parti avec mon v\u00e9lo, alors j\u2019\u00e9tais un peu perturb\u00e9, mais bon, c\u2019est comme \u00e7a\u00bb, a-t-il conclu, fataliste. Plus tard, on a finalement appris que le v\u00e9lo n\u2019avait pas \u00e9t\u00e9 vol\u00e9 mais plac\u00e9 apr\u00e8s un malentendu dans un v\u00e9hicule suiveur.<\/p>\n<p class=\"fig-paragraph\">Autant de m\u00e9saventures qui n\u2019avaient pas entam\u00e9 le moral du Fran\u00e7ais bien d\u00e9cid\u00e9 \u00e0 poursuivre son p\u00e9riple en Espagne\u00a0: \u00abJe ne veux pas m\u2019arr\u00eater l\u00e0. \u00ab Deuxi\u00e8me \u00e9tape, on commence avec une victoire, c\u2019est bien. Et puis, si on peut gravir une c\u00f4te comme celle-l\u00e0 avec une \u00e9paule d\u00e9bo\u00eet\u00e9e, c\u2019est parfait.\u00bb Malheureusement, on a appris lundi matin que l\u2019Alsacien avait renonc\u00e9 \u00e0 prendre le d\u00e9part de la troisi\u00e8me \u00e9tape.<\/p>\n","protected":false},"excerpt":{"rendered":"Entre sa chute, ses blessures et la disparition de son v\u00e9lo au moment de se faire soigner, Axel&hellip;\n","protected":false},"author":2,"featured_media":342767,"comment_status":"","ping_status":"","sticky":false,"template":"","format":"standard","meta":{"footnotes":""},"categories":[1411],"tags":[1154,207,1011,27,27884,60,47885],"class_list":{"0":"post-342766","1":"post","2":"type-post","3":"status-publish","4":"format-standard","5":"has-post-thumbnail","7":"category-cyclisme","8":"tag-cycling","9":"tag-cyclisme","10":"tag-fr","11":"tag-france","12":"tag-jonas-vingegaard","13":"tag-sports","14":"tag-vuelta"},"share_on_mastodon":{"url":"https:\/\/pubeurope.com\/@fr\/115089345341668061","error":""},"_links":{"self":[{"href":"https:\/\/www.europesays.com\/fr\/wp-json\/wp\/v2\/posts\/342766","targetHints":{"allow":["GET"]}}],"collection":[{"href":"https:\/\/www.europesays.com\/fr\/wp-json\/wp\/v2\/posts"}],"about":[{"href":"https:\/\/www.europesays.com\/fr\/wp-json\/wp\/v2\/types\/post"}],"author":[{"embeddable":true,"href":"https:\/\/www.europesays.com\/fr\/wp-json\/wp\/v2\/users\/2"}],"replies":[{"embeddable":true,"href":"https:\/\/www.europesays.com\/fr\/wp-json\/wp\/v2\/comments?post=342766"}],"version-history":[{"count":0,"href":"https:\/\/www.europesays.com\/fr\/wp-json\/wp\/v2\/posts\/342766\/revisions"}],"wp:featuredmedia":[{"embeddable":true,"href":"https:\/\/www.europesays.com\/fr\/wp-json\/wp\/v2\/media\/342767"}],"wp:attachment":[{"href":"https:\/\/www.europesays.com\/fr\/wp-json\/wp\/v2\/media?parent=342766"}],"wp:term":[{"taxonomy":"category","embeddable":true,"href":"https:\/\/www.europesays.com\/fr\/wp-json\/wp\/v2\/categories?post=342766"},{"taxonomy":"post_tag","embeddable":true,"href":"https:\/\/www.europesays.com\/fr\/wp-json\/wp\/v2\/tags?post=342766"}],"curies":[{"name":"wp","href":"https:\/\/api.w.org\/{rel}","templated":true}]}}