{"id":342768,"date":"2025-08-25T12:13:09","date_gmt":"2025-08-25T12:13:09","guid":{"rendered":"https:\/\/www.europesays.com\/fr\/342768\/"},"modified":"2025-08-25T12:13:09","modified_gmt":"2025-08-25T12:13:09","slug":"lom-tente-le-gros-coup-dani-ceballos","status":"publish","type":"post","link":"https:\/\/www.europesays.com\/fr\/342768\/","title":{"rendered":"L\u2019OM tente le gros coup Dani Ceballos !"},"content":{"rendered":"<p>L\u2019\u00e9t\u00e9 se r\u00e9acc\u00e9l\u00e8re du c\u00f4t\u00e9 de l\u2019Olympique de Marseille. Le club phoc\u00e9en s\u2019est montr\u00e9 actif avec 65 millions d\u2019euros d\u00e9bours\u00e9s et notamment de nouvelles t\u00eates \u00e0 l\u2019image d\u2019Igor Paix\u00e3o (Feyenoord), Facundo Medina (RC Lens), Timothy Weah (Juventus), Angel Gomes (Lille OSC), CJ Egan-Riley (Burnley) et le grande retour de Pierre-Emercik Aubameyang (Al-Qadsiah). <\/p>\n<p>            La suite apr\u00e8s cette publicit\u00e9<\/p>\n<p>Ces derniers jours, le club marseillais s\u2019est aussi fendu de certains d\u00e9parts dont celui de Jonathan Rowe pour Bologne, d\u00e9j\u00e0 officialis\u00e9. Alors que le cas Adrien Rabiot reste en suspens et que son d\u00e9part reste possible, <a href=\"https:\/\/www.footmercato.net\/club\/om\/\" rel=\"nofollow noopener\" target=\"_blank\">Marseille<\/a> a acc\u00e9l\u00e9r\u00e9 pour une piste au milieu de terrain. Et la direction olympienne s\u2019est ainsi tourn\u00e9e du c\u00f4t\u00e9 du <a href=\"https:\/\/www.footmercato.net\/club\/real-madrid\/\" rel=\"nofollow noopener\" target=\"_blank\">Real Madrid<\/a>. <\/p>\n<p>            La suite apr\u00e8s cette publicit\u00e9<\/p>\n<p>        L\u2019OM tente le coup Dani Ceballos<\/p>\n<p>Le club de la capitale espagnole qui est en pleine r\u00e9volution avec l\u2019arriv\u00e9e de Xabi Alonso sur son banc est en train de vivre des changements dans son effectif. Une situation qui a rebattu les cartes et qui a ainsi compliqu\u00e9 la position de <a href=\"https:\/\/www.footmercato.net\/joueur\/dani-ceballos\/\" rel=\"nofollow noopener\" target=\"_blank\">Dani Ceballos<\/a> dans le groupe. Triple vainqueur de la Ligue des Champions, le milieu relayeur arriv\u00e9 du Real Betis Balompi\u00e9 \u00e0 l\u2019\u00e9t\u00e9 2017 n\u2019a d\u2019ailleurs jou\u00e9 que 4 minutes sur ce d\u00e9but de saison en entrant hier contre Oviedo (3-0). <\/p>\n<p>Un match apr\u00e8s lequel le joueur sous contrat jusqu\u2019en juin 2027 avec les Merengues s\u2019est fendu du message \u00ab\u00a0Last Dance\u00a0\u00bb (derni\u00e8re danse) sur ses r\u00e9seaux sociaux. De quoi entrevoir un d\u00e9part et sans doute du c\u00f4t\u00e9 de l\u2019Olympique de Marseille. En tout cas l\u2019int\u00e9r\u00eat existe comme le r\u00e9v\u00e8lent Fabrizio Romano et Matteo Morretto et comme nous sommes en mesure de vous le confirmer. Ainsi, l\u2019Olympique de Marseille tente de boucler un pr\u00eat avec option d\u2019achat pour le joueur et cette derni\u00e8re pourrait m\u00eame \u00eatre une obligation d\u2019achat. Les discussions sont en cours. <\/p>\n<p>\n    Pub. le 25\/08\/2025 10:49<br \/>\n            &#8211; MAJ le 25\/08\/2025 14:10\n    <\/p>\n","protected":false},"excerpt":{"rendered":"L\u2019\u00e9t\u00e9 se r\u00e9acc\u00e9l\u00e8re du c\u00f4t\u00e9 de l\u2019Olympique de Marseille. Le club phoc\u00e9en s\u2019est montr\u00e9 actif avec 65 millions&hellip;\n","protected":false},"author":2,"featured_media":342769,"comment_status":"","ping_status":"","sticky":false,"template":"","format":"standard","meta":{"footnotes":""},"categories":[1410],"tags":[63,1011,27,60],"class_list":{"0":"post-342768","1":"post","2":"type-post","3":"status-publish","4":"format-standard","5":"has-post-thumbnail","7":"category-football","8":"tag-football","9":"tag-fr","10":"tag-france","11":"tag-sports"},"share_on_mastodon":{"url":"https:\/\/pubeurope.com\/@fr\/115089349263245837","error":""},"_links":{"self":[{"href":"https:\/\/www.europesays.com\/fr\/wp-json\/wp\/v2\/posts\/342768","targetHints":{"allow":["GET"]}}],"collection":[{"href":"https:\/\/www.europesays.com\/fr\/wp-json\/wp\/v2\/posts"}],"about":[{"href":"https:\/\/www.europesays.com\/fr\/wp-json\/wp\/v2\/types\/post"}],"author":[{"embeddable":true,"href":"https:\/\/www.europesays.com\/fr\/wp-json\/wp\/v2\/users\/2"}],"replies":[{"embeddable":true,"href":"https:\/\/www.europesays.com\/fr\/wp-json\/wp\/v2\/comments?post=342768"}],"version-history":[{"count":0,"href":"https:\/\/www.europesays.com\/fr\/wp-json\/wp\/v2\/posts\/342768\/revisions"}],"wp:featuredmedia":[{"embeddable":true,"href":"https:\/\/www.europesays.com\/fr\/wp-json\/wp\/v2\/media\/342769"}],"wp:attachment":[{"href":"https:\/\/www.europesays.com\/fr\/wp-json\/wp\/v2\/media?parent=342768"}],"wp:term":[{"taxonomy":"category","embeddable":true,"href":"https:\/\/www.europesays.com\/fr\/wp-json\/wp\/v2\/categories?post=342768"},{"taxonomy":"post_tag","embeddable":true,"href":"https:\/\/www.europesays.com\/fr\/wp-json\/wp\/v2\/tags?post=342768"}],"curies":[{"name":"wp","href":"https:\/\/api.w.org\/{rel}","templated":true}]}}