{"id":342772,"date":"2025-08-25T12:16:10","date_gmt":"2025-08-25T12:16:10","guid":{"rendered":"https:\/\/www.europesays.com\/fr\/342772\/"},"modified":"2025-08-25T12:16:10","modified_gmt":"2025-08-25T12:16:10","slug":"decouvrez-en-exclusivite-les-premieres-pages-du-livre-liberation","status":"publish","type":"post","link":"https:\/\/www.europesays.com\/fr\/342772\/","title":{"rendered":"d\u00e9couvrez en exclusivit\u00e9 les premi\u00e8res pages du livre \u2013 Lib\u00e9ration"},"content":{"rendered":"<p class=\"sc-ksZaOG ehjQrN text-element\"><a href=\"https:\/\/www.liberation.fr\/idees-et-debats\/mort-dhelene-carrere-dencausse-premiere-femme-a-la-tete-de-lacademie-francaise-20230805_VWKI3D7TJFHVVCFN6Z2UDP5RPY\/?redirected=1\" target=\"_blank\" rel=\"noopener\" title=\"https:\/\/www.liberation.fr\/idees-et-debats\/mort-dhelene-carrere-dencausse-premiere-femme-a-la-tete-de-lacademie-francaise-20230805_VWKI3D7TJFHVVCFN6Z2UDP5RPY\/?redirected=1\">H\u00e9l\u00e8ne Carr\u00e8re d\u2019Encausse<\/a>, sp\u00e9cialiste de la Russie et de l\u2019URSS et secr\u00e9taire perp\u00e9tuelle de l\u2019Acad\u00e9mie fran\u00e7aise, est morte le 5 ao\u00fbt 2023. Son mari, Louis, la suivait le 30 d\u00e9cembre suivant. Le nouveau livre de leur fils, <a href=\"https:\/\/www.liberation.fr\/livres\/2009\/03\/04\/un-anticonformiste_463198\/\" target=\"_blank\" rel=\"noopener\" title=\"https:\/\/www.liberation.fr\/livres\/2009\/03\/04\/un-anticonformiste_463198\/\">Emmanuel Carr\u00e8re<\/a>, s\u2019ouvre par l\u2019enterrement de sa m\u00e8re et se referme sur les morts de l\u2019un et de l\u2019autre, suivies d\u2019une br\u00e8ve \u00e9claircie, d\u2019un rosebud. Si le terme de saga n\u2019\u00e9tait pas (\u00e0 tort) d\u00e9valu\u00e9, il d\u00e9finirait \u00e0 merveille le r\u00e9cit qui se d\u00e9roule entre les deux, Kolkhoze. Faire Kolkhoze, dans cette famille d\u2019origine russe et g\u00e9orgienne par la m\u00e8re, c\u2019\u00e9tait se r\u00e9unir. L\u2019auteur de Roman russe r\u00e9unit donc sa famille, de fa\u00e7on \u00abverticale\u00bb et \u00abhorizontale\u00bb, dans le temps et dans l\u2019espace, en contant son destin sur plusieurs g\u00e9n\u00e9rations. Il confronte ce destin \u00e0 l\u2019Histoire et le m\u00eale peu \u00e0 peu \u00e0 sa propre vie, enfance, adolescence, jeunesse, voyages et report<\/p>\n","protected":false},"excerpt":{"rendered":"H\u00e9l\u00e8ne Carr\u00e8re d\u2019Encausse, sp\u00e9cialiste de la Russie et de l\u2019URSS et secr\u00e9taire perp\u00e9tuelle de l\u2019Acad\u00e9mie fran\u00e7aise, est morte&hellip;\n","protected":false},"author":2,"featured_media":342773,"comment_status":"","ping_status":"","sticky":false,"template":"","format":"standard","meta":{"footnotes":""},"categories":[1357],"tags":[1379,10488,58,59,1011,27,12337,1380,132],"class_list":{"0":"post-342772","1":"post","2":"type-post","3":"status-publish","4":"format-standard","5":"has-post-thumbnail","7":"category-livres","8":"tag-books","9":"tag-cahier-livres","10":"tag-divertissement","11":"tag-entertainment","12":"tag-fr","13":"tag-france","14":"tag-georgie","15":"tag-livres","16":"tag-russie"},"share_on_mastodon":{"url":"https:\/\/pubeurope.com\/@fr\/115089361258107307","error":""},"_links":{"self":[{"href":"https:\/\/www.europesays.com\/fr\/wp-json\/wp\/v2\/posts\/342772","targetHints":{"allow":["GET"]}}],"collection":[{"href":"https:\/\/www.europesays.com\/fr\/wp-json\/wp\/v2\/posts"}],"about":[{"href":"https:\/\/www.europesays.com\/fr\/wp-json\/wp\/v2\/types\/post"}],"author":[{"embeddable":true,"href":"https:\/\/www.europesays.com\/fr\/wp-json\/wp\/v2\/users\/2"}],"replies":[{"embeddable":true,"href":"https:\/\/www.europesays.com\/fr\/wp-json\/wp\/v2\/comments?post=342772"}],"version-history":[{"count":0,"href":"https:\/\/www.europesays.com\/fr\/wp-json\/wp\/v2\/posts\/342772\/revisions"}],"wp:featuredmedia":[{"embeddable":true,"href":"https:\/\/www.europesays.com\/fr\/wp-json\/wp\/v2\/media\/342773"}],"wp:attachment":[{"href":"https:\/\/www.europesays.com\/fr\/wp-json\/wp\/v2\/media?parent=342772"}],"wp:term":[{"taxonomy":"category","embeddable":true,"href":"https:\/\/www.europesays.com\/fr\/wp-json\/wp\/v2\/categories?post=342772"},{"taxonomy":"post_tag","embeddable":true,"href":"https:\/\/www.europesays.com\/fr\/wp-json\/wp\/v2\/tags?post=342772"}],"curies":[{"name":"wp","href":"https:\/\/api.w.org\/{rel}","templated":true}]}}