{"id":342774,"date":"2025-08-25T12:17:17","date_gmt":"2025-08-25T12:17:17","guid":{"rendered":"https:\/\/www.europesays.com\/fr\/342774\/"},"modified":"2025-08-25T12:17:17","modified_gmt":"2025-08-25T12:17:17","slug":"dexter-canal-mauvaise-nouvelle-pour-les-fans-la-serie-prequelle-est-finalement-annulee","status":"publish","type":"post","link":"https:\/\/www.europesays.com\/fr\/342774\/","title":{"rendered":"Dexter (Canal+)\u00a0: mauvaise nouvelle pour les fans, la s\u00e9rie pr\u00e9quelle est finalement annul\u00e9e"},"content":{"rendered":"<p class=\"ed__a-p ed__bdy__l\">Coup de th\u00e9\u00e2tre dans les coulisses de la franchise Dexter : la s\u00e9rie sur les d\u00e9buts du tueur en s\u00e9rie, <a href=\"https:\/\/www.lesnumeriques.com\/serie\/dexter-les-origines-p76161\/test.html\" title=\"Dexter : les origines (Canal+) \u2013 Une s\u00e9rie pr\u00e9quelle paresseuse et mal racont\u00e9e\" rel=\"nofollow noopener\" target=\"_blank\">Dexter : Les Origines<\/a>, n&rsquo;aura finalement pas de saison 2 alors que son renouvellement avait \u00e9t\u00e9 annonc\u00e9 en avril dernier.<\/p>\n<p class=\"ed__a-p ed__bdy__l\">De son c\u00f4t\u00e9, la s\u00e9rie <a href=\"https:\/\/www.lesnumeriques.com\/serie\/dexter-resurrection-date-de-sortie-histoire-casting-trailer-tout-savoir-sur-la-serie-n237594.html\" title=\"Dexter: Resurrection \u2013 Date de sortie, histoire, casting, trailer\u2026 Tout savoir sur la s\u00e9rie\" rel=\"nofollow noopener\" target=\"_blank\">Dexter : Resurrection<\/a> pourrait bien quant \u00e0 elle revenir pour une deuxi\u00e8me saison.<\/p>\n<p>            Publicit\u00e9, votre contenu continue ci-dessous<\/p>\n<p>        Publicit\u00e9<\/p>\n<p>Changement de cap \u00e0 Showtime<\/p>\n<p class=\"ed__a-p ed__bdy__l\">Que s&rsquo;est-il donc pass\u00e9 en coulisses pour que <a href=\"https:\/\/www.lesnumeriques.com\/serie\/dexter-original-sin-un-trailer-excitant-pour-le-prequel-bientot-sur-canal-n230039.html\" title=\"Dexter : Original Sin \u2013 Un trailer excitant pour le pr\u00e9quel bient\u00f4t sur Canal+\" rel=\"nofollow noopener\" target=\"_blank\">Dexter : Les Origines<\/a> soit finalement annul\u00e9e ? Le fait est que depuis que <a href=\"https:\/\/www.lesnumeriques.com\/cine-svod\/paramount-on-connait-enfin-la-date-de-fusion-avec-le-studio-skydance-n225618.html\" title=\"Paramount : on conna\u00eet enfin la date de fusion avec le studio Skydance\" rel=\"nofollow noopener\" target=\"_blank\">Paramount a rachet\u00e9 Skydance<\/a>, les responsables de la programmation de Showtime (la cha\u00eene qui diffuse Dexter aux \u00c9tats-Unis) ont chang\u00e9.<\/p>\n<p class=\"ed__a-p ed__bdy__l\">C&rsquo;est maintenant Paramount TV Studios qui g\u00e8re la question et il a ainsi \u00e9t\u00e9 d\u00e9cid\u00e9 d&rsquo;assembler une \u00e9quipe de sc\u00e9naristes pour s&rsquo;atteler \u00e0 la saison 2 de <a href=\"https:\/\/www.lesnumeriques.com\/serie\/dexter-resurrection-p76948\/test.html\" title=\"Dexter : Resurrection (Canal+) - Le tueur culte rena\u00eet dans une s\u00e9rie plaisante mais chaotique\" rel=\"nofollow noopener\" target=\"_blank\">Dexter : Resurrection<\/a>, et de laisser Les Origines de c\u00f4t\u00e9.<\/p>\n<p class=\"ed__a-p ed__bdy__l\"><img loading=\"lazy\" decoding=\"async\" src=\"data:image\/svg+xml,%3Csvg xmlns='http:\/\/www.w3.org\/2000\/svg'%3E%3C\/svg%3E\" draggable=\"false\" width=\"1092\" height=\"614\" class=\"ed__title-xxs\" alt=\"La s\u00e9rie Dexter : les origines avec Patrick Gibson.\" style=\"background-color: #f2f2f2; aspect-ratio:1092\/614;\"\/><\/p>\n<p>Dexter : les origines n&rsquo;aura finalement pas de suite.<\/p>\n<p>\u00a9 Showtime<\/p>\n<\/p>\n<p class=\"ed__a-p ed__bdy__l\">Apr\u00e8s l&rsquo;annonce du renouvellement de Dexter : Les Origines en avril dernier, la suite de la s\u00e9rie s&rsquo;est retrouv\u00e9e en suspend en coulisses, pour des raisons logistiques selon <a href=\"https:\/\/deadline.com\/2025\/08\/dexter-resurrection-season-2-original-sin-canceled-showtime-1236495556\/\" target=\"_blank\" rel=\"nofollow noopener\">Deadline<\/a>. Alors, quand les nouveaux responsables de Paramount sont arriv\u00e9s, ils ont d\u00e9cid\u00e9 de se concentrer sur Resurrection et d&rsquo;abandonner le pr\u00e9quel de Dexter.<\/p>\n<p class=\"ed__a-p ed__bdy__l\">Le fait qu&rsquo;une \u00e9quipe de sc\u00e9naristes soit en train de se mettre en place pour \u00e9crire une saison 2 de Dexter : Resurrection ne signifie cependant pas que la s\u00e9rie est renouvel\u00e9e par Paramount, mais ses audiences outre-Atlantique sont suffisamment bonnes pour que cela soit en bonne voie.<\/p>\n<p class=\"ed__a-p ed__bdy__l\"><img loading=\"lazy\" decoding=\"async\" src=\"data:image\/svg+xml,%3Csvg xmlns='http:\/\/www.w3.org\/2000\/svg'%3E%3C\/svg%3E\" draggable=\"false\" width=\"2000\" height=\"1250\" class=\"ed__title-xxs\" alt=\"Michael C. Hall de retour dans Dexter: Resurrection.\" style=\"background-color: #f2f2f2; aspect-ratio:2000\/1250;\"\/><\/p>\n<p>Michael C. Hall de retour dans Dexter: Resurrection.<\/p>\n<p>\u00a9 Showtime<\/p>\n<\/p>\n<p class=\"ed__a-p ed__bdy__l\">Dexter : Les Origines mettait en sc\u00e8ne Patrick Gibson dans le r\u00f4le titulaire, et suivait un jeune Dexter fra\u00eechement embauch\u00e9 par la police de Miami en 1991, alors qu&rsquo;il commen\u00e7ait \u00e0 contr\u00f4ler ses pulsions de tueur en s\u00e9rie.<\/p>\n<p class=\"ed__a-p ed__bdy__l\">De son c\u00f4t\u00e9, Dexter : Resurrection suit Dexter Morgan apr\u00e8s les \u00e9v\u00e9nements de la s\u00e9rie Dexter : New Blood. Michael C. Hall reprend le r\u00f4le du tueur alors qu&rsquo;il d\u00e9m\u00e9nage \u00e0 New York pour renouer avec son fils, Harrison (Jack Alcott).<\/p>\n<p class=\"ed__a-p ed__bdy__l\">Dexter : Resurrection est actuellement en cours de diffusion sur <a href=\"https:\/\/www.lesnumeriques.com\/cine-svod\/canal-prix-abonnements-catalogue-tout-savoir-sur-le-service-de-streaming-a236714.html\" title=\"Canal+\u00a0: prix, abonnements, catalogue\u2026 Tout savoir sur le service de streaming\" rel=\"nofollow noopener\" target=\"_blank\">Canal+<\/a>, o\u00f9 vous pouvez aussi retrouver tous les \u00e9pisodes de Dexter : Les Origines.<\/p>\n<p>                    <a aria-label=\"Canal+\" href=\"https:\/\/www.lesnumeriques.com\/canal-plus.html\" rel=\"nofollow noopener\" target=\"_blank\">Canal+<\/a><\/p>\n<p>                                                <a href=\"https:\/\/www.lesnumeriques.com\/canal-plus.html\" title=\"Canal+\" rel=\"nofollow noopener\" target=\"_blank\"><\/p>\n<p>            <img loading=\"lazy\" decoding=\"async\" src=\"data:image\/svg+xml,%3Csvg xmlns='http:\/\/www.w3.org\/2000\/svg'%3E%3C\/svg%3E\" draggable=\"false\" width=\"452\" height=\"254\" class=\"ed__title-xxs\" alt=\"Canal+\"\/><\/p>\n<p>                <\/a><\/p>\n<ul class=\"pr__m-pt__lst is--active\" data-table-content=\"0\">\n<li class=\"pr__m-pt__lst__itm is--dropdown-open \" role=\"listitem\">\n<p>            <a href=\"https:\/\/prix.lesnums.com\/offer\/eyJwcmljZUlkIjo0MTQzNjEsInNpdGVJZCI6MSwib2ZmZXJJZCI6IjE2Mjc3IiwiZmVlZElkIjpudWxsfQ==\" class=\"pr__m-pt__lst__itm__lnk js-price-lead js-track-price-url\" data-source=\"TP\" data-track-action=\"Canal Plus\" data-track-label=\"Canal+\" data-track-brand=\"\" data-track-price=\"19.99\" data-variant=\"Clic prix sortant variant merged_offers_new_refurbished\" target=\"_blank\" rel=\"nofollow noopener\" aria-label=\"Voir l&#039;offre\" title=\"\"><\/p>\n<p>                    <img decoding=\"async\" src=\"https:\/\/www.europesays.com\/fr\/wp-content\/uploads\/2025\/04\/fav-canal_553bc13a.jpg\" alt=\"Canal Plus\" loading=\"lazy\" intrinsicsize=\"16x16\" width=\"16\" height=\"16\"\/><br \/>\n                    Canal Plus<\/p>\n<p>\n                19,99\u00a0\u20ac<\/p>\n<\/li>\n<ul>\n<li class=\"pr__m-pt__lst__itm is--in-dropdown\">\n<p>                        <a href=\"https:\/\/prix.lesnums.com\/offer\/eyJwcmljZUlkIjo0MTQzNjEsInNpdGVJZCI6MSwib2ZmZXJJZCI6IjE2Mjc3IiwiZmVlZElkIjpudWxsfQ==\" class=\"pr__m-pt__lst__itm__lnk js-price-lead js-track-price-url\" data-source=\"TP\" data-track-action=\"Canal Plus\" data-track-label=\"Canal+\" data-track-brand=\"\" data-track-price=\"19.99\" data-variant=\"Clic prix sortant variant merged_offers_new_refurbished\" target=\"_blank\" rel=\"nofollow noopener\" aria-label=\"Voir l&#039;offre\" title=\"\"><\/p>\n<p>                                                                            Canal Plus\u00a0Canal+<\/p>\n<p>\n                            19,99\u00a0\u20ac                        <\/p>\n<\/li>\n<li class=\"pr__m-pt__lst__itm is--in-dropdown\">\n<p>                            <a href=\"https:\/\/prix.lesnums.com\/offer\/eyJwcmljZUlkIjo0MTQzNjksInNpdGVJZCI6MSwib2ZmZXJJZCI6IjE2Mjc5IiwiZmVlZElkIjpudWxsfQ==\" class=\"pr__m-pt__lst__itm__lnk js-price-lead js-track-price-url\" data-source=\"TP\" data-track-action=\"Canal Plus\" data-track-label=\"Canal+\" data-track-brand=\"\" data-track-price=\"29.99\" data-variant=\"Clic prix sortant variant merged_offers_new_refurbished\" target=\"_blank\" rel=\"nofollow noopener\" aria-label=\"Voir l&#039;offre\" title=\"\"><\/p>\n<p>                                                                                    Canal Plus\u00a0Canal+ Cin\u00e9 S\u00e9ries<\/p>\n<p>\n                                29,99\u00a0\u20ac                            <\/p>\n<\/li>\n<li class=\"pr__m-pt__lst__itm is--in-dropdown\">\n<p>                            <a href=\"https:\/\/prix.lesnums.com\/offer\/eyJwcmljZUlkIjo0MTQzNzEsInNpdGVJZCI6MSwib2ZmZXJJZCI6IjE2MjgxIiwiZmVlZElkIjpudWxsfQ==\" class=\"pr__m-pt__lst__itm__lnk js-price-lead js-track-price-url\" data-source=\"TP\" data-track-action=\"Canal Plus\" data-track-label=\"Canal+\" data-track-brand=\"\" data-track-price=\"34.99\" data-variant=\"Clic prix sortant variant merged_offers_new_refurbished\" target=\"_blank\" rel=\"nofollow noopener\" aria-label=\"Voir l&#039;offre\" title=\"\"><\/p>\n<p>                                                                                    Canal Plus\u00a0Canal+ Sport<\/p>\n<p>\n                                34,99\u00a0\u20ac                            <\/p>\n<\/li>\n<\/ul>\n<\/ul>\n<ul class=\"pr__m-pt__lst\" data-table-content=\"138329\" role=\"list\">\n<li class=\"pr__m-pt__lst__itm is--dropdown-open \" role=\"listitem\">\n<p>            <a href=\"https:\/\/prix.lesnums.com\/offer\/eyJwcmljZUlkIjo0MTQzNjEsInNpdGVJZCI6MSwib2ZmZXJJZCI6IjE2Mjc3IiwiZmVlZElkIjpudWxsfQ==\" class=\"pr__m-pt__lst__itm__lnk js-price-lead js-track-price-url\" data-source=\"TP\" data-track-action=\"Canal Plus\" data-track-label=\"Canal+\" data-track-brand=\"\" data-track-price=\"19.99\" data-variant=\"Clic prix sortant variant merged_offers_new_refurbished\" target=\"_blank\" rel=\"nofollow noopener\" aria-label=\"Voir l&#039;offre\" title=\"\"><\/p>\n<p>                    <img decoding=\"async\" src=\"https:\/\/www.europesays.com\/fr\/wp-content\/uploads\/2025\/04\/fav-canal_553bc13a.jpg\" alt=\"Canal Plus\" loading=\"lazy\" intrinsicsize=\"16x16\" width=\"16\" height=\"16\"\/><br \/>\n                    Canal Plus<\/p>\n<p>\n                19,99\u00a0\u20ac<\/p>\n<\/li>\n<\/ul>\n<ul class=\"pr__m-pt__lst\" data-table-content=\"138333\" role=\"list\">\n<li class=\"pr__m-pt__lst__itm is--dropdown-open \" role=\"listitem\">\n<p>            <a href=\"https:\/\/prix.lesnums.com\/offer\/eyJwcmljZUlkIjo0MTQzNjksInNpdGVJZCI6MSwib2ZmZXJJZCI6IjE2Mjc5IiwiZmVlZElkIjpudWxsfQ==\" class=\"pr__m-pt__lst__itm__lnk js-price-lead js-track-price-url\" data-source=\"TP\" data-track-action=\"Canal Plus\" data-track-label=\"Canal+\" data-track-brand=\"\" data-track-price=\"29.99\" data-variant=\"Clic prix sortant variant merged_offers_new_refurbished\" target=\"_blank\" rel=\"nofollow noopener\" aria-label=\"Voir l&#039;offre\" title=\"\"><\/p>\n<p>                    <img decoding=\"async\" src=\"https:\/\/www.europesays.com\/fr\/wp-content\/uploads\/2025\/04\/fav-canal_553bc13a.jpg\" alt=\"Canal Plus\" loading=\"lazy\" intrinsicsize=\"16x16\" width=\"16\" height=\"16\"\/><br \/>\n                    Canal Plus<\/p>\n<p>\n                29,99\u00a0\u20ac<\/p>\n<\/li>\n<\/ul>\n<ul class=\"pr__m-pt__lst\" data-table-content=\"138335\" role=\"list\">\n<li class=\"pr__m-pt__lst__itm is--dropdown-open \" role=\"listitem\">\n<p>            <a href=\"https:\/\/prix.lesnums.com\/offer\/eyJwcmljZUlkIjo0MTQzNzEsInNpdGVJZCI6MSwib2ZmZXJJZCI6IjE2MjgxIiwiZmVlZElkIjpudWxsfQ==\" class=\"pr__m-pt__lst__itm__lnk js-price-lead js-track-price-url\" data-source=\"TP\" data-track-action=\"Canal Plus\" data-track-label=\"Canal+\" data-track-brand=\"\" data-track-price=\"34.99\" data-variant=\"Clic prix sortant variant merged_offers_new_refurbished\" target=\"_blank\" rel=\"nofollow noopener\" aria-label=\"Voir l&#039;offre\" title=\"\"><\/p>\n<p>                    <img decoding=\"async\" src=\"https:\/\/www.europesays.com\/fr\/wp-content\/uploads\/2025\/04\/fav-canal_553bc13a.jpg\" alt=\"Canal Plus\" loading=\"lazy\" intrinsicsize=\"16x16\" width=\"16\" height=\"16\"\/><br \/>\n                    Canal Plus<\/p>\n<p>\n                34,99\u00a0\u20ac<\/p>\n<\/li>\n<\/ul>\n<p>\n            Fonctionnement du tableau de prix\n        <\/p>\n<p>\n\tD\u00e9sactivez votre bloqueur de publicit\u00e9s pour acc\u00e9der \u00e0 tous les liens ci-dessus.\n<\/p>\n<p>            Publicit\u00e9, votre contenu continue ci-dessous<\/p>\n<p>        Publicit\u00e9<\/p>\n<p class=\"ed__a-p ed__bdy__l\">Envie de faire encore plus d&rsquo;\u00e9conomies ? D\u00e9couvrez <a href=\"https:\/\/www.lesnumeriques.com\/codes-promo.html\" rel=\"nofollow noopener\" target=\"_blank\">nos codes promo<\/a> s\u00e9lectionn\u00e9s pour vous.<\/p>\n","protected":false},"excerpt":{"rendered":"Coup de th\u00e9\u00e2tre dans les coulisses de la franchise Dexter : la s\u00e9rie sur les d\u00e9buts du tueur&hellip;\n","protected":false},"author":2,"featured_media":342775,"comment_status":"","ping_status":"","sticky":false,"template":"","format":"standard","meta":{"footnotes":""},"categories":[1356],"tags":[58,59,1011,27,252,1364],"class_list":{"0":"post-342774","1":"post","2":"type-post","3":"status-publish","4":"format-standard","5":"has-post-thumbnail","7":"category-television","8":"tag-divertissement","9":"tag-entertainment","10":"tag-fr","11":"tag-france","12":"tag-television","13":"tag-tv"},"share_on_mastodon":{"url":"https:\/\/pubeurope.com\/@fr\/115089366075351581","error":""},"_links":{"self":[{"href":"https:\/\/www.europesays.com\/fr\/wp-json\/wp\/v2\/posts\/342774","targetHints":{"allow":["GET"]}}],"collection":[{"href":"https:\/\/www.europesays.com\/fr\/wp-json\/wp\/v2\/posts"}],"about":[{"href":"https:\/\/www.europesays.com\/fr\/wp-json\/wp\/v2\/types\/post"}],"author":[{"embeddable":true,"href":"https:\/\/www.europesays.com\/fr\/wp-json\/wp\/v2\/users\/2"}],"replies":[{"embeddable":true,"href":"https:\/\/www.europesays.com\/fr\/wp-json\/wp\/v2\/comments?post=342774"}],"version-history":[{"count":0,"href":"https:\/\/www.europesays.com\/fr\/wp-json\/wp\/v2\/posts\/342774\/revisions"}],"wp:featuredmedia":[{"embeddable":true,"href":"https:\/\/www.europesays.com\/fr\/wp-json\/wp\/v2\/media\/342775"}],"wp:attachment":[{"href":"https:\/\/www.europesays.com\/fr\/wp-json\/wp\/v2\/media?parent=342774"}],"wp:term":[{"taxonomy":"category","embeddable":true,"href":"https:\/\/www.europesays.com\/fr\/wp-json\/wp\/v2\/categories?post=342774"},{"taxonomy":"post_tag","embeddable":true,"href":"https:\/\/www.europesays.com\/fr\/wp-json\/wp\/v2\/tags?post=342774"}],"curies":[{"name":"wp","href":"https:\/\/api.w.org\/{rel}","templated":true}]}}