{"id":342776,"date":"2025-08-25T12:18:09","date_gmt":"2025-08-25T12:18:09","guid":{"rendered":"https:\/\/www.europesays.com\/fr\/342776\/"},"modified":"2025-08-25T12:18:09","modified_gmt":"2025-08-25T12:18:09","slug":"rentree-radio-decouvrez-les-grilles-2025-2026-de-france-inter-rtl-rmc-et-europe-1","status":"publish","type":"post","link":"https:\/\/www.europesays.com\/fr\/342776\/","title":{"rendered":"Rentr\u00e9e radio : D\u00e9couvrez les grilles 2025\/2026 de France Inter, RTL, RMC et Europe 1"},"content":{"rendered":"<p>Ce lundi 25 ao\u00fbt sonne la rentr\u00e9e pour les radios. Les titulaires sont de retour ou prennent leurs fonctions dans certains cas, apr\u00e8s un \u00e9t\u00e9 de mercato agit\u00e9 du c\u00f4t\u00e9 de RTL notamment, et de la matinale de France Inter, remodel\u00e9e. D\u00e9couvrez ci-dessous les changements qui ont \u00e9t\u00e9 op\u00e9r\u00e9s et les programmes qui rempilent sur les principales radios g\u00e9n\u00e9ralistes.<\/p>\n<p>France Inter<\/p>\n<p>Du changement dans la matinale. Alors que les audiences affichent des niveaux records, \u00ab\u00a0La grande matinale\u00a0\u00bb, d\u00e9sormais programm\u00e9e de 7h \u00e0 11h, perd L\u00e9a Salam\u00e9, <a href=\"https:\/\/www.ozap.com\/actu\/lea-salame-quitte-france-inter-pour-reprendre-le-20-heures-de-france-2-apres-le-depart-danne-sophie-lapix\/650452\" rel=\"nofollow noopener\" target=\"_blank\">partie remplacer Anne-Sophie Lapix au \u00ab\u00a020 Heures\u00a0\u00bb de France 2<\/a>. Nicolas Demorand orchestrera les deux premi\u00e8res heures avec <a href=\"https:\/\/www.ozap.com\/actu\/je-voulais-absolument-travailler-avec-lui-nicolas-demorand-a-hate-de-co-animer-la-matinale-de-france-inter-avec-benjamin-duhamel\/650773\" rel=\"nofollow noopener\" target=\"_blank\">Benjamin Duhamel, transfuge de BFMTV<\/a>, \u00e0 ses c\u00f4t\u00e9s. Ce dernier assurera l&rsquo;interview de 7h50 avant le billet de Bertrand Chameroy, <a href=\"https:\/\/www.ozap.com\/actu\/france-inter-choisit-bertrand-chameroy-pour-remplacer-matthieu-noel-dans-la-matinale\/650575\" rel=\"nofollow noopener\" target=\"_blank\">qui succ\u00e8de dans l&rsquo;exercice \u00e0 Matthieu No\u00ebl<\/a>. Benjamin Duhamel reviendra ensuite pour \u00ab\u00a0Le grand entretien\u00a0\u00bb qu&rsquo;il m\u00e8nera de concert avec Nicolas Demorand \u00e0 8h20. Apr\u00e8s 9h, Sonia Devillers prendra le relais pour une deuxi\u00e8me partie \u00ab\u00a0plus magazine, culturelle et soci\u00e9tale\u00a0\u00bb. \u00c0 9h50, <a href=\"https:\/\/www.ozap.com\/actu\/france-inter-daphne-burki-decroche-une-interview-dans-la-grande-matinale-de-nicolas-demorand-et-sonia-devillers\/650858\" rel=\"nofollow noopener\" target=\"_blank\">Daphn\u00e9 B\u00fcrki fera son retour sur les ondes<\/a> en proposant chaque jour une interview avec de \u00ab\u00a0nouveaux talents\u00a0\u00bb. Autre changement \u00e0 noter : Florence Paracuellos, qui pr\u00e9sentait le journal le plus \u00e9cout\u00e9 de France, celui de 8h, <a href=\"https:\/\/www.ozap.com\/actu\/pas-facile-de-se-lever-a-1h40-pendant-sept-ans-voix-la-plus-ecoutee-de-france-inter-florence-paracuellos-quitte-la-matinale-de-nicolas-demorand-pour-une-autre-tranche-de-la-station\/650811\" rel=\"nofollow noopener\" target=\"_blank\">c\u00e8de sa place \u00e0 H\u00e9l\u00e8ne Fily<\/a>, qu&rsquo;elle remplacera \u00e0 19h. \u00c0 22h, le journaliste Mehdi Ma\u00efzi prendra les r\u00eanes d'\u00a0\u00bb\u00c0 la r\u00e9guli\u00e8re\u00a0\u00bb, une nouvelle \u00e9mission o\u00f9 il sera question de musique et de pop culture. Camille Diao arrive sur cette case le samedi pour parler de l&rsquo;actualit\u00e9 musicale.<\/p>\n<p><strong>Grille semaine :<\/strong><\/p>\n<p>5h -\u00ab\u00a0Le 5-7\u00a0\u00bb &#8211; Mathilde Munos (\u00ab\u00a0Le 5\/6\u00a0\u00bb le vendredi matin avec Marion L&rsquo;Hour)<br \/><strong>7h &#8211; \u00ab\u00a0La grande matinale\u00a0\u00bb &#8211; Nicolas Demorand et Sonia Devillers avec Benjamin Duhamel<\/strong><br \/>9h le vendredi &#8211; \u00ab\u00a0Tot\u00e9mic\u00a0\u00bb &#8211; Rebecca Manzoni<br \/>10h le vendredi &#8211; \u00ab\u00a0Grand bien vous fasse\u00a0\u00bb &#8211; Ali Rebeihi<br \/>11h &#8211; \u00ab\u00a0La bande originale\u00a0\u00bb &#8211; Nagui et Le\u00efla Kaddour-Boudadi<br \/>12h30 &#8211; \u00ab\u00a0Carnets de campagne\u00a0\u00bb &#8211; Doroth\u00e9e Barba<br \/>12h45 &#8211; \u00ab\u00a0Le jeu des 1.000 euros\u00a0\u00bb &#8211; Nicolas Stoufflet<br \/>13h &#8211; \u00ab\u00a0Le 13\/14\u00a0\u00bb &#8211; J\u00e9r\u00f4me Cadet<br \/><strong>14h &#8211; \u00ab\u00a0Le fil de l&rsquo;histoire\u00a0\u00bb &#8211; St\u00e9phanie Duncan<\/strong><br \/>14h15 &#8211; \u00ab\u00a0La Terre au carr\u00e9\u00a0\u00bb &#8211; Mathieu Vidard<br \/>15h &#8211; \u00ab\u00a0Affaires sensibles\u00a0\u00bb &#8211; Fabrice Drouelle<br \/>16h &#8211; \u00ab\u00a0Zoom zoom zen\u00a0\u00bb &#8211; Matthieu No\u00ebl<br \/>18h &#8211; \u00ab\u00a0Le 18\/20 &#8211; Un jour dans le monde\u00a0\u00bb &#8211; Fabienne Sint\u00e8s<br \/><strong>19h &#8211; \u00ab\u00a0Le journal de 19h\u00a0\u00bb &#8211; Florence Paracuellos<\/strong><br \/>19h20 &#8211; \u00ab\u00a0Le t\u00e9l\u00e9phone sonne\u00a0\u00bb &#8211; Fabienne Sint\u00e8s<br \/>20h05 &#8211; \u00ab\u00a0Les p&rsquo;tits bateaux\u00a0\u00bb &#8211; Camille Crosnier<br \/>20h10 &#8211; \u00ab\u00a0La 20e heure\u00a0\u00bb &#8211; Eva Bester<br \/>21h &#8211; \u00ab\u00a0Very good trip\u00a0\u00bb &#8211; Michka Assayas\u00a0<br \/><strong>22h &#8211;\u00a0\u00ab\u00a0\u00c0 la r\u00e9guli\u00e8re\u00a0\u00bb &#8211; Mehdi Ma\u00efzi<\/strong><\/p>\n<p><strong>Le samedi :<\/strong><\/p>\n<p>6h-9h &#8211; \u00ab\u00a0Le 6-9 week-end\u00a0\u00bb &#8211; Ali Baddou et Marion L&rsquo;Hour<br \/>9h &#8211; \u00ab\u00a0On n&rsquo;arr\u00eate pas l&rsquo;\u00e9co\u00a0\u00bb &#8211; Alexandra Bensa\u00efd<br \/>10h &#8211; \u00ab\u00a0On aura tout vu\u00a0\u00bb &#8211; Christine Masson, Laurent Delmas<br \/><strong>11h &#8211; \u00ab\u00a0Big Bang\u00a0\u00bb &#8211; Christophe Galfard<\/strong><br \/>12h &#8211; \u00ab\u00a0Le grand face-\u00e0-face\u00a0\u00bb &#8211; Thomas Sn\u00e9garoff<br \/>13h &#8211; \u00ab\u00a0Le journal\u00a0\u00bb &#8211; \u00c9ric Delvaux<br \/>13h20 &#8211; \u00ab\u00a0Quand les Dieux rodaient sur la Terre\u00a0\u00bb &#8211; Pierre Judet de la Combe<br \/>14h &#8211; \u00ab\u00a0Aux livres etc.\u00a0\u00bb &#8211; Lilia Hassaine<br \/>15h &#8211; \u00ab\u00a0Affaire sensibles\u00a0\u00bb &#8211; Fabrice Drouelle<br \/>16h &#8211; \u00ab\u00a0Zoom zoom zen\u00a0\u00bb &#8211; Le best of &#8211; Matthieu No\u00ebl<br \/>17h &#8211; \u00ab\u00a0La ballade\u00a0\u00bb &#8211; Vincent Josse<br \/>18h10 &#8211; \u00ab\u00a0En 6 dates cl\u00e9s\u00a0\u00bb &#8211; Thomas Sn\u00e9garoff<br \/>19h &#8211; \u00ab\u00a0Le journal\u00a0\u00bb &#8211; \u00c9ric Delvaux<br \/>19h20 &#8211; \u00ab\u00a0Bistroscopie\u00a0\u00bb &#8211; Charline Vanhoenacker<br \/>19h55 &#8211; \u00ab\u00a0Expression directe\u00a0\u00bb<br \/>20h05 &#8211; \u00ab\u00a0Les P&rsquo;tits bateaux\u00a0\u00bb &#8211; Camille Crosnier<br \/><strong>20h10 &#8211; \u00ab\u00a0Tapage\u00a0\u00bb &#8211; Camille Diao<\/strong><br \/>21h &#8211; \u00ab\u00a0La radio de&#8230;\u00a0\u00bb<\/p>\n<p><strong>Le dimanche :<\/strong><\/p>\n<p>6h-9h &#8211; \u00ab\u00a0Le 6-9 week-end\u00a0\u00bb &#8211; Ali Baddou et Marion L&rsquo;Hour<br \/>9h05 &#8211; \u00ab\u00a0Interception\u00a0\u00bb &#8211; Fabienne Sint\u00e8s<br \/>10h &#8211; \u00ab\u00a0Le masque et la plume\u00a0\u00bb &#8211; Rebecca Manzoni\u00a0<br \/>11h &#8211; \u00ab\u00a0On va d\u00e9guster\u00a0\u00bb &#8211; Fran\u00e7ois-R\u00e9gis Gaudry<br \/>12h &#8211; \u00ab\u00a0Questions politiques\u00a0\u00bb &#8211; Alexandra Bensa\u00efd<br \/>13h &#8211; \u00ab\u00a0Le journal\u00a0\u00bb &#8211; \u00c9ric Delvaux<br \/>13h20 &#8211; \u00ab\u00a0CO2 Mon amour\u00a0\u00bb &#8211; Denis Cheissoux<br \/>14h &#8211; \u00ab\u00a0L&rsquo;heure philo\u00a0\u00bb &#8211; Patricia Martin<br \/>15h &#8211; \u00ab\u00a0Affaires sensibles\u00a0\u00bb &#8211; Fabrice Drouelle<br \/>16h &#8211; \u00ab\u00a0Face \u00e0 l&rsquo;Histoire\u00a0\u00bb &#8211; Philippe Collin<br \/>17h &#8211; \u00ab\u00a0Le grand atelier\u00a0\u00bb &#8211; Vincent Josse<br \/><strong>18h10 &#8211; \u00ab\u00a0Studio Payet\u00a0\u00bb &#8211; Manu Payet<\/strong><br \/>19h &#8211; \u00ab\u00a0Le journal\u00a0\u00bb &#8211; \u00c9ric Delvaux<br \/>19h20 &#8211; \u00ab\u00a0Les admirations litt\u00e9raires\u00a0\u00bb<br \/>20h05 &#8211; \u00ab\u00a0Les P&rsquo;tits bateaux\u00a0\u00bb &#8211; Camille Crosnier<br \/>20h10 &#8211; \u00ab\u00a0Le masque et la plume\u00a0\u00bb &#8211; Rebecca Manzoni<br \/>21h &#8211; \u00ab\u00a0Le fil de l&rsquo;Histoire\u00a0\u00bb &#8211; St\u00e9phanie Duncan<\/p>\n<p>RTL<\/p>\n<p>Du c\u00f4t\u00e9 de RTL, Thomas Sotto animera d\u00e9sormais en solo la matinale. Amandine B\u00e9got, sa co-animatrice, migre sur la tranche du 12h30-14h, et sera \u00e0 la t\u00eate des \u00ab\u00a0Auditeurs ont la parole\u00a0\u00bb. L&rsquo;interview de 8h20 sera d\u00e9sormais assur\u00e9e par <a href=\"https:\/\/www.ozap.com\/actu\/apres-son-depart-de-bfmtv-marc-olivier-fogiel-rejoint-rtl-amandine-begot-quitte-la-matinale-de-la-station-pour-animer-la-tranche-de-la-mi-journee\/649993\" rel=\"nofollow noopener\" target=\"_blank\">Marc-Olivier Fogiel qui fait son grand retour \u00e0 la radio<\/a> et sur la station sur laquelle il a offici\u00e9 entre 2005 et 2008 puis entre 2012 et 2019. Faustine Bollaert prendra la suite de la matinale avec un nouveau rendez-vous testimonial intitul\u00e9 \u00ab\u00a0Un jour une vie\u00a0\u00bb entre 9h30 et 10h. Le gros coup de la station s&rsquo;appelle Anne-Sophie Lapix. La journaliste \u00e9vinc\u00e9e du \u00ab\u00a020 Heures\u00a0\u00bb de France 2 <a href=\"https:\/\/www.ozap.com\/actu\/ecartee-du-20-heures-de-france-2-anne-sophie-lapix-rejoint-rtl\/650394\" rel=\"nofollow noopener\" target=\"_blank\">sera \u00e0 la t\u00eate de \u00ab\u00a0RTL Soir\u00a0\u00bb<\/a> tranche auparavant anim\u00e9e par Yves Calvi, qui quitte la station. <a href=\"https:\/\/www.ozap.com\/actu\/apres-lechec-de-faustine-bollaert-a-20h-rtl-fait-appel-a-andre-dussollier-pour-relancer-la-case\/650750\" rel=\"nofollow noopener\" target=\"_blank\">Andr\u00e9 Dussollier fait \u00e9galement son arriv\u00e9e<\/a> pour une \u00e9mission de r\u00e9cits programm\u00e9e en soir\u00e9e, tout comme <a href=\"https:\/\/www.ozap.com\/actu\/la-perspective-de-me-challenger-est-excitante-3-ans-apres-son-depart-de-france-inter-augustin-trapenard-debarque-sur-rtl-a-la-rentree\/650653\" rel=\"nofollow noopener\" target=\"_blank\">Augustin Trapenard<\/a>, qui proposera une chronique dans la matinale le vendredi et une \u00e9mission culturelle hebdomadaire baptis\u00e9e \u00ab\u00a0Vari\u00e9t\u00e9s\u00a0\u00bb le samedi apr\u00e8s-midi. Alex Vizorek h\u00e9rite quant \u00e0 lui de la pr\u00e9sentation du jeu culte <a href=\"https:\/\/www.ozap.com\/actu\/rtl-bouleverse-ses-matinees-faustine-bollaert-decroche-une-nouvelle-emission-a-9h30-alex-vizorek-relance-le-jeu-quitte-ou-double\/650673\" rel=\"nofollow noopener\" target=\"_blank\">\u00ab\u00a0Quitte ou double\u00a0\u00bb<\/a>, qui revient tous les midis de la semaine entre 12h et 12h30. C\u00f4t\u00e9 sport, l&rsquo;ancienne voix du football de RMC <a href=\"https:\/\/www.ozap.com\/actu\/il-navait-pas-du-tout-envie-darreter-la-radio-apres-37-ans-sur-rmc-jean-resseguie-debarque-sur-rtl-a-la-rentree\/650814\" rel=\"nofollow noopener\" target=\"_blank\">Jean Ressegui\u00e9 a fait ses d\u00e9buts dans \u00ab\u00a0RTL Foot\u00a0\u00bb<\/a> mi-ao\u00fbt.<\/p>\n<p><strong>Grille semaine :<\/strong><\/p>\n<p>4h30 &#8211; \u00ab\u00a0RTL Petit Matin\u00a0\u00bb &#8211; J\u00e9r\u00f4me Florin et Marina Giraudeau<br \/><strong>7h &#8211; \u00ab\u00a0RTL Matin\u00a0\u00bb &#8211; Thomas Sotto<\/strong><br \/><strong>9h30 &#8211; \u00ab\u00a0Un jour une vie\u00a0\u00bb &#8211; Faustine Bollaert<\/strong><br \/>10h &#8211; \u00ab\u00a0\u00c7a peut vous arriver\u00a0\u00bb &#8211; Julien Courbet<br \/><strong>12h &#8211; \u00ab\u00a0Quitte ou double\u00a0\u00bb &#8211; Alex Vizorek<\/strong><br \/><strong>12h30 &#8211; \u00ab\u00a0RTL Midi\u00a0\u00bb et \u00ab\u00a0Les auditeurs ont la parole\u00a0\u00bb &#8211; Amandine B\u00e9got<\/strong><br \/>14h- \u00ab\u00a0L&rsquo;heure du crime\u00a0\u00bb &#8211; Jean-Alphonse Richard<br \/>15h &#8211; \u00ab\u00a0Entrez dans l&rsquo;histoire\u00a0\u00bb &#8211; Lor\u00e0nt Deutsch<br \/>15h30 &#8211; \u00ab\u00a0Les grosses t\u00eates\u00a0\u00bb &#8211; Laurent Ruquier<br \/><strong>18h &#8211; \u00ab\u00a0RTL Soir\u00a0\u00bb &#8211; Anne-Sophie Lapix (Vincent Parizot le vendredi)<\/strong><br \/><strong>19h15 &#8211; \u00ab\u00a0On refait le monde\u00a0\u00bb &#8211; Anne-Sophie Lapix<\/strong><br \/><strong>20h &#8211; \u00ab\u00a0Le grand r\u00e9cit\u00a0\u00bb &#8211; Andr\u00e9 Dussollier et Isabelle Choquet<\/strong><br \/>21h &#8211; \u00ab\u00a0Bonus Track\u00a0\u00bb &#8211; Eric Jean-Jean<br \/>22h &#8211; \u00ab\u00a0Parlons nous\u00a0\u00bb &#8211; Caroline Dublanche\u00a0<\/p>\n<p><strong>Le vendredi :<\/strong><\/p>\n<p><strong>19h15 &#8211; \u00ab\u00a0Ils refont la France &#8211; Vincent Parizot<\/strong><br \/>20h &#8211; \u00ab\u00a0RTL Foot\u00a0\u00bb &#8211; \u00c9ric Silvestro<br \/>23h &#8211; \u00ab\u00a0La collection\u00a0\u00bb &#8211; Georges Lang<br \/>00h &#8211; \u00ab\u00a0Les nocturnes\u00a0\u00bb &#8211; Georges Lang<\/p>\n<p><strong>Le samedi :<\/strong><\/p>\n<p>4h30 &#8211; \u00ab\u00a0RTL petit matin week-end\u00a0\u00bb &#8211; Vincent Perrot<br \/>6h &#8211; \u00ab\u00a0RTL matin week-end\u00a0\u00bb &#8211; St\u00e9phane Carpentier<br \/>9h15 &#8211; \u00ab\u00a0\u00c7a va beaucoup mieux l&rsquo;hebdo\u00a0\u00bb &#8211; Flavie Flament et Jimmy Mohamed<br \/>10h15 &#8211; \u00ab\u00a0Stop ou encore\u00a0\u00bb &#8211; Eric Jean-Jean<br \/>11h30 &#8211; \u00ab\u00a0On refait la t\u00e9l\u00e9\u00a0\u00bb &#8211; Eric Dussart et Jade<br \/><strong>12h30 &#8211; \u00ab\u00a0Le journal inattendu\u00a0\u00bb &#8211; St\u00e9phane Boudsocq<\/strong><br \/><strong>13h30 &#8211; \u00ab\u00a0Vari\u00e9t\u00e9s\u00a0\u00bb &#8211; Augustin Trapenard<\/strong><br \/>14h30 &#8211; \u00ab\u00a0Le grand studio RTL\u00a0\u00bb &#8211; Eric Jean-Jean\u00a0<br \/>18h &#8211; \u00ab\u00a0RTL Soir\u00a0\u00bb &#8211; Vincent Parizot\u00a0<br \/>19h &#8211; \u00ab\u00a0On refait le match\u00a0\u00bb &#8211; Philippe Sanfourche<br \/>20h30 &#8211; \u00ab\u00a0RTL Foot\u00a0\u00bb &#8211; \u00c9ric Silvestro<br \/>23h &#8211; \u00ab\u00a0La collection\u00a0\u00bb &#8211; Georges Lang<br \/>00h &#8211; \u00ab\u00a0Les nocturnes\u00a0\u00bb &#8211; Georges Lang<\/p>\n<p><strong>Le dimanche :<\/strong><\/p>\n<p>6h &#8211; \u00ab\u00a0RTL matin week-end\u00a0\u00bb &#8211; St\u00e9phane Carpentier<br \/>9h15 &#8211; \u00ab\u00a0Laissez-vous tenter\u00a0\u00bb &#8211; Anthony Martin et le service culture<br \/>10h15 &#8211; \u00ab\u00a0Stop ou encore\u00a0\u00bb &#8211; Eric Jean-Jean<br \/>12h &#8211; \u00ab\u00a0Le grand jury\u00a0\u00bb &#8211; Olivier Bost<br \/><strong>13h &#8211; \u00ab\u00a0Le grand r\u00e9cit\u00a0\u00bb &#8211; Andr\u00e9 Dussollier et Isabelle Choquet<\/strong><br \/>14h30 &#8211; \u00ab\u00a0Le bon dimanche show\u00a0\u00bb &#8211; Bruno Guillon<br \/>18h &#8211; \u00ab\u00a0RTL dimanche soir\u00a0\u00bb &#8211; Vincent Parizot<br \/>19h15 &#8211; \u00ab\u00a0On refait le sport\u00a0\u00bb &#8211; Isabelle Lang\u00e9<br \/>20h &#8211; \u00ab\u00a0RTL Foot\u00a0\u00bb &#8211; \u00c9ric Silvestro<\/p>\n<p>RMC<\/p>\n<p>Sur RMC, peu de changements au programme. Si ce n&rsquo;est que la pr\u00e9-matinale, co-diffus\u00e9e sur RMC Story, sera <a href=\"https:\/\/www.ozap.com\/actu\/apres-larret-de-c8-et-son-eviction-deurope-1-pascale-de-la-tour-du-pin-rebondit-en-decrochant-la-coanimation-de-la-prematinale-de-rmc\/651175\" rel=\"nofollow noopener\" target=\"_blank\">d\u00e9sormais anim\u00e9e par Pascale de La Tour du Pin<\/a> et Matthieu Belliard entre 5 et 7h. Estelle Denis, qui co-animera d\u00e9sormais sa tranche avec Charles Magnien, a fait fort en recrutant Jacques Legros, ex-joker du \u00ab\u00a013 Heures\u00a0\u00bb de TF1 dans sa bande de chroniqueurs d'\u00a0\u00bbEstelle Midi\u00a0\u00bb. Carine Galli fait aussi son arriv\u00e9e autour de la table et <a href=\"https:\/\/www.ozap.com\/actu\/apres-son-depart-de-la-chaine-lequipe-et-du-groupe-m6-carine-galli-debarque-sur-rmc\/650835\" rel=\"nofollow noopener\" target=\"_blank\">pr\u00e9sentera \u00e9galement \u00ab\u00a0L&rsquo;After Foot\u00a0\u00bb<\/a> le week-end. \u00c0 partir de minuit, les auditeurs retrouveront une toute nouvelle libre antenne, emmen\u00e9e par Julien Cazarre et Jean-Cristophe Drouet, intitul\u00e9e <a href=\"https:\/\/www.ozap.com\/actu\/julien-cazarre-quitte-rothen-s-enflamme-pour-lancer-une-libre-antenne-sur-rmc\/651261\" rel=\"nofollow noopener\" target=\"_blank\">\u00ab\u00a0Les nuits du Cazarre Encha\u00een\u00e9\u00a0\u00bb<\/a>. Fr\u00e9d\u00e9ric Hermel, longtemps correspondant en Espagne et bien connu des auditeurs pour ses participations \u00e0 \u00ab\u00a0L&rsquo;After Foot\u00a0\u00bb, \u00ab\u00a0Les grandes gueules\u00a0\u00bb ou encore \u00ab\u00a0Estelle Midi\u00a0\u00bb, <a href=\"https:\/\/www.ozap.com\/actu\/frederic-hermel-voix-historique-de-rmc-decroche-sa-propre-emission-sur-la-station\/651291\" rel=\"nofollow noopener\" target=\"_blank\">d\u00e9croche quant \u00e0 lui un nouveau rendez-vous<\/a> les samedis et dimanches matin de 6h \u00e0 7h, \u00ab\u00a0Bonjour c&rsquo;est Fred\u00a0\u00bb.\u00a0<\/p>\n<p><strong>Grille semaine :<\/strong><\/p>\n<p><strong>\u00ab\u00a05\/7 Le Morning\u00a0\u00bb &#8211; Pascale de La Tour du Pin et Matthieu Belliard<\/strong><br \/>7h &#8211; \u00ab\u00a0Apolline Matin\u00a0\u00bb &#8211; Apolline de Malherbe<br \/>9h &#8211; \u00ab\u00a0Les grandes gueules\u00a0\u00bb &#8211; Alain Marschall et Olivier Truchot<br \/>12h &#8211; \u00ab\u00a0Estelle Midi\u00a0\u00bb &#8211; Estelle Denis<br \/>15h &#8211; \u00ab\u00a0Super Moscato Show\u00a0\u00bb &#8211; Vincent Moscato<br \/>18h &#8211; \u00ab\u00a0Rothen s&rsquo;enflamme\u00a0\u00bb &#8211; J\u00e9r\u00f4me Rothen<br \/>20h &#8211; \u00ab\u00a0G\u00e9n\u00e9ration After\u00a0\u00bb &#8211; Nicolas Jamain<br \/>22h &#8211; \u00ab\u00a0After foot\u00a0\u00bb &#8211; Gilbert Brisbois, Daniel Riolo et Carine Galli<br \/><strong>00h &#8211; \u00ab\u00a0Les nuits du Cazarre Encha\u00een\u00e9\u00a0\u00bb &#8211; Julien Cazarre et Jean-Christophe Drouet<\/strong><\/p>\n<p><strong>Le samedi :<\/strong><\/p>\n<p><strong>6h &#8211; \u00ab\u00a0Bonjour c&rsquo;est Fred\u00a0\u00bb &#8211; Fr\u00e9d\u00e9ric Hermel<\/strong><br \/>7h &#8211; \u00ab\u00a0Ana\u00efs Matin\u00a0\u00bb &#8211; Ana\u00efs Castagna<br \/>9h &#8211; \u00ab\u00a0Les grandes gueules du sport\u00a0\u00bb &#8211; Georges Quirino et Christophe Cessieux<br \/>12h &#8211; \u00ab\u00a0Les paris RMC\u00a0\u00bb &#8211; Georges Quirino et Rolland Courbis<br \/>13h &#8211; \u00ab\u00a0Les courses RMC\u00a0\u00bb &#8211; Dimitri Blanleuil et Lionel Charbonnier<br \/>14h &#8211; \u00ab\u00a0Int\u00e9grale rugby\u00a0\u00bb &#8211; Alexandre Biggerstaff et Yann Delaigue<br \/>16h30 &#8211; \u00ab\u00a0Int\u00e9grale rugby\u00a0\u00bb &#8211; Christophe Cessieux et Yoann Huget<br \/>19h &#8211; \u00ab\u00a0Int\u00e9grale foot\u00a0\u00bb &#8211; Fran\u00e7ois Pinet et Rolland Courbis<br \/><strong>21h- \u00ab\u00a0After foot\u00a0\u00bb &#8211; Carine Galli<\/strong><\/p>\n<p><strong>Le dimanche :<\/strong><\/p>\n<p><strong>6h &#8211; \u00ab\u00a0Bonjour c&rsquo;est Fred\u00a0\u00bb &#8211; Fr\u00e9d\u00e9ric Hermel<\/strong><br \/>7h &#8211; \u00ab\u00a0Ana\u00efs Matin\u00a0\u00bb &#8211; Ana\u00efs Castagna<br \/>9h &#8211; \u00ab\u00a0Les grandes gueules du sport\u00a0\u00bb &#8211; Georges Quirino et Christophe Cessieux<br \/>12h &#8211; \u00ab\u00a0Les paris RMC\u00a0\u00bb &#8211; Georges Quirino<br \/>13h &#8211; \u00ab\u00a0Stephen Brunch\u00a0\u00bb &#8211; Stephen Brun et Alexandre Biggerstaff<br \/>15h &#8211; \u00ab\u00a0Int\u00e9grale sport\u00a0\u00bb &#8211; Christophe Cessieux et Rolland Courbis<br \/><strong>17h &#8211; \u00ab\u00a0Int\u00e9grale foot\u00a0\u00bb &#8211; Carine Galli et Jean-Pierre Papin<\/strong><br \/>19h30 &#8211; \u00ab\u00a0Bartoli Time\u00a0\u00bb &#8211; Marion Bartoli<br \/><strong>20h30 &#8211; \u00ab\u00a0After Live\u00a0\u00bb &#8211; Jean-Louis Tourre\u00a0<\/strong><br \/>23h &#8211; \u00ab\u00a0After Foot\u00a0\u00bb &#8211; Gilbert Brisbois et Daniel Riolo<\/p>\n<p>Europe 1<\/p>\n<p>Du c\u00f4t\u00e9 d&rsquo;Europe 1, St\u00e9phane Bern, qui a quitt\u00e9 la radio priv\u00e9e pour ICI (ex-France Bleu), est remplac\u00e9 par <a href=\"https:\/\/www.ozap.com\/actu\/europe-1-romain-desarbres-matinalier-de-cnews-et-marie-estelle-dupont-recuperent-la-tranche-de-stephane-bern\/650760\" rel=\"nofollow noopener\" target=\"_blank\">Romain Desarbres, matinalier de CNews, et Marie-Estelle Dupont<\/a>, psychologue clinicienne invit\u00e9e r\u00e9guli\u00e8re du canal 14. Ils animeront chaque jour entre 15 et 16h \u00ab\u00a0Et si on se parlait !\u00a0\u00bb. Autre changement \u00e0 noter, \u00ab\u00a0Pascal Praud &amp; vous\u00a0\u00bb, diffus\u00e9e entre 11h et 13h cette saison, change d&rsquo;horaire et prendra d\u00e8s la rentr\u00e9e la case de \u00ab\u00a0On marche sur la t\u00eate\u00a0\u00bb, l&rsquo;\u00e9mission de Cyril Hanouna, entre 16h et 18h. Pascal Praud gagnera par ailleurs une demi-heure d&rsquo;antenne sur Europe 1 le matin avec \u00ab\u00a0L&rsquo;heure des pros\u00a0\u00bb, dont la co-diffusion avec CNews s&rsquo;\u00e9tirera d\u00e9sormais de 9h \u00e0 10h (au lieu de 9h30 aujourd&rsquo;hui). Entre 11h30 et 13h il est <a href=\"https:\/\/www.ozap.com\/actu\/europe-1-choisit-christine-kelly-cnews-pour-remplacer-pascal-praud-de-11h-a-13h-a-la-rentree\/650584\" rel=\"nofollow noopener\" target=\"_blank\">remplac\u00e9 par Christine Kelly<\/a>, sa consoeur de CNews. Par cons\u00e9quent, \u00ab\u00a0Culture m\u00e9dias\u00a0\u00bb, l&rsquo;\u00e9mission pr\u00e9sent\u00e9e par Thomas Isle, sera propos\u00e9e entre 10h et 11h30.\u00a0<\/p>\n<p><strong>Grille semaine :<\/strong><\/p>\n<p>5h -\u00ab\u00a0Europe 1 Bonjour &#8211; Alexandre Le Mer, Marion Gagnot<br \/>7h &#8211; \u00ab\u00a0Europe 1 Matin\u00a0\u00bb &#8211; Dimitri Pavlenko, Anissa Haddadi &#8211; 8h10 \u00ab\u00a0La grande interview de Sonia Mabrouk\u00a0\u00bb (Romain Desarbres le vendredi)<br \/>9h &#8211; \u00ab\u00a0L&rsquo;heure des pros\u00a0\u00bb &#8211; Pascal Praud\u00a0<br \/>10h &#8211; \u00ab\u00a0Culture m\u00e9dias\u00a0\u00bb &#8211; Thomas Isle<br \/><strong>11h &#8211; \u00ab\u00a0Christine Kelly et vous\u00a0\u00bb &#8211; Christine Kelly\u00a0<\/strong><br \/><strong>13h &#8211; \u00ab\u00a0Europe 1 Info\u00a0\u00bb &#8211; Cl\u00e9lie Mathias<\/strong><br \/><strong>14h30 &#8211; \u00ab\u00a0Europe 1 sant\u00e9\u00a0\u00bb &#8211; Cl\u00e9lie Mathias et Brigitte Millot<\/strong><br \/><strong>15h &#8211; \u00ab\u00a0Et si on se parlait !\u00a0\u00bb &#8211; Romain Desarbres et Marie-Estelle Dupont<\/strong><br \/><strong>16h &#8211; \u00ab\u00a0Pascal Praud &amp; vous\u00a0\u00bb &#8211; Pascal Praud<\/strong><br \/>18h &#8211; \u00ab\u00a0Punchline\u00a0\u00bb &#8211; Laurence Ferrari\u00a0<br \/>19h &#8211; \u00ab\u00a0Europe 1 Soir\u00a0\u00bb &#8211; Pierre de Vilno\u00a0<br \/>21h &#8211; \u00ab\u00a0La France Bouge\u00a0\u00bb &#8211; Elisabeth Assayag\u00a0<br \/>22h &#8211; \u00ab\u00a0Europe 1 Nuit\u00a0\u00bb &#8211; Ma\u00ebl Hassani<br \/>22h30 &#8211; \u00ab\u00a0Les ann\u00e9es Top 50\u00a0\u00bb &#8211; Ombline Roche\u00a0<br \/>22h30 &#8211; \u00ab\u00a0La libre antenne\u00a0\u00bb &#8211; Roland Perez (Val\u00e9rie Darmon du vendredi au dimanche)<\/p>\n<p><strong>Le vendredi :<\/strong><\/p>\n<p><strong>19h &#8211; \u00ab\u00a0Europe 1 Soir week-end\u00a0\u00bb &#8211; St\u00e9phanie de Muru<\/strong><br \/>21h &#8211; \u00ab\u00a0Le studio des l\u00e9gendes\u00a0\u00bb &#8211; Jacques Vendroux<\/p>\n<p><strong>Le samedi :<\/strong><\/p>\n<p><strong>6h &#8211; \u00ab\u00a0Europe 1 Matin week-end\u00a0\u00bb &#8211; Alexis de La Fl\u00e9ch\u00e8re<\/strong><br \/>9h &#8211; \u00ab\u00a0C&rsquo;est arriv\u00e9 cette semaine\u00a0\u00bb &#8211; Fr\u00e9d\u00e9ric Tadde\u00ef\u00a0<br \/>10h &#8211; \u00ab\u00a0Face \u00e0 Philippe de Villiers\u00a0\u00bb &#8211; Philippe de Villiers et Eliot Deval<br \/><strong>11h &#8211; \u00ab\u00a0Eliot Deval et vous\u00a0\u00bb &#8211; Eliot Deval<\/strong><br \/>13h &#8211; \u00ab\u00a0Face \u00e0 Michel Onfray\u00a0\u00bb &#8211; Michel Onfray<br \/><strong>14h &#8211; \u00ab\u00a0C\u0153urs et Ames\u00a0\u00bb &#8211; Gr\u00e9gory Turpin<\/strong><br \/><strong>15h &#8211; \u00ab\u00a0Les apr\u00e8s-midi crimes\u00a0\u00bb<\/strong><br \/>16h &#8211; \u00ab\u00a0Les histoires d&rsquo;amour extraordinaires\u00a0\u00bb &#8211; Sophie Davant<br \/>17h &#8211; \u00a0\u00ab\u00a0Balades en France\u00a0\u00bb &#8211; William Leymergie<br \/>18h &#8211; \u00ab\u00a0Clap !\u00a0\u00bb &#8211; Laurie Cholewa\u00a0<br \/><strong>19h &#8211; \u00ab\u00a0Europe 1 Soir week-end\u00a0\u00bb &#8211; St\u00e9phanie de Muru<\/strong><br \/><strong>21h &#8211; \u00ab\u00a0Les ann\u00e9es Top 50\u00a0\u00bb &#8211; Ombline Roche<\/strong><br \/><strong>22h &#8211; \u00ab\u00a0Europe 1 nuit week-end\u00a0\u00bb &#8211; Ma\u00ebl Laurent<\/strong><br \/><strong>22h30 &#8211; \u00ab\u00a0Libre antenne week-end\u00a0\u00bb &#8211; Val\u00e9rie Darmon<\/strong><\/p>\n<p><strong>Le dimanche :<\/strong><\/p>\n<p><strong>6h &#8211; \u00ab\u00a0Europe 1 Matin week-end\u00a0\u00bb &#8211; Alexis de La Fl\u00e9ch\u00e8re<\/strong><br \/>9h &#8211; \u00ab\u00a0C&rsquo;est arriv\u00e9 demain\u00a0\u00bb &#8211; Fr\u00e9d\u00e9ric Tadde\u00ef\u00a0<br \/>10h &#8211; \u00ab\u00a0Le grand rendez-vous\u00a0\u00bb &#8211; Pierre de Vilno\u00a0<br \/><strong>11h &#8211; \u00ab\u00a0Eliot Deval et vous\u00a0\u00bb &#8211; Eliot Deval<\/strong><br \/>13h &#8211; \u00ab\u00a0En qu\u00eate d&rsquo;esprit\u00a0\u00bb &#8211; Aymeric Pourbaix<br \/><strong>14h &#8211; \u00ab\u00a0Le poulet du dimanche\u00a0\u00bb &#8211; Sophie d&rsquo;Aulan et Guillaume Benech<\/strong><br \/><strong>15h &#8211; \u00ab\u00a0Les apr\u00e8s-midi Histoire\u00a0\u00bb<\/strong><br \/>16h &#8211; \u00ab\u00a0Les histoires d&rsquo;amour extraordinaires\u00a0\u00bb &#8211; Sophie Davant<br \/>17h &#8211; \u00ab\u00a0Dis-moi ce que tu chantes\u00a0\u00bb &#8211; Didier Barbelivien<br \/><strong>18h &#8211; \u00ab\u00a0La voix est livre\u00a0\u00bb &#8211; Nicolas Carreau<\/strong><br \/><strong>19h &#8211; \u00ab\u00a0Europe 1 Soir week-end\u00a0\u00bb &#8211; St\u00e9phanie de Muru<\/strong><br \/><strong>21h &#8211; \u00ab\u00a0Les ann\u00e9es Top 50\u00a0\u00bb &#8211; Ombline Roche<\/strong><br \/><strong>22h &#8211; \u00ab\u00a0Europe 1 nuit week-end\u00a0\u00bb &#8211; Ma\u00ebl Laurent<\/strong><br \/><strong>22h30 &#8211; \u00ab\u00a0Libre antenne week-end\u00a0\u00bb &#8211; Val\u00e9rie Darmon<\/strong><\/p>\n","protected":false},"excerpt":{"rendered":"Ce lundi 25 ao\u00fbt sonne la rentr\u00e9e pour les radios. Les titulaires sont de retour ou prennent leurs&hellip;\n","protected":false},"author":2,"featured_media":342777,"comment_status":"","ping_status":"","sticky":false,"template":"","format":"standard","meta":{"footnotes":""},"categories":[1355],"tags":[58,59,1011,27,1361,873],"class_list":{"0":"post-342776","1":"post","2":"type-post","3":"status-publish","4":"format-standard","5":"has-post-thumbnail","7":"category-musique","8":"tag-divertissement","9":"tag-entertainment","10":"tag-fr","11":"tag-france","12":"tag-music","13":"tag-musique"},"share_on_mastodon":{"url":"https:\/\/pubeurope.com\/@fr\/115089369045047948","error":""},"_links":{"self":[{"href":"https:\/\/www.europesays.com\/fr\/wp-json\/wp\/v2\/posts\/342776","targetHints":{"allow":["GET"]}}],"collection":[{"href":"https:\/\/www.europesays.com\/fr\/wp-json\/wp\/v2\/posts"}],"about":[{"href":"https:\/\/www.europesays.com\/fr\/wp-json\/wp\/v2\/types\/post"}],"author":[{"embeddable":true,"href":"https:\/\/www.europesays.com\/fr\/wp-json\/wp\/v2\/users\/2"}],"replies":[{"embeddable":true,"href":"https:\/\/www.europesays.com\/fr\/wp-json\/wp\/v2\/comments?post=342776"}],"version-history":[{"count":0,"href":"https:\/\/www.europesays.com\/fr\/wp-json\/wp\/v2\/posts\/342776\/revisions"}],"wp:featuredmedia":[{"embeddable":true,"href":"https:\/\/www.europesays.com\/fr\/wp-json\/wp\/v2\/media\/342777"}],"wp:attachment":[{"href":"https:\/\/www.europesays.com\/fr\/wp-json\/wp\/v2\/media?parent=342776"}],"wp:term":[{"taxonomy":"category","embeddable":true,"href":"https:\/\/www.europesays.com\/fr\/wp-json\/wp\/v2\/categories?post=342776"},{"taxonomy":"post_tag","embeddable":true,"href":"https:\/\/www.europesays.com\/fr\/wp-json\/wp\/v2\/tags?post=342776"}],"curies":[{"name":"wp","href":"https:\/\/api.w.org\/{rel}","templated":true}]}}