{"id":342778,"date":"2025-08-25T12:19:11","date_gmt":"2025-08-25T12:19:11","guid":{"rendered":"https:\/\/www.europesays.com\/fr\/342778\/"},"modified":"2025-08-25T12:19:11","modified_gmt":"2025-08-25T12:19:11","slug":"gros-bide-pour-le-film-maudit-eden-malgre-son-enorme-casting-hollywoodien","status":"publish","type":"post","link":"https:\/\/www.europesays.com\/fr\/342778\/","title":{"rendered":"Gros bide pour le film maudit Eden, malgr\u00e9 son \u00e9norme casting hollywoodien"},"content":{"rendered":"<p><strong>Malgr\u00e9 un casting ultra prestigieux et l\u2019exp\u00e9rience de son r\u00e9alisateur <a href=\"https:\/\/www.ecranlarge.com\/personnalite\/654456-ron-howard\" data-type=\"people\" data-id=\"1447\" rel=\"nofollow noopener\" target=\"_blank\">Ron Howard<\/a>, le survival <a href=\"https:\/\/www.ecranlarge.com\/films\/eden\" data-type=\"films\" data-id=\"1209482\" rel=\"nofollow noopener\" target=\"_blank\">Eden <\/a>a tr\u00e8s mal d\u00e9marr\u00e9 au box-office.<\/strong><\/p>\n<p><a href=\"https:\/\/www.ecranlarge.com\/personnalite\/953629-ana-de-armas\" data-type=\"people\" data-id=\"472091\" rel=\"nofollow noopener\" target=\"_blank\">Ana de Armas<\/a>, <a href=\"https:\/\/www.ecranlarge.com\/personnalite\/653234-jude-law\" data-type=\"people\" data-id=\"5877\" rel=\"nofollow noopener\" target=\"_blank\">Jude Law<\/a>, <a href=\"https:\/\/www.ecranlarge.com\/personnalite\/807121-vanessa-kirby\" data-type=\"people\" data-id=\"442005\" rel=\"nofollow noopener\" target=\"_blank\">Vanessa Kirby<\/a>, <a href=\"https:\/\/www.ecranlarge.com\/personnalite\/658622-daniel-bruehl\" data-type=\"people\" data-id=\"310181\" rel=\"nofollow noopener\" target=\"_blank\">Daniel Br\u00fchl<\/a> et <a href=\"https:\/\/www.ecranlarge.com\/personnalite\/812481-sydney-sweeney\" data-type=\"people\" data-id=\"446675\" rel=\"nofollow noopener\" target=\"_blank\">Sydney Sweeney<\/a> sur une \u00eele des Gal\u00e1pagos : c\u2019est un doux r\u00eave pour tout producteur am\u00e9ricain qui se respecte, surtout sous la direction d\u2019un r\u00e9alisateur comme Ron Howard, vieux briscard du cin\u00e9ma hollywoodien populaire derri\u00e8re <strong>Cocoon<\/strong>, <strong>Willow<\/strong>, <strong>Apollo 13<\/strong>, <strong>Un homme d\u2019exception<\/strong>, <strong>Da Vinci Code<\/strong> ou encore <strong>Rush<\/strong>. Cerise sur le g\u00e2teau : l\u2019intrigue est inspir\u00e9e d\u2019une histoire vraie, celle de colons europ\u00e9ens venus se mettre au vert loin de la civilisation occidentale et qui ont fini par se mettre sur la tronche.<\/p>\n<p>                    <img decoding=\"async\" alt=\"\" class=\"wp-image-518375\" style=\"object-fit:cover;width:25px;height:25px\" src=\"https:\/\/www.ecranlarge.com\/content\/uploads\/2023\/09\/arrow-right-circle.svg\"\/><\/p>\n<p>Pourtant, <strong>Eden <\/strong>(qui b\u00e9n\u00e9ficie \u00e9galement d\u2019une musique de Hans Zimmer !) est loin de partir \u00e0 la conqu\u00eate du box-office, bien au contraire. <strong>Mais les choses sont un peu plus compliqu\u00e9es que \u00e7a<\/strong>.<\/p>\n<p><a href=\"https:\/\/www.ecranlarge.com\/content\/uploads\/2025\/06\/8a516b685ef59a7cc31ba249faffe6f7.jpg\" rel=\"nofollow noopener\" target=\"_blank\"><img loading=\"lazy\" decoding=\"async\" alt=\"Jude Law, Vanessa Kirby, Eden\" class=\"wp-image-1320003\" src=\"https:\/\/www.europesays.com\/fr\/wp-content\/uploads\/2025\/08\/8a516b685ef59a7cc31ba249faffe6f7-1260x840.jpg\" width=\"1260\" height=\"840\"  \/><\/a>Qu\u2019est ce qui pourrait mal se passer ?De l\u2019Eden \u00e0 l\u2019enfer<\/p>\n<p><strong>Eden <\/strong>est sorti le 22 ao\u00fbt aux \u00c9tats-Unis et <strong>il a amass\u00e9 pour son premier week-end d\u2019exploitation un peu plus de 1 million de dollars<\/strong>. Probl\u00e8me : il en a co\u00fbt\u00e9 55 millions selon Deadline. Autant dire qu\u2019il n\u2019a aucune chance de rembourser son budget gr\u00e2ce \u00e0 son exploitation en salles. Mais alors que s\u2019est-il pass\u00e9 pour qu\u2019une production avec un tel casting rapporte si peu ?<\/p>\n<p>En r\u00e9alit\u00e9, il revient de loin. Le long-m\u00e9trage a \u00e9t\u00e9 projet\u00e9 en avant-premi\u00e8re et en grande pompe au festival international du film de Toronto le 7 septembre 2024. Toutefois, la projection a \u00e9t\u00e9 suivie de critiques assez ti\u00e8des et <strong>il lui a fallu huit mois avant de trouver un distributeur<\/strong>, Vertical Entertainment. La structure a d\u00e9cid\u00e9 de tout de m\u00eame sortir le film en salles sur une fen\u00eatre exclusive de 30 jours avant de le balancer en PVOD (Premium VOD). Prudente, elle lui a allou\u00e9 un parc de salles tr\u00e8s limit\u00e9 : 664 salles.<\/p>\n<p><a href=\"https:\/\/www.ecranlarge.com\/content\/uploads\/2025\/06\/68f31d304a6eefce1d20516f9b621cf6.jpg\" rel=\"nofollow noopener\" target=\"_blank\"><img loading=\"lazy\" decoding=\"async\" alt=\"Ana de Armas, Felix Kammerer, Toby Wallace, Eden\" class=\"wp-image-1320004\" src=\"https:\/\/www.europesays.com\/fr\/wp-content\/uploads\/2025\/08\/68f31d304a6eefce1d20516f9b621cf6-1260x840.jpg\" width=\"1260\" height=\"840\"  \/><\/a>Quand Amazon a propos\u00e9 un deal<\/p>\n<p>Deadline, qui le consid\u00e8re comme \u00ab\u00a0un cas d\u2019\u00e9cole du march\u00e9 de distribution cin\u00e9ma post-pand\u00e9mie\u00a0\u00bb, refuse d\u2019utiliser le mot \u00ab\u00a0bide\u00a0\u00bb.<strong> A priori, les producteurs miseraient sur d\u2019autres revenus<\/strong>. La moiti\u00e9 des territoires \u00e9trangers ont \u00e9t\u00e9 vendus \u00e0 Amazon Prime Video pour la premi\u00e8re fen\u00eatre de sortie. Le parterre de vedettes \u00e0 l\u2019affiche aura peut-\u00eatre plus de chances sur les \u00e9crans de t\u00e9l\u00e9vision. Toujours selon le m\u00e9dia am\u00e9ricain, <strong>Eden <\/strong>a b\u00e9n\u00e9fici\u00e9 d\u2019un \u00e9norme cr\u00e9dit d\u2019imp\u00f4t australien qui a r\u00e9duit les co\u00fbts r\u00e9els \u00e0 35 millions de dollars.<\/p>\n<p>En tout, AGC Studios aurait lev\u00e9 26 millions de dollars gr\u00e2ce aux ventes \u00e0 l\u2019\u00e9tranger lors du festival de Cannes 2024, ne laissant que 9 millions de dollars \u00e0 rembourser. Cela suffira-t-il \u00e0 en faire une op\u00e9ration rentable ? <strong>On ne le saura probablement jamais<\/strong>, car si l\u2019existence du film se joue effectivement sur les plateformes de SVOD am\u00e9ricaines, avec qui Vertical et AGC seraient en train de n\u00e9gocier, leurs chiffres sont trop rares et trop opaques pour en tirer des conclusions. En France, aucune date de sortie n\u2019a \u00e9t\u00e9 annonc\u00e9e.<\/p>\n","protected":false},"excerpt":{"rendered":"Malgr\u00e9 un casting ultra prestigieux et l\u2019exp\u00e9rience de son r\u00e9alisateur Ron Howard, le survival Eden a tr\u00e8s mal&hellip;\n","protected":false},"author":2,"featured_media":342779,"comment_status":"","ping_status":"","sticky":false,"template":"","format":"standard","meta":{"footnotes":""},"categories":[1354],"tags":[58,59,1346,1011,27,1360],"class_list":{"0":"post-342778","1":"post","2":"type-post","3":"status-publish","4":"format-standard","5":"has-post-thumbnail","7":"category-films","8":"tag-divertissement","9":"tag-entertainment","10":"tag-films","11":"tag-fr","12":"tag-france","13":"tag-movies"},"share_on_mastodon":{"url":"https:\/\/pubeurope.com\/@fr\/115089373131127759","error":""},"_links":{"self":[{"href":"https:\/\/www.europesays.com\/fr\/wp-json\/wp\/v2\/posts\/342778","targetHints":{"allow":["GET"]}}],"collection":[{"href":"https:\/\/www.europesays.com\/fr\/wp-json\/wp\/v2\/posts"}],"about":[{"href":"https:\/\/www.europesays.com\/fr\/wp-json\/wp\/v2\/types\/post"}],"author":[{"embeddable":true,"href":"https:\/\/www.europesays.com\/fr\/wp-json\/wp\/v2\/users\/2"}],"replies":[{"embeddable":true,"href":"https:\/\/www.europesays.com\/fr\/wp-json\/wp\/v2\/comments?post=342778"}],"version-history":[{"count":0,"href":"https:\/\/www.europesays.com\/fr\/wp-json\/wp\/v2\/posts\/342778\/revisions"}],"wp:featuredmedia":[{"embeddable":true,"href":"https:\/\/www.europesays.com\/fr\/wp-json\/wp\/v2\/media\/342779"}],"wp:attachment":[{"href":"https:\/\/www.europesays.com\/fr\/wp-json\/wp\/v2\/media?parent=342778"}],"wp:term":[{"taxonomy":"category","embeddable":true,"href":"https:\/\/www.europesays.com\/fr\/wp-json\/wp\/v2\/categories?post=342778"},{"taxonomy":"post_tag","embeddable":true,"href":"https:\/\/www.europesays.com\/fr\/wp-json\/wp\/v2\/tags?post=342778"}],"curies":[{"name":"wp","href":"https:\/\/api.w.org\/{rel}","templated":true}]}}