{"id":342780,"date":"2025-08-25T12:20:11","date_gmt":"2025-08-25T12:20:11","guid":{"rendered":"https:\/\/www.europesays.com\/fr\/342780\/"},"modified":"2025-08-25T12:20:11","modified_gmt":"2025-08-25T12:20:11","slug":"a-63-ans-il-commence-a-sentir-des-odeurs-etranges-et-sen-inquiete-cetait-le-signe-dun-cancer-incurable","status":"publish","type":"post","link":"https:\/\/www.europesays.com\/fr\/342780\/","title":{"rendered":"\u00c0 63 ans, il commence \u00e0 sentir des odeurs \u00e9tranges et s&rsquo;en inqui\u00e8te, c&rsquo;\u00e9tait le signe d&rsquo;un cancer incurable"},"content":{"rendered":"<p>Pendant plusieurs mois, Steve Turnbull sent des odeurs \u00e9tranges sans raison apparente. Lors du nouvel an 2024, il vomit subitement apr\u00e8s avoir go\u00fbt\u00e9 une sauce. \u00ab\u00a0Quelques jours apr\u00e8s l&rsquo;incident de la sauce, j&rsquo;ai souffl\u00e9 une bougie et j&rsquo;ai \u00e9t\u00e9 frapp\u00e9 par une \u00e9trange odeur de barbe \u00e0 papa. Puis j&rsquo;ai \u00e9t\u00e9 \u00e0 nouveau malade. C&rsquo;est devenu une habitude\u00a0\u00bb, raconte l&rsquo;homme de 63 ans cit\u00e9 par <a data-i13n=\"cpos:1;pos:1\" href=\"https:\/\/www.mirror.co.uk\/news\/health\/i-could-randomly-smell-candy-35777193\" rel=\"nofollow noopener\" target=\"_blank\" data-ylk=\"slk:Mirror;cpos:1;pos:1;elm:context_link;itc:0;sec:content-canvas\" class=\"link \">Mirror<\/a>. Et de compl\u00e9ter : \u00ab\u00a0J&rsquo;avais aussi des probl\u00e8mes de vue. \u00c0 cette \u00e9poque, on m&rsquo;a adress\u00e9 vers un gastro-ent\u00e9rologue. Nous ne savions pas ce qu&rsquo;il se passait\u00a0\u00bb.<\/p>\n<p><strong>LIRE AUSSI &gt;&gt; <\/strong><a data-i13n=\"cpos:2;pos:1\" href=\"https:\/\/fr.news.yahoo.com\/a-40-ans-et-apparemment-en-parfaite-sante-il-apprend-quil-est-atteint-du-cancer-au-cerveau-le-plus-agressif-094040592.html\" data-ylk=\"slk:\u00c0 40 ans et &quot;apparemment en parfaite sant\u00e9&quot;, il apprend qu\u2019il est atteint du cancer au cerveau le plus agressif;cpos:2;pos:1;elm:context_link;itc:0;sec:content-canvas;outcm:mb_qualified_link;_E:mb_qualified_link;ct:story;\" class=\"link  yahoo-link\" target=\"_blank\" rel=\"noopener\">\u00c0 40 ans et \u00ab\u00a0apparemment en parfaite sant\u00e9\u00a0\u00bb, il apprend qu\u2019il est atteint du cancer au cerveau le plus agressif<\/a><\/p>\n<p>Au fil du temps, il commence \u00e0 trouver \u00e9trange de sentir des odeurs particuli\u00e8res puis de vomir subitement. Il consulte son m\u00e9decin g\u00e9n\u00e9raliste qui pense qu&rsquo;il s&rsquo;agit d&rsquo;une migraine. Il lui prescrit un m\u00e9dicament mais cela ne fonctionne pas. Quelques mois plus tard, les choses s&rsquo;aggravent lors du mariage de sa fille. \u00ab\u00a0J&rsquo;ai prononc\u00e9 un discours et je l&rsquo;ai accompagn\u00e9e jusqu&rsquo;\u00e0 l&rsquo;autel. Le soir venu, je perdais l&rsquo;\u00e9quilibre, j&rsquo;avais des difficult\u00e9s \u00e0 articuler et un c\u00f4t\u00e9 de ma bouche s&rsquo;est fig\u00e9. Je ne bois pas, alors tout le monde savait que quelque chose n&rsquo;allait pas.\u00a0\u00bb Dans un premier temps, les m\u00e9decins ont suspect\u00e9 un accident vasculaire c\u00e9r\u00e9bral.<\/p>\n<p>Des odeurs \u00e9tranges<\/p>\n<p>La r\u00e9alit\u00e9 est toute autre. Une IRM r\u00e9alis\u00e9e en juin 2024 d\u00e9voile la pr\u00e9sence d&rsquo;une tumeur c\u00e9r\u00e9brale de la taille d&rsquo;une balle de tennis de table. Il re\u00e7oit alors un diagnostic de glioblastome. \u00ab\u00a0Le diagnostic d&rsquo;une tumeur c\u00e9r\u00e9brale agressive \u00e9tait une r\u00e9alit\u00e9 terrifiante. Si mon histoire aide quelqu&rsquo;un \u00e0 exiger un scanner lorsqu&rsquo;il ressent quelque chose d&rsquo;anormal, elle m\u00e9rite d&rsquo;\u00eatre racont\u00e9e. Ces premiers sympt\u00f4mes, comme des odeurs \u00e9tranges et des naus\u00e9es soudaines, pourraient parler \u00e0 d&rsquo;autres personnes.\u00a0\u00bb<\/p>\n<p>Le 12 juillet, il r\u00e9alise une intervention chirurgicale qui vise \u00e0 retirer la plus grande partie possible de la tumeur. \u00ab\u00a0Ils ont \u00e9t\u00e9 honn\u00eates d\u00e8s le d\u00e9but. L&rsquo;objectif n&rsquo;\u00e9tait pas de me gu\u00e9rir, mais de r\u00e9duire la tumeur, de g\u00e9rer les sympt\u00f4mes et de prolonger la stabilit\u00e9. Alors que nous pensions que la situation s&rsquo;am\u00e9liorait, l&rsquo;anatomopathologie a confirm\u00e9 que j&rsquo;\u00e9tais atteint d&rsquo;un glioblastome, une forme agressive et canc\u00e9reuse de tumeur c\u00e9r\u00e9brale.\u00a0\u00bb Au total, il suit 30 s\u00e9ances de radioth\u00e9rapie et une chimioth\u00e9rapie pour contr\u00f4ler la taille de la tumeur. \u00ab\u00a0Cette tumeur ne dispara\u00eetra pas, mais nous ne baissons pas les bras. Je ferai tout ce qu&rsquo;il faudra \u2013 des essais cliniques, des voyages, n&rsquo;importe quoi \u2013 pour aider les autres \u00e0 l&rsquo;avenir.\u00a0\u00bb<\/p>\n<p><strong>LIRE AUSSI &gt;&gt;<\/strong> <a data-i13n=\"cpos:3;pos:1\" href=\"https:\/\/fr.news.yahoo.com\/on-me-disait-que-jetais-hypocondriaque--une-vingtaine-de-medecins-ont-ignore-ses-symptomes-elle-souffrait-en-realite-dun-cancer-de-stade-quatre-094827992.html\" data-ylk=\"slk:&quot;On me disait que j&#039;\u00e9tais hypocondriaque&quot; : une vingtaine de m\u00e9decins ont ignor\u00e9 ses sympt\u00f4mes, elle souffrait en r\u00e9alit\u00e9 d&#039;un cancer de stade quatre;cpos:3;pos:1;elm:context_link;itc:0;sec:content-canvas;outcm:mb_qualified_link;_E:mb_qualified_link;ct:story;\" class=\"link  yahoo-link\" target=\"_blank\" rel=\"noopener\">\u00ab\u00a0On me disait que j&rsquo;\u00e9tais hypocondriaque\u00a0\u00bb : une vingtaine de m\u00e9decins ont ignor\u00e9 ses sympt\u00f4mes, elle souffrait en r\u00e9alit\u00e9 d&rsquo;un cancer de stade quatre<\/a><\/p>\n<p>D&rsquo;apr\u00e8s les chiffres relay\u00e9s par<a data-i13n=\"cpos:4;pos:1\" href=\"https:\/\/www.univ-angers.fr\/fr\/recherche\/actualites\/actus-2024\/glioblastome.html#:~:text=Chaque%20ann%C3%A9e%2C%20quelque%203%20500,la%20r%C3%A9cidive%20est%20la%20r%C3%A8gle.\" rel=\"nofollow noopener\" target=\"_blank\" data-ylk=\"slk:l&#039;Universit\u00e9 d&#039;Angers;cpos:4;pos:1;elm:context_link;itc:0;sec:content-canvas\" class=\"link \"> l&rsquo;Universit\u00e9 d&rsquo;Angers<\/a>, quelque 3 500 nouveaux cas de glioblastome sont diagnostiqu\u00e9s en France chaque ann\u00e9e. Cette tumeur c\u00e9r\u00e9brale repr\u00e9sente la forme la plus fr\u00e9quente et la plus agressive des tumeurs malignes du cerveau.<\/p>\n","protected":false},"excerpt":{"rendered":"Pendant plusieurs mois, Steve Turnbull sent des odeurs \u00e9tranges sans raison apparente. Lors du nouvel an 2024, il&hellip;\n","protected":false},"author":2,"featured_media":342781,"comment_status":"","ping_status":"","sticky":false,"template":"","format":"standard","meta":{"footnotes":""},"categories":[10],"tags":[47887,1011,27,72,38803,71,47886,40595],"class_list":{"0":"post-342780","1":"post","2":"type-post","3":"status-publish","4":"format-standard","5":"has-post-thumbnail","7":"category-sante","8":"tag-balle-de-tennis-de-table","9":"tag-fr","10":"tag-france","11":"tag-health","12":"tag-odeurs","13":"tag-sante","14":"tag-steve-turnbull","15":"tag-tumeur-cerebrale"},"share_on_mastodon":{"url":"https:\/\/pubeurope.com\/@fr\/115089376831065081","error":""},"_links":{"self":[{"href":"https:\/\/www.europesays.com\/fr\/wp-json\/wp\/v2\/posts\/342780","targetHints":{"allow":["GET"]}}],"collection":[{"href":"https:\/\/www.europesays.com\/fr\/wp-json\/wp\/v2\/posts"}],"about":[{"href":"https:\/\/www.europesays.com\/fr\/wp-json\/wp\/v2\/types\/post"}],"author":[{"embeddable":true,"href":"https:\/\/www.europesays.com\/fr\/wp-json\/wp\/v2\/users\/2"}],"replies":[{"embeddable":true,"href":"https:\/\/www.europesays.com\/fr\/wp-json\/wp\/v2\/comments?post=342780"}],"version-history":[{"count":0,"href":"https:\/\/www.europesays.com\/fr\/wp-json\/wp\/v2\/posts\/342780\/revisions"}],"wp:featuredmedia":[{"embeddable":true,"href":"https:\/\/www.europesays.com\/fr\/wp-json\/wp\/v2\/media\/342781"}],"wp:attachment":[{"href":"https:\/\/www.europesays.com\/fr\/wp-json\/wp\/v2\/media?parent=342780"}],"wp:term":[{"taxonomy":"category","embeddable":true,"href":"https:\/\/www.europesays.com\/fr\/wp-json\/wp\/v2\/categories?post=342780"},{"taxonomy":"post_tag","embeddable":true,"href":"https:\/\/www.europesays.com\/fr\/wp-json\/wp\/v2\/tags?post=342780"}],"curies":[{"name":"wp","href":"https:\/\/api.w.org\/{rel}","templated":true}]}}