{"id":342786,"date":"2025-08-25T12:23:15","date_gmt":"2025-08-25T12:23:15","guid":{"rendered":"https:\/\/www.europesays.com\/fr\/342786\/"},"modified":"2025-08-25T12:23:15","modified_gmt":"2025-08-25T12:23:15","slug":"les-premieres-tesla-model-3-aux-750-km-dautonomie-arrivent-en-europe","status":"publish","type":"post","link":"https:\/\/www.europesays.com\/fr\/342786\/","title":{"rendered":"les premi\u00e8res Tesla Model 3 aux 750 km d\u2019autonomie arrivent en Europe"},"content":{"rendered":"<p>C\u2019est officiel, la Tesla Model 3 a d\u00e9sormais le droit \u00e0 une nouvelle batterie fournie par LG. Affichant une capacit\u00e9 en hausse, elle fait grimper l\u2019autonomie de la voiture \u00e9lectrique \u00e0 750 kilom\u00e8tres WLTP.<\/p>\n<p><a href=\"https:\/\/images.frandroid.com\/wp-content\/uploads\/2024\/04\/tesla-model-3-performances-2024-frandroid-capture-decran-2024-04-23-a-183952.jpg\" target=\"_blank\" class=\"article-content__figure\" rel=\"noopener\"><img fetchpriority=\"high\" decoding=\"async\" loading=\"eager\" width=\"1200\" height=\"769\" src=\"https:\/\/www.europesays.com\/fr\/wp-content\/uploads\/2025\/08\/tesla-model-3-performances-2024-frandroid-capture-decran-2024-04-23-a-183952.jpg\" alt=\"\" class=\"wp-image-2002252 wp-image wp-image\"  \/><\/a><\/p>\n<p><a href=\"https:\/\/www.frandroid.com\/produits\/tesla\" target=\"_blank\" rel=\"noopener\">Tesla <\/a>veut tout faire pour relancer ses ventes, alors que les clients sont nombreux \u00e0 aller voir ailleurs. Et ce en partie<a href=\"https:\/\/www.frandroid.com\/marques\/tesla\/2754115_lattitude-delon-musk-est-elle-responsable-des-baisses-de-ventes-de-tesla-cette-nouvelle-etude-apporte-des-reponses-interessantes\" target=\"_blank\" rel=\"noopener\"> \u00e0 cause du comportement d\u2019Elon Musk<\/a>, mais aussi de la concurrente grandissante. De plus, beaucoup d\u00e9plorent <strong>le manque de nouveaut\u00e9 au sein de la gamme <\/strong>de la firme am\u00e9ricaine.<\/p>\n<p>Une nouvelle batterie performante<\/p>\n<p>Et cette critique, le constructeur semble l\u2019avoir entendu. Depuis quelques mois, ce dernier multiplie les annonces et les nouveaut\u00e9s en tout genre, la plus importante en date \u00e9tant <a href=\"https:\/\/www.frandroid.com\/marques\/tesla\/2763773_voici-la-nouvelle-tesla-model-yl-a-six-places-et-on-connait-son-prix\" target=\"_blank\" rel=\"noopener\">le lancement de la Model Y L. <\/a>Et ce n\u2019est pas encore termin\u00e9, car d\u00e9sormais, Tesla s\u2019attaque \u00e0 la <a href=\"https:\/\/www.frandroid.com\/produits\/voitures\/tesla\/1782731-tesla-model-3-2023\" target=\"_blank\" rel=\"noopener\">Model 3<\/a>. Il y a quelques semaines, nous annoncions que la firme allait<a href=\"https:\/\/www.frandroid.com\/marques\/tesla\/2739367_tesla-prepare-larrivee-dune-nouvelle-batterie-pour-ses-model-3-et-model-y-jusqua-750-km-dautonomie\" target=\"_blank\" rel=\"noopener\"> installer une nouvelle batterie <\/a>sur la berline. Et bien voil\u00e0 que l\u2019on en sait d\u00e9sormais plus \u00e0 ce sujet, par l\u2019interm\u00e9diaire du <a href=\"https:\/\/x.com\/eivissacopter\/status\/1958802435788410921\" target=\"_blank\" rel=\"noreferrer noopener\">compte Eivissa sur X <\/a>(anciennement Twitter).<\/p>\n<p>Ce dernier confirme que la Model 3 va bel et bien s\u2019offrir cette nouvelle batterie, et que <strong>l\u2019Europe sera aussi servie<\/strong>. En effet, les premi\u00e8res informations proviennent d\u2019Allemagne, et \u00e9voquent l\u2019arriv\u00e9e du pack fourni par la firme cor\u00e9enne LG. Ce dernier affiche une capacit\u00e9 comprise <strong>entre 82 et 84 kWh<\/strong>, mais nous avions \u00e9voqu\u00e9 un chiffre de 84,7 kWh plus pr\u00e9cis\u00e9ment dans notre pr\u00e9c\u00e9dent article. C\u2019est 5 kWh de plus par rapport \u00e0 l\u2019actuelle batterie LG E78 qui \u00e9quipe les<strong> Model 3 Grande Autonomie<\/strong> et <strong>Performance<\/strong>.<\/p>\n<blockquote class=\"twitter-tweet\" data-width=\"550\" data-dnt=\"true\">\n<p lang=\"en\" dir=\"ltr\">First sighting of the <a href=\"https:\/\/twitter.com\/hashtag\/LG5M?src=hash&amp;ref_src=twsrc%5Etfw\" target=\"_blank\" rel=\"noopener\">#LG5M<\/a> 82-84kWh pack destined for Germany!!!<br \/>\u25b6\ufe0fModel 3 Highland Long Range RWD<br \/>\u25b6\ufe0fVIN Range 595###<br \/>\u25b6\ufe0fDelivery window 27.08-30.09<a href=\"https:\/\/t.co\/f6zDJYaIcx\">https:\/\/t.co\/f6zDJYaIcx<\/a> <a href=\"https:\/\/t.co\/Ql5iSjK5ZD\">pic.twitter.com\/Ql5iSjK5ZD<\/a><\/p>\n<p>\u2014 eivissa\u26a1\ud83d\udd0b\ud83d\ude81\ud83c\udf31\ud83e\udd18\ud83c\uddea\ud83c\uddfa (@eivissacopter) <a href=\"https:\/\/twitter.com\/eivissacopter\/status\/1958802435788410921?ref_src=twsrc%5Etfw\" target=\"_blank\" rel=\"noopener\">August 22, 2025<\/a><\/p><\/blockquote>\n<p>                Ce contenu est bloqu\u00e9 car vous n\u2019avez pas accept\u00e9 les cookies et autres traceurs. Ce contenu est fourni par Twitter.<br \/>Pour pouvoir le visualiser, vous devez accepter l\u2019usage \u00e9tant op\u00e9r\u00e9 par Twitter avec vos donn\u00e9es qui pourront \u00eatre utilis\u00e9es pour les finalit\u00e9s suivantes : vous permettre de visualiser et de partager des contenus avec des m\u00e9dias sociaux, favoriser le d\u00e9veloppement et l\u2019am\u00e9lioration des produits d\u2019Humanoid et de ses partenaires, vous afficher des publicit\u00e9s personnalis\u00e9es par rapport \u00e0 votre profil et activit\u00e9, vous d\u00e9finir un profil publicitaire personnalis\u00e9, mesurer la performance des publicit\u00e9s et du contenu de ce site et mesurer l\u2019audience de ce site <a href=\"#\" class=\"js-privacy\" target=\"_blank\">(en savoir plus)<\/a>            <\/p>\n<p>                En cliquant sur \u00ab J\u2019accepte tout \u00bb, vous consentez aux finalit\u00e9s susmentionn\u00e9es pour l\u2019ensemble des cookies et autres traceurs d\u00e9pos\u00e9s par Humanoid et <a class=\"embed-consent-overlay-vendors-link\" href=\"#preferences-vendeurs\">ses partenaires<\/a>.            <\/p>\n<p>                Vous gardez la possibilit\u00e9 de retirer votre consentement \u00e0 tout moment. Pour plus d\u2019informations, nous vous invitons \u00e0 prendre connaissance de notre <a href=\"https:\/\/www.frandroid.com\/politique-cookies\" target=\"_blank\" rel=\"noopener\">Politique cookies<\/a>.            <\/p>\n<p>            J\u2019accepte tout        <\/p>\n<p class=\"embed-consent-overlay-manage-choices\">            <a href=\"#preferences-publicitaires\">G\u00e9rer mes choix<\/a>        <\/p>\n<p>Il s\u2019agit l\u00e0 encore d\u2019une chimie <a href=\"https:\/\/www.frandroid.com\/survoltes\/voitures-electriques\/1568421_voitures-electriques-voici-les-differentes-technologies-de-batteries-sodium-solides-lfp-nmc-nca-et-leurs-avantages\" target=\"_blank\" rel=\"noopener\">NMC (nickel \u2013 mangan\u00e8se \u2013 cobalt)<\/a>, qui poss\u00e8de l\u2019avantage d\u2019offrir une plus grande densit\u00e9 \u00e9nerg\u00e9tique par rapport au<strong> LFP (lithium \u2013 fer \u2013 phosphate)<\/strong>. L\u2019autonomie est plus \u00e9lev\u00e9e, sans avoir besoin de faire grimper la taille de l\u2019accumulateur. R\u00e9sultat, la nouvelle technologie de LG affiche un poids en baisse de 8 kilos par rapport \u00e0 la g\u00e9n\u00e9ration pr\u00e9c\u00e9dente, soit <strong>un total de 448 contre 456 kilos<\/strong>. Mais ce qui nous int\u00e9resse surtout, c\u2019est que tout cela profite \u00e0 l\u2019autonomie, notamment gr\u00e2ce \u00e0 la consommation en baisse.<\/p>\n<p>D\u00e9sormais, la Tesla Model 3 Grande Autonomie va <strong>atteindre les 750 kilom\u00e8tres <\/strong>selon le<a href=\"https:\/\/www.frandroid.com\/comment-faire\/652748_wltp-nedc-epa-comment-mesure-t-on-lautonomie-des-voitures-electriques\" target=\"_blank\" rel=\"noopener\"> cycle WLTP<\/a>. Une nette hausse de l\u2019ordre de 6,8\u00a0%, puisqu\u2019actuellement, cette d\u00e9clinaison se limite \u00e0 702 kilom\u00e8tres. Ce qui est d\u00e9j\u00e0 tr\u00e8s bien, surtout en comparaison avec la version d\u2019entr\u00e9e de gamme, qui peut <strong>parcourir 554 kilom\u00e8tres WLTP<\/strong>. Et bonne nouvelle, il ne faudra pas patienter trop longtemps avant de b\u00e9n\u00e9ficier de cette am\u00e9lioration. Car les premi\u00e8res voitures, en arrivage de Chine (o\u00f9 elles sont produites), devraient \u00eatre livr\u00e9es<strong> entre le 27 ao\u00fbt et le 30 septembre prochain<\/strong>.<\/p>\n<p>Une \u00e9volution pour la version Performance<\/p>\n<p>Il faut savoir que cette autonomie en nette hausse concerne l<strong>a version dot\u00e9e de jantes de 18 pouces<\/strong>. Comme nous l\u2019avions expliqu\u00e9 pr\u00e9c\u00e9demment, la variante Transmission Int\u00e9grale devrait aussi avoir le droit \u00e0 une petite augmentation d\u2019<strong>environ 30 kilom\u00e8tres<\/strong>, pour passer \u00e0 660 kilom\u00e8tres au total. Mais ce n\u2019est pas tout, car la Tesla Model 3 Performance va aussi \u00e9voluer. Elle aura \u00e9galement le droit \u00e0 la nouvelle batterie de LG. Son autonomie grimpera de 8\u00a0% environ, pour passer <strong>de 528 \u00e0 571 kilom\u00e8tres WLTP<\/strong>.<\/p>\n<p>Nous avions \u00e9galement \u00e9voqu\u00e9 des \u00e9volutions similaires pour la <strong>Tesla Model Y<\/strong>, qui devrait avoir le droit \u00e0 cette<strong> nouvelle batterie NMC<\/strong>. Le SUV pourrait d\u00e9passer la barre des 600 kilom\u00e8tres WLTP dans sa version Grande Autonomie, avec ses jantes de 20 pouces. Il gagnerait alors une trentaine de kilom\u00e8tres comme nous l\u2019avions expliqu\u00e9 dans un pr\u00e9c\u00e9dent article. L\u2019arriv\u00e9e de cette nouvelle batterie serait<strong> pr\u00e9vue pour le mois d\u2019octobre 2025<\/strong>, mais cela reste encore \u00e0 confirmer. A noter que cette derni\u00e8re conserve une architecture 400 volts et fait l\u2019impasse sur le<a href=\"https:\/\/www.frandroid.com\/survoltes\/voitures-electriques\/1537354_pourquoi-les-voitures-electriques-800-volts-vont-ringardiser-les-modeles-actuels\" target=\"_blank\" rel=\"noopener\"> 800 volts<\/a>.<\/p>\n<p><a href=\"https:\/\/images.frandroid.com\/wp-content\/uploads\/2024\/09\/img-0478.jpg\" target=\"_blank\" class=\"article-content__figure\" rel=\"noopener\"><img loading=\"lazy\" decoding=\"async\" width=\"1200\" height=\"800\" src=\"https:\/\/www.europesays.com\/fr\/wp-content\/uploads\/2025\/08\/img-0478-1200x800.jpg\" alt=\"\" class=\"wp-image-2324512 wp-image\"  \/><\/a>Tesla Model 3 Performance \/\/ Source : Jean-Baptiste Passieux \u2013 Frandroid<\/p>\n<p>La vitesse de charge devrait rester identique, tout comme le prix, qui est <strong>actuellement affich\u00e9 \u00e0 44 990 euros<\/strong> pour la Model 3 Grande Autonomie Propulsion. A noter que la version d\u2019entr\u00e9e de gamme a le droit \u00e0 <a href=\"https:\/\/www.frandroid.com\/marques\/tesla\/2399040_bientot-plus-dautonomie-pour-la-moins-chere-des-tesla-model-3-avec-cette-nouvelle-batterie\" target=\"_blank\" rel=\"noopener\">un pack LFP, qui devrait lui aussi bient\u00f4t \u00e9voluer<\/a>. Fournie par CATL, cette batterie affichera une capacit\u00e9 en hausse et am\u00e9liorera l\u2019autonomie. Cette derni\u00e8re passera \u00e0 <strong>520 kilom\u00e8tres avec les jantes de 20 pouces<\/strong>, tandis qu\u2019elle atteint actuellement 554 kilom\u00e8tres avec la monte de 19 pouces.<\/p>\n<p>            <script async src=\"https:\/\/platform.twitter.com\/widgets.js\" charset=\"utf-8\"><\/script><\/p>\n","protected":false},"excerpt":{"rendered":"C\u2019est officiel, la Tesla Model 3 a d\u00e9sormais le droit \u00e0 une nouvelle batterie fournie par LG. Affichant&hellip;\n","protected":false},"author":2,"featured_media":342787,"comment_status":"","ping_status":"","sticky":false,"template":"","format":"standard","meta":{"footnotes":""},"categories":[7],"tags":[27198,47888,1011,27,43,40,41,39,25857,42,44,44510],"class_list":{"0":"post-342786","1":"post","2":"type-post","3":"status-publish","4":"format-standard","5":"has-post-thumbnail","7":"category-sciences-et-technologies","8":"tag-batterie-lithium-ion","9":"tag-berline-electrique","10":"tag-fr","11":"tag-france","12":"tag-science","13":"tag-science-and-technology","14":"tag-sciences","15":"tag-sciences-et-technologies","16":"tag-suv-electrique","17":"tag-technologies","18":"tag-technology","19":"tag-tesla-model-3-2024"},"share_on_mastodon":{"url":"https:\/\/pubeurope.com\/@fr\/115089388924053152","error":""},"_links":{"self":[{"href":"https:\/\/www.europesays.com\/fr\/wp-json\/wp\/v2\/posts\/342786","targetHints":{"allow":["GET"]}}],"collection":[{"href":"https:\/\/www.europesays.com\/fr\/wp-json\/wp\/v2\/posts"}],"about":[{"href":"https:\/\/www.europesays.com\/fr\/wp-json\/wp\/v2\/types\/post"}],"author":[{"embeddable":true,"href":"https:\/\/www.europesays.com\/fr\/wp-json\/wp\/v2\/users\/2"}],"replies":[{"embeddable":true,"href":"https:\/\/www.europesays.com\/fr\/wp-json\/wp\/v2\/comments?post=342786"}],"version-history":[{"count":0,"href":"https:\/\/www.europesays.com\/fr\/wp-json\/wp\/v2\/posts\/342786\/revisions"}],"wp:featuredmedia":[{"embeddable":true,"href":"https:\/\/www.europesays.com\/fr\/wp-json\/wp\/v2\/media\/342787"}],"wp:attachment":[{"href":"https:\/\/www.europesays.com\/fr\/wp-json\/wp\/v2\/media?parent=342786"}],"wp:term":[{"taxonomy":"category","embeddable":true,"href":"https:\/\/www.europesays.com\/fr\/wp-json\/wp\/v2\/categories?post=342786"},{"taxonomy":"post_tag","embeddable":true,"href":"https:\/\/www.europesays.com\/fr\/wp-json\/wp\/v2\/tags?post=342786"}],"curies":[{"name":"wp","href":"https:\/\/api.w.org\/{rel}","templated":true}]}}