{"id":342790,"date":"2025-08-25T12:25:13","date_gmt":"2025-08-25T12:25:13","guid":{"rendered":"https:\/\/www.europesays.com\/fr\/342790\/"},"modified":"2025-08-25T12:25:13","modified_gmt":"2025-08-25T12:25:13","slug":"elle-a-echoue-a-un-test-de-competence-parentale-une-jeune-maman-de-18-ans-se-voit-retirer-son-bebe-une-heure-seulement-apres-laccouchement","status":"publish","type":"post","link":"https:\/\/www.europesays.com\/fr\/342790\/","title":{"rendered":"Elle a \u00e9chou\u00e9 \u00e0 un \u00ab\u00a0test de comp\u00e9tence parentale\u00a0\u00bb\u00a0: une jeune maman de 18 ans se voit retirer son b\u00e9b\u00e9 une heure seulement apr\u00e8s l\u2019accouchement"},"content":{"rendered":"<p>\n                                                                Depuis, la m\u00e8re n\u2019a pu voir sa fille qu\u2019une seule fois, sous surveillance, sans \u00eatre autoris\u00e9e \u00e0 s\u2019en occuper.\n                            <\/p>\n<p>Ivana Nikoline Br\u00f8nlund, 18 ans, est n\u00e9e \u00e0 Nuuk, la capitale du Groenland, de parents groenlandais. Ancienne joueuse de l\u2019\u00e9quipe nationale de handball, elle a donn\u00e9 naissance le 11\u00a0ao\u00fbt dernier \u00e0 une petite fille.<\/p>\n<p>L\u2019enfant, pr\u00e9nomm\u00e9e Aviaja-Luuna, a \u00e9t\u00e9 plac\u00e9e en famille d\u2019accueil par la municipalit\u00e9 danoise de H\u00f8je-Taastrup, pr\u00e8s de\u00a0Copenhague, \u00e0 peine une heure apr\u00e8s l\u2019accouchement. Depuis, la jeune maman n\u2019a pu voir sa petite qu\u2019une seule fois, sous surveillance, sans \u00eatre autoris\u00e9e \u00e0 s\u2019en occuper, rapporte le journal britannique<a href=\"https:\/\/www.theguardian.com\/world\/2025\/aug\/23\/protests-as-newborn-removed-from-greenlandic-mother-after-parenting-competence-tests\" target=\"_self\" rel=\"nofollow noopener\"> The Guardian.<\/a><\/p>\n<p>La d\u00e9cision a \u00e9t\u00e9 prise par les autorit\u00e9s danoises \u00e0 la suite\u00a0d\u2019un \u00ab\u00a0test de comp\u00e9tence parentale\u00a0\u00bb. Il s\u2019agit d\u2019un test psychologique visant \u00e0 d\u00e9terminer si une personne est apte \u00e0 assumer le r\u00f4le de parent. En mai, l\u2019utilisation de ces tests pour les familles d\u2019origine groenlandaise a \u00e9t\u00e9 officiellement interdite.<\/p>\n<p>Victime d\u2019abus sexuels durant son enfance<\/p>\n<p>Selon les autorit\u00e9s, le nouveau-n\u00e9 a \u00e9t\u00e9 retir\u00e9 \u00e0 sa m\u00e8re en raison du traumatisme qu\u2019Ivana Nikoline Br\u00f8nlund porte encore, cons\u00e9quence des abus sexuels inflig\u00e9s par son p\u00e8re adoptif, aujourd\u2019hui incarc\u00e9r\u00e9.<\/p>\n<blockquote data-instgrm-captioned=\"\" data-instgrm-permalink=\"https:\/\/www.instagram.com\/p\/DNGoLUPo9pE\/?utm_source=ig_embed&amp;utm_campaign=loading\" data-instgrm-version=\"14\" style=\" background:#FFF; border:0; border-radius:3px; box-shadow:0 0 1px 0 rgba(0,0,0,0.5),0 1px 10px 0 rgba(0,0,0,0.15); margin: 1px; max-width:540px; min-width:326px; padding:0; width:99.375%; width:-webkit-calc(100% - 2px); width:calc(100% - 2px);\" data-class=\"instagram-media\"\/>\n<p>La municipalit\u00e9 a en outre estim\u00e9 que la jeune maman n\u2019\u00e9tait \u00ab\u00a0pas assez groenlandaise\u00a0\u00bb pour b\u00e9n\u00e9ficier de la protection de la nouvelle loi, et ce malgr\u00e9 ses origines et son lieu de naissance. Les tests avaient \u00e9t\u00e9 r\u00e9alis\u00e9s en avril, alors que la loi avait d\u00e9j\u00e0 \u00e9t\u00e9 annonc\u00e9e en janvier.<\/p>\n<p>\u00ab\u00a0Je suis an\u00e9antie, je ne sais pas ce que je vais faire sans elle\u00a0\u00bb<\/p>\n<p>Pour l\u2019heure, Ivana Nikoline Br\u00f8nlund n\u2019est autoris\u00e9e \u00e0 voir sa fille que deux heures, une fois toutes les deux semaines, et toujours sous surveillance. La rencontre avec sa petite, qui avait lieu en d\u00e9but de semaine, a \u00e9t\u00e9 interrompue pr\u00e9matur\u00e9ment. \u00ab\u00a0On a dit que le b\u00e9b\u00e9 \u00e9tait soi-disant trop fatigu\u00e9 et surexpos\u00e9 aux stimulations. Mon c\u0153ur s\u2019est bris\u00e9 quand l\u2019\u00e9ducateur a mis fin \u00e0 la visite. J\u2019ai d\u00fb partir tr\u00e8s vite. Sur le chemin du retour, j\u2019ai pleur\u00e9 toutes les larmes de mon corps. Je suis an\u00e9antie. Je ne sais pas ce que je vais faire sans elle\u00a0\u00bb, a-t-elle confi\u00e9 dans les colonnes du Guardian.<\/p>\n<p>\u00ab\u00a0Je ne voulais pas accoucher, car je savais ce qui allait se passer ensuite. Elle devait rester dans mon ventre\u00a0: c\u2019\u00e9tait la seule fa\u00e7on de pouvoir \u00eatre proche d\u2019elle\u00a0\u00bb.<\/p>\n<blockquote data-instgrm-captioned=\"\" data-instgrm-permalink=\"https:\/\/www.instagram.com\/p\/DNTHdVQIu2n\/?utm_source=ig_embed&amp;utm_campaign=loading\" data-instgrm-version=\"14\" style=\" background:#FFF; border:0; border-radius:3px; box-shadow:0 0 1px 0 rgba(0,0,0,0.5),0 1px 10px 0 rgba(0,0,0,0.15); margin: 1px; max-width:540px; min-width:326px; padding:0; width:99.375%; width:-webkit-calc(100% - 2px); width:calc(100% - 2px);\" data-class=\"instagram-media\"\/>\n<p>Son recours contre le placement de son b\u00e9b\u00e9 doit \u00eatre examin\u00e9 le 16\u00a0septembre prochain. La municipalit\u00e9 de H\u00f8je-Taastrup a refus\u00e9 de commenter le fond de l\u2019affaire, mais a reconnu des erreurs dans la proc\u00e9dure. Elle affirme d\u00e9sormais collaborer plus \u00e9troitement avec VISO, un organisme danois sp\u00e9cialis\u00e9 qui doit remplacer les tests interdits.<\/p>\n<p>                                                                                                                                                                                                        <script async src=\"\/\/www.instagram.com\/embed.js\"><\/script><\/p>\n","protected":false},"excerpt":{"rendered":"Depuis, la m\u00e8re n\u2019a pu voir sa fille qu\u2019une seule fois, sous surveillance, sans \u00eatre autoris\u00e9e \u00e0 s\u2019en&hellip;\n","protected":false},"author":2,"featured_media":342791,"comment_status":"","ping_status":"","sticky":false,"template":"","format":"standard","meta":{"footnotes":""},"categories":[5],"tags":[11,1011,27,14,12,28],"class_list":{"0":"post-342790","1":"post","2":"type-post","3":"status-publish","4":"format-standard","5":"has-post-thumbnail","7":"category-international","8":"tag-actualites","9":"tag-fr","10":"tag-france","11":"tag-international","12":"tag-news","13":"tag-world"},"share_on_mastodon":{"url":"https:\/\/pubeurope.com\/@fr\/115089396522106725","error":""},"_links":{"self":[{"href":"https:\/\/www.europesays.com\/fr\/wp-json\/wp\/v2\/posts\/342790","targetHints":{"allow":["GET"]}}],"collection":[{"href":"https:\/\/www.europesays.com\/fr\/wp-json\/wp\/v2\/posts"}],"about":[{"href":"https:\/\/www.europesays.com\/fr\/wp-json\/wp\/v2\/types\/post"}],"author":[{"embeddable":true,"href":"https:\/\/www.europesays.com\/fr\/wp-json\/wp\/v2\/users\/2"}],"replies":[{"embeddable":true,"href":"https:\/\/www.europesays.com\/fr\/wp-json\/wp\/v2\/comments?post=342790"}],"version-history":[{"count":0,"href":"https:\/\/www.europesays.com\/fr\/wp-json\/wp\/v2\/posts\/342790\/revisions"}],"wp:featuredmedia":[{"embeddable":true,"href":"https:\/\/www.europesays.com\/fr\/wp-json\/wp\/v2\/media\/342791"}],"wp:attachment":[{"href":"https:\/\/www.europesays.com\/fr\/wp-json\/wp\/v2\/media?parent=342790"}],"wp:term":[{"taxonomy":"category","embeddable":true,"href":"https:\/\/www.europesays.com\/fr\/wp-json\/wp\/v2\/categories?post=342790"},{"taxonomy":"post_tag","embeddable":true,"href":"https:\/\/www.europesays.com\/fr\/wp-json\/wp\/v2\/tags?post=342790"}],"curies":[{"name":"wp","href":"https:\/\/api.w.org\/{rel}","templated":true}]}}