{"id":342792,"date":"2025-08-25T12:26:11","date_gmt":"2025-08-25T12:26:11","guid":{"rendered":"https:\/\/www.europesays.com\/fr\/342792\/"},"modified":"2025-08-25T12:26:11","modified_gmt":"2025-08-25T12:26:11","slug":"comment-les-ecologistes-planchent-sur-la-riposte-contre-lextreme-droite-liberation","status":"publish","type":"post","link":"https:\/\/www.europesays.com\/fr\/342792\/","title":{"rendered":"comment les Ecologistes planchent sur la riposte contre l\u2019extr\u00eame droite \u2013 Lib\u00e9ration"},"content":{"rendered":"<p class=\"sc-ksZaOG ehjQrN text-element\">\u00abLa bonne nouvelle, c\u2019est qu\u2019ils sont loin d\u2019\u00eatre tous tr\u00e8s malins.\u00bb Sous la tonnelle de la F\u00e9d\u00e9ration des \u00e9lus verts et \u00e9cologistes, le public se marre. Tee-shirt bariol\u00e9 et cheveux argent\u00e9s, la conseill\u00e8re r\u00e9gionale de Nouvelle-Aquitaine Emilie Sarrazin fait de l\u2019humour pour all\u00e9ger l\u2019atmosph\u00e8re alourdie par le th\u00e8me de l\u2019atelier : \u00abExtr\u00eame droite, les \u00e9lus \u00e9colos contre-attaquent.\u00bb La responsable girondine estime que le Rassemblement national utilise les conseils r\u00e9gionaux comme \u00abpouponni\u00e8re\u00bb, pour former et donner de la visibilit\u00e9 \u00e0 des personnalit\u00e9s qui deviendront ensuite des cadres du parti ou des candidats investis aux l\u00e9gislatives. Par exemple en filmant leurs interventions en s\u00e9ance pl\u00e9ni\u00e8re. Ou en adoptant des rh\u00e9toriques similaires, d\u2019un territoire \u00e0 l\u2019autre \u2013 pas toujours de fa\u00e7on tout \u00e0 fait pertinente.<\/p>\n","protected":false},"excerpt":{"rendered":"\u00abLa bonne nouvelle, c\u2019est qu\u2019ils sont loin d\u2019\u00eatre tous tr\u00e8s malins.\u00bb Sous la tonnelle de la F\u00e9d\u00e9ration des&hellip;\n","protected":false},"author":2,"featured_media":342793,"comment_status":"","ping_status":"","sticky":false,"template":"","format":"standard","meta":{"footnotes":""},"categories":[4],"tags":[11,2286,3079,1076,1011,27,12,25],"class_list":{"0":"post-342792","1":"post","2":"type-post","3":"status-publish","4":"format-standard","5":"has-post-thumbnail","7":"category-france","8":"tag-actualites","9":"tag-eelv","10":"tag-election-presidentielle-2027","11":"tag-extreme-droite","12":"tag-fr","13":"tag-france","14":"tag-news","15":"tag-republique-francaise"},"share_on_mastodon":{"url":"https:\/\/pubeurope.com\/@fr\/115089400393432235","error":""},"_links":{"self":[{"href":"https:\/\/www.europesays.com\/fr\/wp-json\/wp\/v2\/posts\/342792","targetHints":{"allow":["GET"]}}],"collection":[{"href":"https:\/\/www.europesays.com\/fr\/wp-json\/wp\/v2\/posts"}],"about":[{"href":"https:\/\/www.europesays.com\/fr\/wp-json\/wp\/v2\/types\/post"}],"author":[{"embeddable":true,"href":"https:\/\/www.europesays.com\/fr\/wp-json\/wp\/v2\/users\/2"}],"replies":[{"embeddable":true,"href":"https:\/\/www.europesays.com\/fr\/wp-json\/wp\/v2\/comments?post=342792"}],"version-history":[{"count":0,"href":"https:\/\/www.europesays.com\/fr\/wp-json\/wp\/v2\/posts\/342792\/revisions"}],"wp:featuredmedia":[{"embeddable":true,"href":"https:\/\/www.europesays.com\/fr\/wp-json\/wp\/v2\/media\/342793"}],"wp:attachment":[{"href":"https:\/\/www.europesays.com\/fr\/wp-json\/wp\/v2\/media?parent=342792"}],"wp:term":[{"taxonomy":"category","embeddable":true,"href":"https:\/\/www.europesays.com\/fr\/wp-json\/wp\/v2\/categories?post=342792"},{"taxonomy":"post_tag","embeddable":true,"href":"https:\/\/www.europesays.com\/fr\/wp-json\/wp\/v2\/tags?post=342792"}],"curies":[{"name":"wp","href":"https:\/\/api.w.org\/{rel}","templated":true}]}}